{"id":10010,"date":"2011-08-31T23:35:33","date_gmt":"2011-09-01T03:35:33","guid":{"rendered":"http:\/\/retrolab.ca\/elpopular\/?p=10010"},"modified":"2011-08-31T23:35:33","modified_gmt":"2011-09-01T03:35:33","slug":"venecia-enamorada-de-george-clooney","status":"publish","type":"post","link":"https:\/\/diarioelpopular.com\/index.php\/2011\/08\/31\/venecia-enamorada-de-george-clooney\/","title":{"rendered":"Venecia, enamorada de George Clooney"},"content":{"rendered":"<div id=\"attachment_10011\" style=\"width: 710px\" class=\"wp-caption aligncenter\"><a href=\"http:\/\/retrolab.ca\/elpopular\/wp-content\/uploads\/2011\/09\/George-Clooney-en-el-Festival-de-Venecia.jpg\"><img loading=\"lazy\" decoding=\"async\" aria-describedby=\"caption-attachment-10011\" class=\"size-full wp-image-10011\" title=\"George Clooney, en el Festival de Venecia\" src=\"http:\/\/retrolab.ca\/elpopular\/wp-content\/uploads\/2011\/09\/George-Clooney-en-el-Festival-de-Venecia.jpg\" alt=\"\" width=\"700\" height=\"420\" \/><\/a><p id=\"caption-attachment-10011\" class=\"wp-caption-text\">El actor y director estadounidense George Clooney se ajusta la corbata en la alfombra roja, antes del estreno de la pel\u00edcula dirigida por \u00e9l, &#039;Los Idus de marzo&#039;, en el Festival de Cine de Venecia. Foto: Claudio Onorati \/ Efe<\/p><\/div>\n<p><em><strong>Alicia Garc\u00eda de Francisco. Venecia (Italia).-<\/strong><\/em> George\u00a0Clooney\u00a0es una estrella y lo sabe. S\u00f3lo necesita aparecer para que todos caigan rendidos a sus pies y eso es lo que pas\u00f3 este mi\u00e9rcoles en Venecia, donde abri\u00f3 la Mostra con &#8220;The Ides of March&#8221; (Los Idus de marzo), un filme pol\u00edtico y amoral en el que destaca su gran plantel de actores pero al que le falta un poco de emoci\u00f3n.<\/p>\n<p>Vestido con traje gris y las gafas de sol asomando por el bolsillo de su americana,\u00a0Clooney\u00a0lleg\u00f3 entre aplausos, conquist\u00f3 con poco esfuerzo a una sala de prensa repleta y se fue en loor de multitudes acompa\u00f1ado por un excelente grupo de actores que hicieron de meros comparsas.<\/p>\n<p>Philip Seymour Hoffman, Paul Giamatti, Marisa Tomei y Evan Rachel Wood -faltaba s\u00f3lo el protagonista de la pel\u00edcula, Ryan Gosling- arroparon a un\u00a0Clooney\u00a0que se basta y se sobra para venderse a s\u00ed mismo.<\/p>\n<p>As\u00ed que no faltaron las bromas, los comentarios ir\u00f3nicos -&#8220;me gusta dirigirme a m\u00ed mismo y decir: &#8216;buena toma George'&#8221;- y las preguntas comprometidas de las que salir airoso: &#8220;no voy a dar consejos a Dominique Strauss-Kahn (ex director del Fondo Monetario Internacional) en nada. Cada pa\u00eds tiene esc\u00e1ndalos sexuales y mi trabajo no es aconsejar a nadie&#8221;.<\/p>\n<p>Todo ello, en este caso, para promocionar su cuarto trabajo como director, &#8220;The Ides of March&#8221;, una historia ambientada en una campa\u00f1a presidencial estadounidense pero que en opini\u00f3n de\u00a0Clooney\u00a0poco tiene de pol\u00edtica y s\u00ed mucho de moralidad o de la falta de ella y con la que compite en Venecia por el Le\u00f3n de Oro.<\/p>\n<p>&#8220;No creo que sea un filme pol\u00edtico, se podr\u00eda situar en Wall Street o en cualquier otro sitio. Es m\u00e1s una cuesti\u00f3n de moralidad&#8221;, explic\u00f3 el actor y director, que subray\u00f3 su gusto por las pel\u00edculas en las que los personajes tienen cosas que decir.<\/p>\n<p>&#8220;He pasado a\u00f1os interpretando a Danny Ocean en Las Vegas, jugando y divirti\u00e9ndome y ahora he aprendido&#8221;, dijo sonriente.<\/p>\n<p>Y en ese aprendizaje prefiere pel\u00edculas con m\u00e1s trasfondo y m\u00e1s personales. &#8220;Si quieres pasar cuatro o cinco a\u00f1os haciendo una pel\u00edcula, es personal&#8221;.<\/p>\n<p>Aunque no tanto como para que \u00e9l, personalmente, est\u00e9 interesado en entrar en ese mundo pol\u00edtico en el que se mueve &#8220;The Ides of March&#8221;.<\/p>\n<p>La pol\u00edtica &#8220;es seductora porque hay mucha gente con mucho dinero y poder que lo usa todo el tiempo&#8221;, pero ahora &#8220;hay un tipo en la Casa Blanca bueno e inteligente y es casi imposible para \u00e9l gobernar. Yo tengo un buen trabajo, \u00bfqui\u00e9n querr\u00eda el suyo?&#8221;.<\/p>\n<p>Y ante la repetici\u00f3n de preguntas sobre su inter\u00e9s en la pol\u00edtica,\u00a0Clooney\u00a0ahond\u00f3 en la cuesti\u00f3n: &#8220;Yo no tomo decisiones de vida o muerte. (&#8230;) Cada d\u00eda llegas a miles de compromisos pero no tengo que tomar decisiones que afecten directamente la vida de las personas. No tengo ning\u00fan inter\u00e9s en ser ese tipo de persona, me gusta hacer pel\u00edculas&#8221;.<\/p>\n<p>Pero s\u00ed que se interesa por la pol\u00edtica y asegura que no le gusta el momento actual, en el que domina tanto cinismo como en su pel\u00edcula. &#8220;Es temporal, lo solucionaremos, soy un optimista. Ahora no hay idealismo, pero espero que vaya a cambiar, pronto&#8221;.<\/p>\n<p>Una situaci\u00f3n que sin embargo s\u00ed ha sido la ideal para poner en marcha un proyecto que en un principio iba a ser rodado en 2007.<\/p>\n<p>Entonces el presidente Barack Obama fue elegido y &#8220;todo el mundo estaba tan contenta y esta pel\u00edcula es tan c\u00ednica, que nos dimos cuenta de que no era el momento&#8221;, explic\u00f3\u00a0Clooney.<\/p>\n<p>Ahora s\u00ed lo es y\u00a0Clooney\u00a0ha presentado en Venecia una historia de pol\u00edtica, de ambici\u00f3n, de poder y de favores. Nada nuevo en la historia del mundo, algo que ha estado pasando desde Julio C\u00e9sar.<\/p>\n<p>&#8220;Repetimos esas cosas y esa es nuestra definici\u00f3n de locura&#8221;, afirm\u00f3\u00a0Clooney, que explic\u00f3 que por eso eligieron como t\u00edtulo &#8220;The Ides of March&#8221; porque hay mucho de shakespeareano, de Julio C\u00e9sar y de traiciones en el filme.<\/p>\n<p>Una pel\u00edcula con la que \u00e9l y Grant Heslov (coautor del gui\u00f3n) han querido plantear m\u00e1s preguntas que respuestas e implicar al espectador en discusiones y debates tras su proyecci\u00f3n.<\/p>\n<p>&#8220;Creo que es positivo provocar discusiones pero no siempre proporcionar las respuestas&#8221;, agreg\u00f3.<\/p>\n<p>Una pel\u00edcula en la que brilla un estupendo plantel de actores, especialmente Ryan Goslin (encargado de prensa del candidato dem\u00f3crata al que interpreta\u00a0Clooney), Philip Seymour Hoffman (su jefe de campa\u00f1a) y Paul Giamatti (responsable del la campa\u00f1a del oponente).<\/p>\n<p>Y que dej\u00f3 un buen sabor de boca entre la prensa que asisti\u00f3 al primer pase de una competici\u00f3n de Venecia que promete buen cine. Ma\u00f1ana le toca el turno a Roman Polanski. Con un problema: es el d\u00eda de Madonna.<\/p>\n","protected":false},"excerpt":{"rendered":"<p>Clooney es una estrella y lo sabe. S\u00f3lo necesita aparecer para que todos caigan rendidos a sus pies y eso es lo que pas\u00f3 este mi\u00e9rcoles en Venecia, donde abri\u00f3 la Mostra con &#8220;The Ides of March&#8221;, un filme pol\u00edtico y amoral en el que destaca su gran plantel de actores pero al que le falta un poco de emoci\u00f3n.<\/p>\n","protected":false},"author":1,"featured_media":10011,"comment_status":"closed","ping_status":"open","sticky":false,"template":"","format":"standard","meta":{"footnotes":""},"categories":[80],"tags":[2379,7521,7522,7523],"class_list":["post-10010","post","type-post","status-publish","format-standard","has-post-thumbnail","hentry","category-cine-2","tag-george-clooney","tag-los-idus-de-marzo","tag-the-ides-of-march","tag-venecia"],"_links":{"self":[{"href":"https:\/\/diarioelpopular.com\/index.php\/wp-json\/wp\/v2\/posts\/10010","targetHints":{"allow":["GET"]}}],"collection":[{"href":"https:\/\/diarioelpopular.com\/index.php\/wp-json\/wp\/v2\/posts"}],"about":[{"href":"https:\/\/diarioelpopular.com\/index.php\/wp-json\/wp\/v2\/types\/post"}],"author":[{"embeddable":true,"href":"https:\/\/diarioelpopular.com\/index.php\/wp-json\/wp\/v2\/users\/1"}],"replies":[{"embeddable":true,"href":"https:\/\/diarioelpopular.com\/index.php\/wp-json\/wp\/v2\/comments?post=10010"}],"version-history":[{"count":0,"href":"https:\/\/diarioelpopular.com\/index.php\/wp-json\/wp\/v2\/posts\/10010\/revisions"}],"wp:featuredmedia":[{"embeddable":true,"href":"https:\/\/diarioelpopular.com\/index.php\/wp-json\/"}],"wp:attachment":[{"href":"https:\/\/diarioelpopular.com\/index.php\/wp-json\/wp\/v2\/media?parent=10010"}],"wp:term":[{"taxonomy":"category","embeddable":true,"href":"https:\/\/diarioelpopular.com\/index.php\/wp-json\/wp\/v2\/categories?post=10010"},{"taxonomy":"post_tag","embeddable":true,"href":"https:\/\/diarioelpopular.com\/index.php\/wp-json\/wp\/v2\/tags?post=10010"}],"curies":[{"name":"wp","href":"https:\/\/api.w.org\/{rel}","templated":true}]}}