{"id":10202,"date":"2011-09-02T14:56:07","date_gmt":"2011-09-02T18:56:07","guid":{"rendered":"http:\/\/retrolab.ca\/elpopular\/?p=10202"},"modified":"2011-09-02T14:56:07","modified_gmt":"2011-09-02T18:56:07","slug":"notas-de-farandula-12","status":"publish","type":"post","link":"https:\/\/diarioelpopular.com\/index.php\/2011\/09\/02\/notas-de-farandula-12\/","title":{"rendered":"Notas de far\u00e1ndula"},"content":{"rendered":"<div id=\"attachment_10203\" style=\"width: 334px\" class=\"wp-caption alignright\"><a href=\"http:\/\/retrolab.ca\/elpopular\/wp-content\/uploads\/2011\/09\/FOTO-1-COLUMNA.jpg\"><img loading=\"lazy\" decoding=\"async\" aria-describedby=\"caption-attachment-10203\" class=\"size-full wp-image-10203   \" title=\"Esmeralda Enrique\" src=\"http:\/\/retrolab.ca\/elpopular\/wp-content\/uploads\/2011\/09\/FOTO-1-COLUMNA.jpg\" alt=\"\" width=\"324\" height=\"486\" \/><\/a><p id=\"caption-attachment-10203\" class=\"wp-caption-text\">Esmeralda Enrique y su ballet flamenco, ofrecer\u00e1 nuevas producciones este s\u00e1bado y domingo en el XXX Festival Hispanic Fiesta 2011<\/p><\/div>\n<p>El esperado <strong>Festival Hispanic Fiesta, <\/strong>celebra sus 30 a\u00f1os por todo lo alto con su tradicional programaci\u00f3n de flamenco, folklor, tango, atracciones internacionales, mariachis, orquestas y mucho m\u00e1s, cuando se abra la programaci\u00f3n este viernes 2 a partir de las 7 y 30 de la noche bajo la conducci\u00f3n de <strong>Marcela Urue\u00f1a Aranda, <\/strong>quien por m\u00e1s de dos d\u00e9cadas es la animadora de este evento hispano que cada a\u00f1o se convierte en casi de la despedida de los veranos. Con la coordinaci\u00f3n general de <strong>Fernando Valladares, <\/strong>este festival re\u00fane a miles de hispanos de Toronto, que se sienten orgullosos de sus ra\u00edces, con la presencia de los distintos grupos de nuestra Am\u00e9rica, lo mismo de sabor espa\u00f1ol del flamenco con <strong>Esmeralda Enrique<\/strong> y su ballet. En esta ocasi\u00f3n se contar\u00e1 con dos n\u00fameros internacionales super bailable con <strong>Gabriel Romero, <\/strong>el cumbianbero mayor de Colombia, en la noche estelar de ma\u00f1ana s\u00e1bado y el domingo con <em>Luis Felipe Gonz\u00e1lez, <\/em>y sus grandes \u00e9xitos con la Sirena y Gitana, grandes \u00e9xitos de las d\u00e9cadas del 70 y 80\u2026.<\/p>\n<p>Comienza a calentar las tradicionales ramadas chilenas para celebrar un nuevo aniversario patrio del pa\u00eds austral. La \u201cramada marea roja\u201d con su conocido chef <strong>Andr\u00e9s Zelada, <\/strong>tendr\u00e1 los d\u00edas 16, 17 y 18 de septiembre, tres fechas de alegr\u00eda con bailes y sobretodo con la aut\u00e9ntica comida chilena que se consume tradicionalmente por estas fechas en Chile; si desea comer sabroso y celebrar las fiesta patrias chilenas, deben asistir al Hungarian Hall del 840 St. Clair West\u2026<\/p>\n<p>El cantante canadiense <strong>Justin Bieber,<\/strong> de 17 a\u00f1os, protagoniz\u00f3 el martes un accidente menor en su Ferrari negro sin que se reportara ning\u00fan da\u00f1o, inform\u00f3 la polic\u00eda. El veh\u00edculo de Bieber aparentemente fue golpeado por detr\u00e1s por un Honda Civic en el garage de un edificio en Studio City, un barrio residencial en el norte de Los \u00c1ngeles donde vive. Lo menor del accidente no impidi\u00f3 no obstante que el lugar se inundara de paparazzis. Bieber es la sensaci\u00f3n adolescente del momento y su video <em>Baby ft. Ludacris <\/em>es el m\u00e1s visto de la historia de YouTube (m\u00e1s de 613 millones de clics), aventajando con creces a <strong>Lady Gaga.<\/strong> La mete\u00f3rica carrera del ni\u00f1o consentido del pop comenz\u00f3 cuando su madre colg\u00f3 en YouTube sus videos aficionados cantando canciones de <strong>Usher, Justin Timberlake <\/strong>y<strong> Stevie Wonder. <\/strong>R\u00e1pidamente, los videos suscitaron gran inter\u00e9s y su \u00e1lbum <em>My World 2.0<\/em> (2010) debut\u00f3 en el tope de las listas de \u00e9xitos de Estados Unidos y varios pa\u00edses\u2026<\/p>\n<p>Le &#8220;llueve sobre mojado&#8221; a <strong>Thal\u00eda,<\/strong> y no estamos hablando de la tormenta &#8220;Irene&#8221;, sino de una demanda establecida por una empresa de productos farmac\u00e9uticos y cosm\u00e9ticos que acusa a la artista por incumplimiento de contrato. De acuerdo con la compa\u00f1\u00eda, el anuncio del segundo embarazo de Thal\u00eda y la publicaci\u00f3n de fotograf\u00edas de la mexicana en ese estado perjudic\u00f3 la imagen de unas cremas, producto que promueve. Seg\u00fan inform\u00f3 una emisi\u00f3n de radio, el contrato entre la &#8220;Emperatriz de la Belleza&#8221; y dicha empresa era por dos a\u00f1os y no contemplaba un cambio de imagen tan radical de la artista. Cabe recordar que la int\u00e9rprete de <em>Equivocada <\/em>y<em> Fuego cruzado<\/em> todav\u00eda se encuentra algo afectada por el triste fallecimiento de su madre, la se\u00f1ora <strong>Yolanda Miranda\u2026<\/strong><\/p>\n<div id=\"attachment_10206\" style=\"width: 310px\" class=\"wp-caption alignright\"><a href=\"http:\/\/retrolab.ca\/elpopular\/wp-content\/uploads\/2011\/09\/FOTO-2-COLUMNA.jpg\"><img loading=\"lazy\" decoding=\"async\" aria-describedby=\"caption-attachment-10206\" class=\"size-medium wp-image-10206\" title=\" Casa de la Cultura de Betsy Monterrosa\" src=\"http:\/\/retrolab.ca\/elpopular\/wp-content\/uploads\/2011\/09\/FOTO-2-COLUMNA-300x199.jpg\" alt=\"\" width=\"300\" height=\"199\" \/><\/a><p id=\"caption-attachment-10206\" class=\"wp-caption-text\">El grupo de la Casa de la Cultura de Betsy Monterrosa, representar\u00e1 al folklor peruano en el Hispanic Fiesta de este fin de semana en el Mel Lastman<\/p><\/div>\n<p>Seg\u00fan la periodista mexicana <strong>Shanik Berman,<\/strong> la actriz y cantante <strong>Daniela Romo <\/strong>ya se habr\u00eda convertido en madre, pues ella asegura que la estrella adopt\u00f3 a una ni\u00f1a a la que le puso de nombre<strong> Bibi. <\/strong>Seg\u00fan la informaci\u00f3n de Berman, Romo llevaba varios a\u00f1os haciendo tr\u00e1mites para adoptar un ni\u00f1o y poder realizar su sue\u00f1o de ser madre, pero se habr\u00eda demorado m\u00e1s de lo estipulado, en especial porque se trata de una madre soltera ya que, la actriz y cantante no est\u00e1 en pareja y nunca se ha casado en su vida. Aunque Daniela alguna vez habr\u00eda declarado que ella no hab\u00eda nacido para ser madre, parece que los a\u00f1os y las ganas de criar una criatura le ganaron y seg\u00fan Berman ya una ni\u00f1a se encuentra en su hogar esperando recibir todo el amor que una mujer tan querida por todos le puede dar. Hasta el momento ni la actriz, ni su manager,<strong> Tina Galindo, <\/strong>han confirmado o desmentido esta informaci\u00f3n y han preferido no hacer ning\u00fan tipo de declaraciones por ahora\u2026<\/p>\n<p>Hace m\u00e1s de 15 a\u00f1os que <strong>Francisco Gattorno<\/strong> protagoniz\u00f3 al lado de <strong>Daniela Castro <\/strong>y<strong> Juan Soler <\/strong>la telenovela <em>Ca\u00f1averal de Pasiones, <\/em>y este a\u00f1o se prepara para volver a las telenovelas precisamente en el remake de esta historia que ahora estar\u00e1 estelarizada por <strong>Angelique Boyer<\/strong> y llevar\u00e1 por t\u00edtulo <em>A flor de piel&#8230;<\/em> &#8220;Actualmente estoy en la producci\u00f3n de <strong>Angelli Nesma.<\/strong> Van a hacer, digamos, una versi\u00f3n moderna de lo que fue Ca\u00f1averal de pasiones, una novela en la que particip\u00e9 hace muchos a\u00f1os&#8221;, coment\u00f3 en entrevista concedida a Televisa Espect\u00e1culos. As\u00ed que despu\u00e9s de haber realizado una actuaci\u00f3n especial el a\u00f1o pasado en la telenovela <em>Atr\u00e9vete a so\u00f1ar, <\/em>Gattorno comparti\u00f3 lo que significa para \u00e9l participar en esta historia dando vida al malo de la historia&#8230; &#8220;Es un reto como actor, es un villano. Nunca hab\u00eda hecho ning\u00fan villano hasta ahora ac\u00e1 en la empresa&#8221;. Pero aunque Francisco Gattorno dice que desconoce si la elecci\u00f3n de los actores fue casual o planeda, lo que es un hecho es que \u00e9l no ser\u00e1 el \u00fanico actor que particip\u00f3 en la versi\u00f3n anterior de esta historia ya que <strong>Azela Robinson, <\/strong>Juan Soler y <strong>Sebasti\u00e1n Zurita,<\/strong> que en ese entonces era un ni\u00f1o, tambi\u00e9n fueron parte de ese elenco&#8230; &#8220;Como quiera que sea me parece un acierto muy grande de la empresa reunir este elenco nuevamente&#8221;, concluy\u00f3\u2026<\/p>\n<p>El actor <strong>Gabriel Soto<\/strong> se siente contento por el reto que tiene al realizar un villano, el primero en su carrera, en su pr\u00f3xima telenovela, s\u00f3lo adelant\u00f3 que har\u00e1 algo distinto. Revel\u00f3 que ya construye el antag\u00f3nico del melodrama: \u201cPues la verdad no puedo adelantarles mucho, me encantar\u00eda pero no puedo, la verdad es que<strong> Rosy <\/strong>me lo pidi\u00f3 mantenerlo un poco herm\u00e9tico, ya estamos trabajando, ya estamos haciendo lecturas, ya el primer encuentro con el director <strong>Benjam\u00edn Cann<\/strong> para crear el personaje\u201d. Gabriel sabe que estar\u00e1 cerca de su familia aproximadamente por un a\u00f1o: \u201cElla <strong>(Geraldine Baz\u00e1n)<\/strong> se va a Miami al concurso de <em>Mira qui\u00e9n baila, <\/em>y bueno yo estar\u00e9 yendo y viniendo para apoyarla y ver a mi hija\u201d. Gabriel Soto lament\u00f3 que por cuestiones de agenda se haya cancelado la obra de teatro que ten\u00eda con <strong>David Zepeda, <\/strong>compa\u00f1eros de la telenovela <em>Fuerza del destino: <\/em>\u201cNosotros tambi\u00e9n ten\u00edamos mucho inter\u00e9s de hacerla, pero bueno as\u00ed son las cosas, yo no conozco un actor que deje una novela por una obra de teatro, es decir como actores nos conviene mucho m\u00e1s en todos los aspectos, en cuesti\u00f3n de imagen, en cuesti\u00f3n econ\u00f3mica\u201d, finaliz\u00f3\u2026<\/p>\n<div id=\"attachment_10207\" style=\"width: 332px\" class=\"wp-caption alignright\"><a href=\"http:\/\/retrolab.ca\/elpopular\/wp-content\/uploads\/2011\/09\/FOTO-3-COLUMNA.jpg\"><img loading=\"lazy\" decoding=\"async\" aria-describedby=\"caption-attachment-10207\" class=\"size-full wp-image-10207 \" title=\"Luis Felipe Gonz\u00e1lez\" src=\"http:\/\/retrolab.ca\/elpopular\/wp-content\/uploads\/2011\/09\/FOTO-3-COLUMNA.jpg\" alt=\"\" width=\"322\" height=\"480\" \/><\/a><p id=\"caption-attachment-10207\" class=\"wp-caption-text\">Luis Felipe Gonz\u00e1lez los pondr\u00e1 gozar con temas \u201cLa Sirena\u201d y \u201cGitana este domingo a las 8 y 30 de la noche en el Hispanic Fiesta; en cambio ma\u00f1ana s\u00e1bado tendremos a Gabriel Romero y sus cumbias colombianas. La fiesta se abre esta noche con Havana Express del maestro Kiki Mart\u00ednez, luego viene Fantas\u00eda a las 8 y 45 de la noche, y el lunes para cerrar Carlitos Cruz<\/p><\/div>\n<p>Lamentablemente y sin ninguna explicaci\u00f3n, el actor<strong> Jorge Aravena<\/strong> perdi\u00f3 desde hace m\u00e1s de un mes la audici\u00f3n total en su o\u00eddo derecho, motivo por el cual se vio obligado a someterse a diversos estudios y tratamientos que han resultado bastante dolorosos con la esperanza de encontrar una cura a su problema. Y es que aunque actualmente el actor venezolano sigue trabajando en <em>La que no pod\u00eda amar,<\/em> la nueva telenovela de <strong>Jos\u00e9 Alberto Castro,<\/strong> esta situaci\u00f3n lo tiene bastante preocupado pues hasta el momento no ha logrado ninguna mejor\u00eda&#8230; &#8220;S\u00ed, estoy mal, me siento mal, y m\u00e1s an\u00edmicamente. Ahora me pongo de este lado porque aqu\u00ed si te escucho bien, hace una semana terminaron de inyectarme cortisona en el t\u00edmpano que es muy desagradable, meten una aguja y sientes el l\u00edquido, pens\u00e9 que iba a mejorar un poquito en unos d\u00edas y hace cinco d\u00edas termin\u00e9 el tratamiento y hasta el momento nada&#8221;, confes\u00f3 en entrevista. Pero, adem\u00e1s, Jorge Aravena revel\u00f3 que su vida laboral tambi\u00e9n se ha visto afectada pues aunque ha sabido sacar adelante sus escenas, la situaci\u00f3n se ha tornado bastante inc\u00f3moda&#8230; Finalmente, Jorge Aravena dijo que actualmente ha decidido probar con un tratamiento alternativo esperando al menos recuperar el 30% de la audici\u00f3n&#8230; &#8220;En el Twitter me mandaron una medicina de alguien que s\u00ed se cur\u00f3, por lo menos se le quit\u00f3 ese zumbido que tengo y me las traen ma\u00f1ana de Estados Unidos, nunca se sabr\u00e1 que pudo ser, algo viral, el ambiente, un ch\u00edcharo que no limpiaron bien&#8221;\u2026<\/p>\n<p>\u201cNunca me preocupo por la competencia, me preocupo por lo que tengo que hacer. Hay un dicho que dice: cuando tengas cinco minutos para hablar de ti, habla de ti no hables de la competencia. Yo trato de hacer lo mejor y que el 13 haga lo que tenga que hacer\u201d, se\u00f1al\u00f3 Lucero Su\u00e1rez, productora de la nueva telenovela <em>Amorcito coraz\u00f3n. <\/em>En el espacio de <strong>Flor Rubio,<\/strong> la productora, reconoci\u00f3 que para ella hacer comedia no es nada complicado, ya que siempre en cada proyecto trata de dar lo mejor al televidente. En cuanto a <em>Hu\u00e9rfanas, <\/em>su competencia directa, reconoci\u00f3 que m\u00e1s que preocuparse por lo que haga la otra televisora, busca centrarse m\u00e1s en su propio proyecto. \u201cNunca me preocupo por la competencia, me preocupo por lo que tengo que hacer. Hay un dicho que dice: cuando tengas cinco minutos para hablar de ti, habla de ti no hables de la competencia. Yo trato de hacer lo mejor y que el 13 haga lo que tenga que hacer\u201d, se\u00f1al\u00f3. Asimismo, adelant\u00f3 que la gente ver\u00e1 300 cap\u00edtulos de media hora, que en total ser\u00e1n 150 emisiones. Por su parte, la actriz <strong>\u00c1frica Zavala <\/strong>reconoci\u00f3 que fue dif\u00edcil cambiar el melodrama como fue <em>Para volver a amar <\/em>por comedia, que al final de cuentas es lo que se busca mostrar con <em>Amorcito. Amorcito Coraz\u00f3n<\/em> se transmite por Televisa en punto de las 17:15 horas, cuenta con las actuaciones protag\u00f3nicas de <strong>Diego Olivera, Elizabeth \u00c1lvarez\u2026<\/strong><\/p>\n<p>La conductora estelar y productora del programa de espect\u00e1culos <em>Ventaneando, <\/em><strong>Pati Chapoy, <\/strong>asegur\u00f3 que ha pensado en el retiro de las c\u00e1maras de televisi\u00f3n, ya que reconoce que los j\u00f3venes talentos, a los que seguir\u00e1 formando, deben de tener el espacio para dar a conocer sus ideas. &#8220;En<em> Ventaneando <\/em>estamos muy ocupados en buscar gente joven, tanto hombres como mujeres, porque al final de cuentas, la televisi\u00f3n consume mucho; yo ya voy de salida, no s\u00e9 dentro unos a\u00f1itos, no les estoy diciendo que ya me voy ma\u00f1ana, aunque s\u00e9 que el tiempo se va volando&#8221;. &#8220;No s\u00e9 si dentro de 3, 4 o 20 a\u00f1os, pero estoy consciente de que la televisi\u00f3n y la gente necesitan gente joven. No me siento vieja, y el hecho de que yo, en un momento deje la pantalla, no quiere decir que deje de trabajar. Voy a seguir en activo, voy a dar mucha lata, pero lo que a m\u00ed me interesa es apuntalar a la gente joven. &#8220;Lo que es un hecho que <em>Ventaneando <\/em>seguir\u00e1 como est\u00e1 con sus conductores, lo que vemos es la manera y tiempos de presentar la noticia. Por ahorita no hay cambios, con todo y el descanso por maternidad de <strong>Ximena, <\/strong>eso continuar\u00e1 as\u00ed, cuando ella se reintegre, vamos a hacer los cambios de horarios&#8221;\u2026<\/p>\n<p>El conductor argentino <strong>Nicol\u00e1s &#8216;Pipo&#8217; Mancera, <\/strong>creador de los \u00e9xitos televisivos en su pa\u00eds natal, falleci\u00f3 el lunes 29 de agosto en su domicilio a causa de un paro cardiorrespiratorio a la edad de 80 a\u00f1os. El desaparecido locutor y periodista conduj\u00f3 entre 1962 y 1974 <em>S\u00e1bados Circulares, <\/em>un programa de variedad que duraba de seis horas por transmisi\u00f3n, el cual bati\u00f3 records de audiencia. En ese mismo programa, Mancera entrevist\u00f3 en 1971 a un ni\u00f1o de diez a\u00f1os que cautivo al p\u00fablico haciendo malabares con una pelota de futbol: <strong>Diego Armando Maradona. <\/strong>Medios locales del pa\u00eds sudamericano informaron que esa fue la primera entrevista televisiva que concedi\u00f3 al futuro astro de futbol. Por <em>S\u00e1bados Circulares<\/em> desfilaron figuras internacionales como <strong>Marcello Mastroianni, Alain Delon, Sophia Loren<\/strong> y <strong>Pel\u00e9. <\/strong>Pero el mayor hito del programa fue la cobertura en directo de la boda del popular cantante <strong>Ram\u00f3n &#8216;Palito&#8217; Ortega<\/strong> y la actriz <strong>Evangelina Salazar<\/strong> en 1976. Seg\u00fan reportes de la \u00e9poca, el programa fue visto por el 82 por ciento de los argentinos que en ese entonces ten\u00edan televisores\u2026<\/p>\n<div id=\"attachment_10208\" style=\"width: 394px\" class=\"wp-caption alignright\"><a href=\"http:\/\/retrolab.ca\/elpopular\/wp-content\/uploads\/2011\/09\/FOTO-4-COLUMNA.jpg\"><img loading=\"lazy\" decoding=\"async\" aria-describedby=\"caption-attachment-10208\" class=\"size-large wp-image-10208 \" title=\"Jenni Rivera incursiona en la m\u00fasica pop con el tema \u201cBasta ya\u201d\" src=\"http:\/\/retrolab.ca\/elpopular\/wp-content\/uploads\/2011\/09\/FOTO-4-COLUMNA-697x1024.jpg\" alt=\"\" width=\"384\" height=\"564\" \/><\/a><p id=\"caption-attachment-10208\" class=\"wp-caption-text\">Jenni Rivera incursiona en la m\u00fasica pop con el tema \u201cBasta ya\u201d<\/p><\/div>\n<p>La cantante <strong>Jenni Rivera <\/strong>se estren\u00f3 en el g\u00e9nero pop con su nuevo sencillo <em>Basta ya, <\/em>el cual pertenece a su nuevo \u00e1lbum, Joyas prestadas, que saldr\u00e1 a la venta el 22 de noviembre pr\u00f3ximo. La canci\u00f3n fue hecha anteriormente por la puertorrique\u00f1a <strong>Olga Ta\u00f1\u00f3n<\/strong> y en ella el cantautor mexicano Marco Antonio Sol\u00eds une su voz a la de &#8216;La Diva de la Banda&#8217;. El int\u00e9rprete confes\u00f3 que el dueto se plane\u00f3 en el camerino de un concierto al que ambos asistieron. La canci\u00f3n tambi\u00e9n se encuentra en versi\u00f3n banda, al igual que todo el disco, lo que convierte a Rivera en la primera int\u00e9rprete femenina de regional mexicano en lanzar un disco tanto en pop como en m\u00fasica de banda. Rivera presentar\u00e1 <em>Basta ya <\/em>por primera vez en vivo el 3 de septiembre pr\u00f3ximo, en el Staples Center de Los \u00c1ngeles, durante un concierto. La hermana de <strong>Lupillo Rivera <\/strong>admiti\u00f3 que este nuevo disco es &#8220;una aventura musical&#8221; y dio las gracias a Sol\u00eds por su &#8220;inspiraci\u00f3n, al componer esta joya, y por acompa\u00f1arme con tu voz en esta gran canci\u00f3n. A <strong>Olga Ta\u00f1\u00f3n<\/strong> gracias por haber hecho esta canci\u00f3n preciosa&#8221;\u2026<\/p>\n<p>Agradecido con <strong>Luis Miguel,<\/strong> as\u00ed declar\u00f3 estar el cantautor cubano <strong>Pancho C\u00e9spedes<\/strong> a una revista, ya que \u00e9ste alcanz\u00f3 el \u00e9xito despu\u00e9s de que &#8220;El Sol&#8221; grabara su tema <em>Pensar en ti, <\/em>en 1997. M\u00e1s de mes y medio pas\u00f3 el compositor visitando la recepci\u00f3n de Warner M\u00e9xico hasta que el int\u00e9rprete de <em>Si nos dejan<\/em> y <em>La incondicional <\/em>escuch\u00f3 una de sus canciones. &#8220;Pero Dios ubica las cosas en su momento, ya que luego de estar todo ese tiempo ah\u00ed, finalmente me dejaron entrar y Luis Miguel estaba buscando temas para su disco <em>Aries. <\/em>Pensar en ti fue la primera canci\u00f3n que cant\u00e9 y ah\u00ed empezaron mis primeras l\u00e1grimas de felicidad&#8221;, declar\u00f3 C\u00e9spedes a la publicaci\u00f3n. El autor de Se\u00f1ora a\u00f1adi\u00f3 que &#8220;nunca hab\u00eda visto 100 mil d\u00f3lares juntos en mi vida, y cuando me grab\u00f3, me explicaron que pod\u00eda pedir un adelanto, porque Luis Miguel vend\u00eda millones de copias&#8221;. De acuerdo con C\u00e9spedes, un d\u00eda Luis Miguel lo llam\u00f3 por tel\u00e9fono para decirle: &#8220;Panchito, yo cant\u00e9 tu canci\u00f3n, porque para m\u00ed es muy bella.  Yo se lo agradec\u00ed, porque si no la hubiese cantado \u00e9l seguir\u00eda siendo Luis Miguel, pero al haberlo hecho a mi me salv\u00f3 la vida&#8221;\u2026<\/p>\n<p><strong>Manuel Mijares <\/strong>confirm\u00f3 que cantar\u00e1 con su ex esposa<strong> Lucero <\/strong>en un programa de televisi\u00f3n y subray\u00f3 que la separaci\u00f3n de ambos fue &#8220;civilizada&#8221;. En entrevista, Mijares asever\u00f3 que &#8220;Lucerito est\u00e1 grabando un nuevo disco y pronto haremos algo juntos para un programa de televisi\u00f3n, un \u2018show\u2019 musical del que no puedo adelantar mucho m\u00e1s por ahora&#8221;. Coment\u00f3 que tiene una relaci\u00f3n &#8220;muy madura&#8221; con su ex pareja y record\u00f3 que &#8220;tenemos un tesoro en com\u00fan que son la beba <strong>(Lucero) <\/strong>y<strong> Jos\u00e9,<\/strong> nuestros hijos. Somos vecinos y hablamos a diario. &#8220;Los ni\u00f1os a veces cruzan a mi departamento en pijama, vivimos a veinte pasos. Algunos medios de prensa quer\u00edan ver sangre tras nuestra ruptura, pero cuando se dieron cuenta de que el tema era civilizado, ya no tuvieron nada qu\u00e9 hacer&#8221;, precis\u00f3. Mijares se\u00f1al\u00f3 que en la actualidad tiene muchos proyectos, entre ellos presentarse en Chile el 15 de octubre pr\u00f3ximo para ofrecer un concierto, a 18 a\u00f1os de su presentaci\u00f3n en el Festival Internacional de la Canci\u00f3n de Vi\u00f1a del Mar\u2026<\/p>\n<div id=\"attachment_10210\" style=\"width: 353px\" class=\"wp-caption alignright\"><a href=\"http:\/\/retrolab.ca\/elpopular\/wp-content\/uploads\/2011\/09\/FOTO-6-COLUMNA.jpg\"><img loading=\"lazy\" decoding=\"async\" aria-describedby=\"caption-attachment-10210\" class=\"size-full wp-image-10210 \" title=\"Puro M\u00e9xico y Arriba M\u00e9xico\" src=\"http:\/\/retrolab.ca\/elpopular\/wp-content\/uploads\/2011\/09\/FOTO-6-COLUMNA.jpg\" alt=\"\" width=\"343\" height=\"480\" \/><\/a><p id=\"caption-attachment-10210\" class=\"wp-caption-text\">Los tradicionales bailes rancheros mexicanos, presentes con los grupos Puro M\u00e9xico y Arriba M\u00e9xico y el Mariachi Arriba M\u00e9xico bajo la direcci\u00f3n de Romeo Ovando<\/p><\/div>\n<p>El d\u00fao puertorrique\u00f1o <strong>Wisin &amp; Yandel <\/strong>gan\u00f3 el premio al mejor artista latino en los Video Music Awards (los premios a lo mejor de los videos musicales). Los ganadores, que superaron a <strong>Enrique Iglesias, <\/strong>la agrupaci\u00f3n mexicana <strong>Man\u00e1, Don Omar <\/strong>y Prince Royce, fueron escogidos por el p\u00fablico, a trav\u00e9s de una votaci\u00f3n por Internet. Wisin &amp; Yandel han tenido otros momentos destacados en la cadena. En el 2009 fueron nominados por Abusadora en mismos premios, junto a artistas como <strong>Beyonc\u00e9, Britney Spears <\/strong>y <strong>Lady Gaga. <\/strong>La canci\u00f3n les vali\u00f3 ese mismo a\u00f1o el Lat\u00edn Grammy, bajo el rubro mejor canci\u00f3n urbana. Un a\u00f1o antes ganaron un Grammy y otro Latin Grammy por su \u00e1lbum Los extraterrestres\u2026<\/p>\n<p>El reggaetonero <strong>Don Omar <\/strong>asegura que el 2011 ha sido el mejor a\u00f1o de su carrera y a juzgar por su agenda de trabajo, el pr\u00f3ximo va por el mismo camino, ya que planea trasladarse a Hollywood para cumplir con varios compromisos de trabajo. Pero no sabe si se adaptar\u00e1 a la vida ajetreada que caracteriza a esa ciudad. &#8220;No soy de salir mucho ni de ir a discotecas, soy m\u00e1s reservado. No es que no me guste ir, es que no encuentro gran diversi\u00f3n en ir a un club y all\u00ed es como obligatorio\u2026<\/p>\n<p><strong>Gloria Estefan <\/strong>contin\u00faa dando a conocer las letras de las canciones que se incluir\u00e1n en su pr\u00f3ximo trabajo discogr\u00e1fico, <em>Miss Little Havana.<\/em> La int\u00e9rprete de <em>Conga<\/em> ha estado informando sobre su nuevo CD a trav\u00e9s de las redes sociales. Esta serie de anuncios semanales fueron bautizados como los &#8220;WEPA Wednesday&#8221; por la artista. Tras dar a conocer la letra del tema <em>Heat, <\/em>en los dos siguientes mi\u00e9rcoles colg\u00f3 las letras de<em> Say Ay y So Good.<\/em> Por otra parte, la cantante ha publicado esta semana en iTunes una nueva versi\u00f3n de su sencillo<em> Wepa, <\/em>el cual contiene la colaboraci\u00f3n de <strong>Pitbull. <\/strong>Este remix forma parte de un nuevo EP formado por ocho versiones alternativas de la misma canci\u00f3n\u2026<\/p>\n<div id=\"attachment_10211\" style=\"width: 310px\" class=\"wp-caption alignright\"><a href=\"http:\/\/retrolab.ca\/elpopular\/wp-content\/uploads\/2011\/09\/FOTO-5-COLUMNA.jpg\"><img loading=\"lazy\" decoding=\"async\" aria-describedby=\"caption-attachment-10211\" class=\"size-medium wp-image-10211\" title=\"Pitbull\" src=\"http:\/\/retrolab.ca\/elpopular\/wp-content\/uploads\/2011\/09\/FOTO-5-COLUMNA-300x209.jpg\" alt=\"\" width=\"300\" height=\"209\" \/><\/a><p id=\"caption-attachment-10211\" class=\"wp-caption-text\">El rapero \u201cPitbull\u201d, result\u00f3 muy bravo<\/p><\/div>\n<p>Parece que <strong>Pitbull <\/strong>le hace honor a su nombre art\u00edstico, y es que empez\u00f3 a circular por la red un video en donde se le ve enfurecido y hasta peg\u00e1ndole a un fan\u00e1tico; esto sucedi\u00f3 en pleno concierto y a pesar del incidente \u00e9ste no dej\u00f3 de cantar en ning\u00fan momento. En el video, grabado hace dos a\u00f1os atr\u00e1s, se observa claramente como el rapero agrade a un seguidor con patadas y pu\u00f1os. Todo inici\u00f3 cuando el fan empez\u00f3 a lanzar dinero o papeles hacia el escenario haciendo al cantante explotar. Seg\u00fan una revista espa\u00f1ola, Pitbull no aguant\u00f3 la actitud de su admirador y por eso comenz\u00f3 a golpearlo hasta tirarlo al suelo; es ah\u00ed donde la seguridad del int\u00e9rprete de <em>Bon Bon <\/em>se meti\u00f3 y el penoso momento no pas\u00f3 a mayores\u2026<\/p>\n<p>El salsero puertorrique\u00f1o <strong>Gilberto Santa Rosa<\/strong> rendir\u00e1 tributo a las desaparecidas leyendas de la m\u00fasica latina <strong>Celia Cruz <\/strong>y <strong>Tito Puente <\/strong>en la gala n\u00famero 34 del Instituto del Caucus Hispano del Congreso (CHCI) el pr\u00f3ximo 14 de septiembre, inform\u00f3 la organizaci\u00f3n. La actuaci\u00f3n del &#8220;caballero de la salsa&#8221; en la gala del CHCI servir\u00e1 de colof\u00f3n a los actos por el Mes de la Herencia Hispana de la instituci\u00f3n, que re\u00fane a todos los legisladores hispanos del Congreso de EE UU. En un comunicado, el CHCI recuerda la trayectoria del artista, cuya pasi\u00f3n por la m\u00fasica comenz\u00f3 de ni\u00f1o durante la d\u00e9cada de los sesenta. Ganador de un premio Grammy y dos Grammy latinos, Santa Rosa grab\u00f3 su primer \u00e1lbum a los 14 a\u00f1os, y ahora su carrera art\u00edstica incluye m\u00e1s de 20 discos y 14 \u00e9xitos en las listas de la revista Billboard en la categor\u00eda de m\u00fasica tropical. Al trasladarse al sello de Sony, a partir de la d\u00e9cada de 1990, Santa Rosa cosech\u00f3 13 discos de oro, 13 de platino, y tres distinciones de platino m\u00faltiples. El \u00e1lbum m\u00e1s reciente de Santa Rosa, <em>Irrepetible, <\/em>describe adecuadamente una carrera formidable que &#8220;es dif\u00edcil de duplicar&#8221; y la gala del 14 de septiembre ser\u00e1 igual de irrepetible, seg\u00fan CHCI\u2026<\/p>\n<p>Frente a la gran demanda de entradas del p\u00fablico argentino, el cantante puertorrique\u00f1o <strong>Chayanne <\/strong>agreg\u00f3 una tercera funci\u00f3n en el estadio Luna Park de Buenos Aires, donde el 20, 21 y 23 de septiembre pr\u00f3ximo se presentar\u00e1 en el marco de su gira \u201cNo hay imposibles\u201d. A casi un a\u00f1o de su \u00faltima actuaci\u00f3n, cuando ofreci\u00f3 dos shows en octubre de 2010 en el estadio del club Ferrocarril Oeste, Chayanne regresar\u00e1 a la capital argentina para cerrar la gira que hab\u00eda comenzado en mayo del a\u00f1o pasado en Los \u00c1ngeles. El int\u00e9rprete boricua luego realiz\u00f3 una serie de presentaciones en m\u00e1s de 25 ciudades estadounidenses y visit\u00f3 otras tantas en Latinoam\u00e9rica. Esta producci\u00f3n marc\u00f3 su regreso al mercado discogr\u00e1fico tras dos a\u00f1os de ausencia en los que se dedic\u00f3 a otras actividades como la actuaci\u00f3n. <em>No hay imposibles, <\/em>disco en el cual mezcla baladas y ritmos bailables, tuvo gran acogida y ya se convirti\u00f3 en oro en Argentina, Venezuela, M\u00e9xico y Estados Unidos. El disco, integrado por 11 temas, fue grabado entre Miami, Puerto Rico, Los \u00c1ngeles, Bogot\u00e1 y Buenos Aires\u2026<\/p>\n<p>El animador chileno <strong>Rafael Araneda<\/strong> descart\u00f3 que su presencia en la televisi\u00f3n responda a sus caracter\u00edsticas f\u00edsicas, y lo atribuy\u00f3 al cari\u00f1o del p\u00fablico que respalda sus programas. \u2018Tengo claro que no estoy en la televisi\u00f3n ni por mi<em> look <\/em>ni por mi estatura, as\u00ed que agradezco el cari\u00f1o de la gente\u201d, dijo Araneda en declaraciones al diario chileno<em> El Mercurio,<\/em> que public\u00f3 este domingo \u2018Los secretos de la agitada agenda de Rafael Araneda\u2019. El exitoso conductor del programa <em>La Academia<\/em> en la cadena TV Azteca, desarrolla una intensa agenda semanal de trabajo en M\u00e9xico y Chile, donde trabaja para el canal Chilevisi\u00f3n, lo que implica m\u00faltiples y continuados viajes entre ambos pa\u00edses. \u201cMe puedo mandar tres noches seguidas en un avi\u00f3n, pero me importa primero cumplir con mis obligaciones de padre y segundo con las profesionales\u201d, dijo el \u2018Rafa\u2019, en la entrevista concedida en su restaurante favorito del Distrito Federal. El peri\u00f3dico se\u00f1al\u00f3 que la semana pasada, Araneda recorri\u00f3 cuatro veces los siete mil kil\u00f3metros que separan a Santiago de la Ciudad de M\u00e9xico\u2026<\/p>\n<p>En una muestra de solidaridad con los peruanos, el actor mexicano <strong>Carlos Villagr\u00e1n <\/strong>don\u00f3 la pelota favorita de \u2018Quico\u2019, su entra\u00f1able personaje del \u201cChavo del 8\u201d, para que sea subastada en la Telet\u00f3n 2011 a beneficio del Hogar Cl\u00ednica San Juan de Dios. \u201cA todos mis \u2018cuates\u2019 de la cl\u00ednica San Juan de Dios les regalo mi pelota para la Telet\u00f3n, hoy viernes 2 y ma\u00f1ana s\u00e1bado 3 de setiembre, as\u00ed que prep\u00e1rense. Aqu\u00ed les va mi pelota con todo cari\u00f1o\u201d, coment\u00f3 el ni\u00f1o vestido con traje de marinerito. La pelota de \u2018Quico\u2019 tiene como precio base 200 d\u00f3lares\u2026<\/p>\n<p>El segundo Festival Multicultural celebrara ma\u00f1ana s\u00e1bado 3 desde las 12 del mediod\u00eda en el 1652 de Keele St del York Hispanic Centre, con grupos folkl\u00f3ricos, cantantes y conjuntos, hasta las 8 de la noche, con los cantantes <strong>Marco Frangini, Isabel C\u00e1rdenas <\/strong>y<strong> Leo del Ayer,<\/strong> entre otros n\u00fameros\u2026.<\/p>\n<div id=\"attachment_10213\" style=\"width: 310px\" class=\"wp-caption alignright\"><a href=\"http:\/\/retrolab.ca\/elpopular\/wp-content\/uploads\/2011\/09\/FOTO-7-COLUMNA.jpg\"><img loading=\"lazy\" decoding=\"async\" aria-describedby=\"caption-attachment-10213\" class=\"size-medium wp-image-10213\" title=\"Esteban Vercel\" src=\"http:\/\/retrolab.ca\/elpopular\/wp-content\/uploads\/2011\/09\/FOTO-7-COLUMNA-300x234.jpg\" alt=\"\" width=\"300\" height=\"234\" \/><\/a><p id=\"caption-attachment-10213\" class=\"wp-caption-text\">Esteban Vercel sigue cantando mejor que nunca con su voz y estilo en el programa Tango y Punto de Emilia M\u00f3dolo y Jos\u00e9 \u201cel mudo\u201d Negrette, los jueves a las 9 de la noche y los viernes como hoy a las 7 de la noche en la emisora Ondas Hispanas.<\/p><\/div>\n<p>El programa <em>Tango y Punto,<\/em> con <strong>Emilia M\u00f3dulo <\/strong>y <strong>Jose \u201cel mudo\u201d Negrette,<\/strong> desde hace varios a\u00f1os se mantiene al aire con un programa radial que hace recuerdos de las \u00e9pocas doradas de la m\u00fasica ciudadana rioplatense, y nos trae novedades tangueras. Algunos temas son tan a\u00f1ejos que se siente el sonido de aguja del disco, pero son unas verdaderas joyas para los coleccionistas m\u00e1s exigentes del mundo tanguero. Cada nuevo espacio lo producen mucho cuidado Emilia y Jos\u00e9, porque adem\u00e1s de colocar aquellos \u00e9xitos inolvidables tangueros, tambi\u00e9n brindan detalles del int\u00e9rprete, compositor y orquesta, hasta fecha de grabaci\u00f3n y de estreno; brindando recuerdos para los conocedores, y lecciones de la historia del tango para los que deseamos conocer m\u00e1s de esta m\u00fasica muy afamada y bailada en todo el mundo. Otro aspecto importante de recalcar es la incorporaci\u00f3n de cantantes locales en <em>Tango y Punto, <\/em>en la noche de ayer se program\u00f3 temas de nuestro incomparable Esteban Vercel, el gran maestro que este lunes tendr\u00e1 un homenaje p\u00f3stumo, aunque <strong>Fernando Valladares <\/strong>le organiz\u00f3 uno en vida a\u00f1os atr\u00e1s en el propio escenario del Mel Lastman. El cantor tanguero <strong>Elbio Fern\u00e1ndez, <\/strong>el \u201cJulio Sosa de Toronto\u201d, sonar\u00e1 esta noche en el espacio de Emilia y Jos\u00e9, quienes pronto nos traen al maestro <strong>Ra\u00fal Jaurena, <\/strong>en una noche de gala a puro tango con un ganador de un premio Grammy y todo un fuera de serie en ejecutar el bandone\u00f3n. En la programaci\u00f3n a partir hoy viernes desde las 7:00 de la noche, Emilia y Jos\u00e9, han programado a: Orquesta Sexteto Mayor, Orquesta Ra\u00fal Casal y la voz de Virginia Luque.                                       Orquesta Osvaldo Pugliese y la voz de Roberto Chanel ; Orquesta Donato Racciatti y la voz de Marlene Otero; La voz de Ignacio Corsini con las guitarras de Maciel, Pag\u00e9s y Pesoa.                 Orquesta Luis Stazo y la voz de Rosanna Falasca; Orquesta Alfredo De Angelis y las voces de Carlos Dante y Julio Martel. La voz de Elbio Fern\u00e1ndez con orquesta; La voz del cantante cubano Rolando Laserie con orquesta;                                                  La voz de Alberto G\u00f3mez con guitarras; Orquesta Color Tango y la voz de Sergio Eduardo                                     La voz de Charlo con orquesta; La voz de Mariano Leyes con orquesta.                                                  H\u00e9ctor Mar\u00eda Artola y su orquesta. La esquina de Tango y Punto, va jueves y viernes en la emisora Ondas Hispanas o tambi\u00e9n en <a href=\"http:\/\/www.ondashispanas.com\/\" target=\"_blank\">http:\/\/www.ondashispanas.com<\/a>&#8230;<\/p>\n<p>Hasta la pr\u00f3xima que hay m\u00e1s\u2026<\/p>\n","protected":false},"excerpt":{"rendered":"<p>El esperado Festival Hispanic Fiesta, celebra sus 30 a\u00f1os por todo lo alto con su tradicional programaci\u00f3n de flamenco, folklor, tango, atracciones internacionales, mariachis, orquestas&hellip;<\/p>\n","protected":false},"author":1,"featured_media":10215,"comment_status":"closed","ping_status":"open","sticky":false,"template":"","format":"standard","meta":{"footnotes":""},"categories":[2482],"tags":[7547,22],"class_list":["post-10202","post","type-post","status-publish","format-standard","has-post-thumbnail","hentry","category-espectaculo","tag-festival-hispanic-fiesta","tag-toronto"],"_links":{"self":[{"href":"https:\/\/diarioelpopular.com\/index.php\/wp-json\/wp\/v2\/posts\/10202","targetHints":{"allow":["GET"]}}],"collection":[{"href":"https:\/\/diarioelpopular.com\/index.php\/wp-json\/wp\/v2\/posts"}],"about":[{"href":"https:\/\/diarioelpopular.com\/index.php\/wp-json\/wp\/v2\/types\/post"}],"author":[{"embeddable":true,"href":"https:\/\/diarioelpopular.com\/index.php\/wp-json\/wp\/v2\/users\/1"}],"replies":[{"embeddable":true,"href":"https:\/\/diarioelpopular.com\/index.php\/wp-json\/wp\/v2\/comments?post=10202"}],"version-history":[{"count":0,"href":"https:\/\/diarioelpopular.com\/index.php\/wp-json\/wp\/v2\/posts\/10202\/revisions"}],"wp:featuredmedia":[{"embeddable":true,"href":"https:\/\/diarioelpopular.com\/index.php\/wp-json\/"}],"wp:attachment":[{"href":"https:\/\/diarioelpopular.com\/index.php\/wp-json\/wp\/v2\/media?parent=10202"}],"wp:term":[{"taxonomy":"category","embeddable":true,"href":"https:\/\/diarioelpopular.com\/index.php\/wp-json\/wp\/v2\/categories?post=10202"},{"taxonomy":"post_tag","embeddable":true,"href":"https:\/\/diarioelpopular.com\/index.php\/wp-json\/wp\/v2\/tags?post=10202"}],"curies":[{"name":"wp","href":"https:\/\/api.w.org\/{rel}","templated":true}]}}