{"id":102546,"date":"2012-01-13T21:01:46","date_gmt":"2012-01-14T02:01:46","guid":{"rendered":"http:\/\/diarioelpopular.com\/?p=102546"},"modified":"2012-01-13T21:01:46","modified_gmt":"2012-01-14T02:01:46","slug":"la-hija-de-fidel-castro-quiere-que-banderas-interprete-a-su-padre","status":"publish","type":"post","link":"https:\/\/diarioelpopular.com\/index.php\/2012\/01\/13\/la-hija-de-fidel-castro-quiere-que-banderas-interprete-a-su-padre\/","title":{"rendered":"La hija de Castro quiere que Banderas interprete a su padre"},"content":{"rendered":"<div id=\"attachment_102547\" style=\"width: 310px\" class=\"wp-caption alignright\"><a href=\"https:\/\/diarioelpopular.com\/wp-content\/uploads\/2012\/01\/Antonio-Banderas.jpg\"><img loading=\"lazy\" decoding=\"async\" aria-describedby=\"caption-attachment-102547\" class=\"size-medium wp-image-102547\" title=\"Antonio Banderas\" src=\"https:\/\/diarioelpopular.com\/wp-content\/uploads\/2012\/01\/Antonio-Banderas-300x180.jpg\" alt=\"\" width=\"300\" height=\"180\" \/><\/a><p id=\"caption-attachment-102547\" class=\"wp-caption-text\">Antonio Banderas<\/p><\/div>\n<p><em><strong>Efe. Los \u00c1ngeles (EE UU).-<\/strong><\/em> La hija no reconocida de Fidel Castro, Alina Fern\u00e1ndez, quiere que el actor espa\u00f1ol Antonio Banderas interprete a su padre en su pel\u00edcula autobiogr\u00e1fica, &#8220;Castro&#8217;s Daughter&#8221;, que dirigir\u00e1 Michael Radford (&#8220;Il Postino&#8221;, 1994), seg\u00fan public\u00f3 Screen Daily.<\/p>\n<p>Fern\u00e1ndez propuso el nombre del protagonista de &#8220;Zorro&#8221; al equipo de producci\u00f3n que ya se encuentra en negociaciones con el representante del actor para tratar de sumar su nombre al proyecto.<\/p>\n<p>&#8220;He sido una gran fan de Antonio durante a\u00f1os y espero verle hacer de mi padre. Creo que tiene un carisma fenomenal y pienso que tiene lo que hay que tener para interpretar el papel a la perfecci\u00f3n. Estoy muy entusiasmada de que lo considere&#8221;, indic\u00f3 Fern\u00e1ndez.<\/p>\n<p>&#8220;Castro&#8217;s Daughter&#8221; narrar\u00e1 la historia de Fern\u00e1ndez, quien naci\u00f3 en 1956 de las relaciones de un joven Fidel Castro y Nati Revuelta, entonces casada con un m\u00e9dico.<\/p>\n<p>Fern\u00e1ndez, que ahora reside en EE UU, estudi\u00f3 Medicina y Relaciones Internacionales y trabaj\u00f3 brevemente como relaciones p\u00fablicas en el Teatro Nacional de Cuba, antes de ejercer como modelo y tratar de conseguir permisos para abandonar la isla, algo que finalmente hizo clandestinamente en 1993 haci\u00e9ndose pasar por una turista espa\u00f1ola.<\/p>\n<p>Est\u00e1 previsto que Michael Radford, nominado al \u00d3scar de direcci\u00f3n por &#8220;Il Postino&#8221; (1994), se ponga detr\u00e1s de las c\u00e1maras de este filme que contar\u00e1 con el gui\u00f3n de Robert Moresco (ganador de la estatuilla por &#8220;Crash&#8221;, 2004) y el premio Pulitzer Nilo Cruz.<\/p>\n<p>El rodaje de la pel\u00edcula tendr\u00e1 lugar en Puerto Rico.<\/p>\n","protected":false},"excerpt":{"rendered":"<p>La hija no reconocida de Fidel Castro, Alina Fern\u00e1ndez, quiere que el actor espa\u00f1ol Antonio Banderas interprete a su padre en su pel\u00edcula autobiogr\u00e1fica, &#8220;Castro&#8217;s Daughter&#8221;, que dirigir\u00e1 Michael Radford (&#8220;Il Postino&#8221;, 1994).<\/p>\n","protected":false},"author":1,"featured_media":102547,"comment_status":"closed","ping_status":"open","sticky":false,"template":"","format":"standard","meta":{"footnotes":""},"categories":[80],"tags":[813,814],"class_list":["post-102546","post","type-post","status-publish","format-standard","has-post-thumbnail","hentry","category-cine-2","tag-antonio-banderas","tag-fidel-castro"],"_links":{"self":[{"href":"https:\/\/diarioelpopular.com\/index.php\/wp-json\/wp\/v2\/posts\/102546","targetHints":{"allow":["GET"]}}],"collection":[{"href":"https:\/\/diarioelpopular.com\/index.php\/wp-json\/wp\/v2\/posts"}],"about":[{"href":"https:\/\/diarioelpopular.com\/index.php\/wp-json\/wp\/v2\/types\/post"}],"author":[{"embeddable":true,"href":"https:\/\/diarioelpopular.com\/index.php\/wp-json\/wp\/v2\/users\/1"}],"replies":[{"embeddable":true,"href":"https:\/\/diarioelpopular.com\/index.php\/wp-json\/wp\/v2\/comments?post=102546"}],"version-history":[{"count":0,"href":"https:\/\/diarioelpopular.com\/index.php\/wp-json\/wp\/v2\/posts\/102546\/revisions"}],"wp:featuredmedia":[{"embeddable":true,"href":"https:\/\/diarioelpopular.com\/index.php\/wp-json\/"}],"wp:attachment":[{"href":"https:\/\/diarioelpopular.com\/index.php\/wp-json\/wp\/v2\/media?parent=102546"}],"wp:term":[{"taxonomy":"category","embeddable":true,"href":"https:\/\/diarioelpopular.com\/index.php\/wp-json\/wp\/v2\/categories?post=102546"},{"taxonomy":"post_tag","embeddable":true,"href":"https:\/\/diarioelpopular.com\/index.php\/wp-json\/wp\/v2\/tags?post=102546"}],"curies":[{"name":"wp","href":"https:\/\/api.w.org\/{rel}","templated":true}]}}