{"id":10283,"date":"2011-09-04T15:15:36","date_gmt":"2011-09-04T19:15:36","guid":{"rendered":"http:\/\/retrolab.ca\/elpopular\/?p=10283"},"modified":"2011-09-04T15:15:36","modified_gmt":"2011-09-04T19:15:36","slug":"el-bisonte-juanjo-cobo-irrumpe-en-el-angliru","status":"publish","type":"post","link":"https:\/\/diarioelpopular.com\/index.php\/2011\/09\/04\/el-bisonte-juanjo-cobo-irrumpe-en-el-angliru\/","title":{"rendered":"El &#8220;Bisonte&#8221; Juanjo Cobo irrumpe en el Angliru"},"content":{"rendered":"<div id=\"attachment_10284\" style=\"width: 710px\" class=\"wp-caption aligncenter\"><a href=\"http:\/\/retrolab.ca\/elpopular\/wp-content\/uploads\/2011\/09\/Juan-Jos\u00e9-Cobo.jpg\"><img loading=\"lazy\" decoding=\"async\" aria-describedby=\"caption-attachment-10284\" class=\"size-full wp-image-10284\" title=\"Juan Jos\u00e9 Cobo\" src=\"http:\/\/retrolab.ca\/elpopular\/wp-content\/uploads\/2011\/09\/Juan-Jos\u00e9-Cobo.jpg\" alt=\"\" width=\"700\" height=\"420\" \/><\/a><p id=\"caption-attachment-10284\" class=\"wp-caption-text\">El ciclista espa\u00f1ol Juan Jos\u00e9 Cobo, a su llegada a meta tras la decimocuarta etapa de la Vuelta a Espa\u00f1a. Foto: Jos\u00e9 Manuel Vidal \/ Efe<\/p><\/div>\n<p><em><strong>Carlos de Torres. Alto del Angliru (Asturias,\u00a0Espa\u00f1a).-<\/strong><\/em> El espa\u00f1ol Juan Jos\u00e9 Cobo (Geox), &#8220;El bisonte de La Pesa&#8221;, irrumpi\u00f3 con fuerza en la\u00a0Vuelta\u00a0con un golpe doble que le permiti\u00f3 adjudicarse la etapa reina de la presente edici\u00f3n con final en la m\u00edtica cima del Angliru y enfundarse el maillot rojo de l\u00edder.<\/p>\n<p>El d\u00eda grande de Cobo no pod\u00eda tener mejor escenario, nada menos que el &#8220;Olimpo&#8221; del ciclismo espa\u00f1ol. La jornada del Angliru. Un puerto considerado como el m\u00e1s duro de Europa junto a los italianos del Mortirolo y el Zoncolan. All\u00ed, entre rampas imposibles de hasta el 23 por ciento, el ciclista c\u00e1ntabro lanz\u00f3 un ataque incontestable a 6 kil\u00f3metros de meta que le condujo hasta la victoria y el maillot rojo y le acerc\u00f3 al triunfo final, a falta de seis etapas de Madrid.<\/p>\n<p>Cobo cruz\u00f3 la meta euf\u00f3rico, marcando con los dedos los cuernos de un bisonte. Disfrutaba de un golpe maestro mientras iban llegando las v\u00edctimas de su estampida. Todos en esta ocasi\u00f3n. El belga Poels, Froome y Menchov a 48 segundos, Wiggins y e Igor Ant\u00f3n a 1.21, Purito Rodr\u00edguez y Mollema a 1.35, y Vincenzo Nibali, que no podr\u00e1 renovar el t\u00edtulo, a 2.37.<\/p>\n<p>Con esta haza\u00f1a, el sue\u00f1o de Cobo aumenta de calibre. No tiene nada que ver con el inicial. De ser uno de los gregarios del ruso Menchov en la salida de Benidorm ha pasado a ser candidato n\u00famero uno de la\u00a0Vuelta. Por si acaso, prudencia en el corredor de Cabez\u00f3n de la Sal. &#8220;A\u00fan no he ganado nada, quedan etapas dif\u00edciles en Cantabria y Pa\u00eds Vasco, pero conf\u00edo en el equipo&#8221;, dijo.<\/p>\n<p>Queda\u00a0Vuelta, efectivamente, pero la carrera es cosa de tres, con el espa\u00f1ol en la &#8220;pole&#8221;. A Cobo le sigue en la general el sorprendente Christopher Froome, a 20 segundos, un corredor que ha desplazado a la tercera plaza a su jefe de filas, Bradley Wiggins.<\/p>\n<p>Froome no solo marc\u00f3 el ritmo al l\u00edder del Sky durante toda la subida, como ya hizo en todas las etapas con final en alto, sino que a\u00fan tuvo fuerzas para perseguir a Cobo, pero cuando lo hizo ya era tarde para evitar la derrota. Al menos suaviz\u00f3 el destrozo y no va a tirar la toalla.<\/p>\n<p>El Angliru, que pon\u00eda final a la decimoquinta entre Avil\u00e9s y el Alto del Angliru, de 142 kil\u00f3metros, termin\u00f3 con las escasas esperanzas que le restaban a Nibali tras su hundimiento en La Farrapona, ahora a 3.27 en la general. Tambi\u00e9n fue la tumba definitiva de &#8220;Purito&#8221; Rodr\u00edguez, en una\u00a0Vuelta\u00a0que se adaptaba a sus condiciones, y de otros subalternos que durante dos semanas hab\u00edan so\u00f1ado con el podio, como el holand\u00e9s Mollema o el belga Monfort.<\/p>\n<p>El Angliru no defraud\u00f3 las expectativas. Era el examen definitivo, donde cada uno deb\u00eda quemar sus naves en los diferentes objetivos. Algunos lo intentaron de lejos. De aperitivo hab\u00eda que afrontar el Alto de El Cordal (1a), donde se adelantaron Carlos Sastre (Geox), Bruseghin (Movistar), Daniel Martin (Garmin) y el franc\u00e9s Moncouti\u00e9, quien coron\u00f3 en cabeza para reforzar el jersey de la monta\u00f1a. Y lo consigui\u00f3.<\/p>\n<p>En el descenso Wiggins se llev\u00f3 un susto al quedarse descolgado por el impulso del Liquigas, lo que le cost\u00f3 al exl\u00edder darse un sofoc\u00f3n para enlazar con los favoritos a pie del Angliru. Por delante 12 kil\u00f3metros al 10 por ciento de media y paredes del 20 y 23.<\/p>\n<p>De nuevo los hombres del Liquigas quisieron asumir el protagonismo en las primeras rampas con Sagan de locomotora, pero el Geox volvi\u00f3 a mostrar sus cartas. Los hombres de Matx\u00edn estaban inquietos, ten\u00edan un plan. Sastre atac\u00f3 de nuevo en el puerto que glorific\u00f3 a su cu\u00f1ado Chava Jim\u00e9nez y abri\u00f3 hueco, pero no tard\u00f3 en unirse Igor Ant\u00f3n. Movimientos de dos ilustres con cuentas pendientes.<\/p>\n<p>A 6 kil\u00f3metros de la cima, aprovechando una rampa del 22 por ciento, tens\u00f3 la cadena Juanjo Cobo, que mov\u00eda un desarrollo del 34-32, m\u00e1s propio de la bicicleta de monta\u00f1a. Las primeras pedaladas del c\u00e1ntabro terminaron con los intentos de fuga y pusieron al resto de favoritos &#8220;con el gancho&#8221;. Ganaba segundos sin mirar atr\u00e1s, confiado en el golpe de mano que estaba llevando a cabo.<\/p>\n<p>Por detr\u00e1s Froome, Wiggins, Menchov y Poels persegu\u00edan a Cobo entre la multitud. La Cue\u00f1a les Cabres, muro del 23 por ciento situado a tres kil\u00f3metros de meta termin\u00f3 de hundir a Wiggins, que se desped\u00eda del maillot rojo. El campe\u00f3n ol\u00edmpico y mundial de persecuci\u00f3n se retorc\u00eda en la defensa de la prenda que portaba.<\/p>\n<p>Cobo ya no pod\u00eda fallar, iba lanzado. &#8220;All\u00ed estaba la mitad de mi pueblo&#8221;, entre el pasillo humano que le condujo a la victoria prestigiosa de su carrera profesional. Quien se lo iba a decir hace tres meses, cuando en plena depresi\u00f3n quer\u00eda colgar la bicicleta.<\/p>\n<p>A los 30 a\u00f1os le llega su momento. Explot\u00f3 en 2007 adjudic\u00e1ndose la\u00a0Vuelta\u00a0al Pa\u00eds Vasco y en 2008 le fue adjudicada una etapa en el Tour por eliminaci\u00f3n de su compa\u00f1ero de equipo Leonardo Piepoli, con quien entr\u00f3 de la mano en Hautacam.<\/p>\n<p>En la\u00a0Vuelta\u00a0estren\u00f3 su palmar\u00e9s en 2009 con triunfo en La Granja. De 2010 &#8220;mejor pasar p\u00e1gina&#8221;. Entr\u00f3 en un camino oscuro que no se despej\u00f3 hasta bien entrada la primavera de 2011. Ahora est\u00e1 a un paso de ganar la\u00a0Vuelta. De momento llega a la jornada de descanso con el maillot rojo. Entrar\u00e1 en Cantabria como l\u00edder de la carrera. Incre\u00edble pero cierto.<\/p>\n","protected":false},"excerpt":{"rendered":"<p>El espa\u00f1ol Juan Jos\u00e9 Cobo, &#8220;El bisonte de La Pesa&#8221;, irrumpi\u00f3 con fuerza en la Vuelta con un golpe doble que le permiti\u00f3 adjudicarse la etapa reina de la presente edici\u00f3n con final en la m\u00edtica cima del Angliru y enfundarse el maillot rojo de l\u00edder.<\/p>\n","protected":false},"author":1,"featured_media":10284,"comment_status":"closed","ping_status":"open","sticky":false,"template":"","format":"standard","meta":{"footnotes":""},"categories":[28],"tags":[7561,1215,7562,7332],"class_list":["post-10283","post","type-post","status-publish","format-standard","has-post-thumbnail","hentry","category-deportes","tag-angliru","tag-ciclismo","tag-juan-jose-cobo","tag-vuelta"],"_links":{"self":[{"href":"https:\/\/diarioelpopular.com\/index.php\/wp-json\/wp\/v2\/posts\/10283","targetHints":{"allow":["GET"]}}],"collection":[{"href":"https:\/\/diarioelpopular.com\/index.php\/wp-json\/wp\/v2\/posts"}],"about":[{"href":"https:\/\/diarioelpopular.com\/index.php\/wp-json\/wp\/v2\/types\/post"}],"author":[{"embeddable":true,"href":"https:\/\/diarioelpopular.com\/index.php\/wp-json\/wp\/v2\/users\/1"}],"replies":[{"embeddable":true,"href":"https:\/\/diarioelpopular.com\/index.php\/wp-json\/wp\/v2\/comments?post=10283"}],"version-history":[{"count":0,"href":"https:\/\/diarioelpopular.com\/index.php\/wp-json\/wp\/v2\/posts\/10283\/revisions"}],"wp:featuredmedia":[{"embeddable":true,"href":"https:\/\/diarioelpopular.com\/index.php\/wp-json\/"}],"wp:attachment":[{"href":"https:\/\/diarioelpopular.com\/index.php\/wp-json\/wp\/v2\/media?parent=10283"}],"wp:term":[{"taxonomy":"category","embeddable":true,"href":"https:\/\/diarioelpopular.com\/index.php\/wp-json\/wp\/v2\/categories?post=10283"},{"taxonomy":"post_tag","embeddable":true,"href":"https:\/\/diarioelpopular.com\/index.php\/wp-json\/wp\/v2\/tags?post=10283"}],"curies":[{"name":"wp","href":"https:\/\/api.w.org\/{rel}","templated":true}]}}