{"id":10303,"date":"2011-09-04T17:06:38","date_gmt":"2011-09-04T21:06:38","guid":{"rendered":"http:\/\/retrolab.ca\/elpopular\/?p=10303"},"modified":"2011-09-04T17:06:38","modified_gmt":"2011-09-04T21:06:38","slug":"venecia-se-pone-en-pie-para-recibir-a-al-pacino","status":"publish","type":"post","link":"https:\/\/diarioelpopular.com\/index.php\/2011\/09\/04\/venecia-se-pone-en-pie-para-recibir-a-al-pacino\/","title":{"rendered":"Venecia se pone en pie para recibir a Al Pacino"},"content":{"rendered":"<div id=\"attachment_10304\" style=\"width: 710px\" class=\"wp-caption aligncenter\"><a href=\"http:\/\/retrolab.ca\/elpopular\/wp-content\/uploads\/2011\/09\/Al-Pacino-y-Jessica-Chastein.jpg\"><img loading=\"lazy\" decoding=\"async\" aria-describedby=\"caption-attachment-10304\" class=\"size-full wp-image-10304\" title=\"Al Pacino y Jessica Chastein\" src=\"http:\/\/retrolab.ca\/elpopular\/wp-content\/uploads\/2011\/09\/Al-Pacino-y-Jessica-Chastein.jpg\" alt=\"\" width=\"700\" height=\"420\" \/><\/a><p id=\"caption-attachment-10304\" class=\"wp-caption-text\">El director y actor estadounidense Al Pacino, con la actriz estadounidense Jessica Chastain, en el Festival de Venecia. Foto: Claudio Onorati \/ Efe<\/p><\/div>\n<p><em><strong>Alicia Garc\u00eda de Francisco. Venecia\u00a0(Italia).- <\/strong><\/em>Al Pacino acudi\u00f3 este domingo al Festival de\u00a0Venecia\u00a0para recibir un premio que no sab\u00eda muy bien qu\u00e9 era y present\u00f3 fuera de competici\u00f3n un trabajo que no supo si calificar de documental o de pel\u00edcula, pero su larga carrera hizo que todos le recibieran en pie y con una emocionada emoci\u00f3n.<\/p>\n<p>Uno de los actores m\u00e1s respetados del cine contempor\u00e1neo, ganador de un \u00d3scar y con otras siete nominaciones, Al Pacino se ha hecho merecedor del premio Jaeger-Le Coultre Glory to the Filmmaker 2011, un galard\u00f3n que otorga la Mostra de\u00a0Venecia\u00a0a un artista que ha dejado una marca original en el cine contempor\u00e1neo.<\/p>\n<p>&#8220;Esta noche voy a recibir un premio del que no conozco muy bien los detalles&#8221;, dijo honestamente el actor, que sin embargo agradeci\u00f3 que fuera por su labor como realizador, algo que empez\u00f3 hace 25 a\u00f1os cuando decidi\u00f3 comenzar a filmar las cosas que le gustaban.<\/p>\n<p>&#8220;Me enamor\u00e9 de la idea de hacer una pel\u00edcula, es algo m\u00e1gico para m\u00ed&#8221; explic\u00f3 Pacino, quien reconoci\u00f3 que en aquella primera etapa realizo cinco o seis filmes que est\u00e1n bien guardados y que nunca exhibir\u00e1 -&#8220;como mis pinturas&#8221;, agreg\u00f3-.<\/p>\n<p>Pero fue suficiente para que se diera cuenta de que amaba la labor del director y adem\u00e1s le sirvi\u00f3 para hacerse m\u00e1s f\u00e1cil para los realizadores con los que ha trabajado despu\u00e9s. &#8220;No sab\u00eda hasta entonces nada de las necesidades del director&#8221;.<\/p>\n<p>Y eso le llev\u00f3 a realizar su primera pel\u00edcula para el p\u00fablico, &#8220;Looking for Richard&#8221;, en 1996.<\/p>\n<p>Un filme\/documental que muestra el proceso de creaci\u00f3n de la obra de teatro Richard III y con el que Pacino quer\u00eda simplemente conseguir que la audiencia se relacionara con Shakespeare.<\/p>\n<p>Quince a\u00f1os despu\u00e9s llega a\u00a0Venecia\u00a0con &#8220;Wilde Salome&#8221;, un proyecto muy similar a &#8220;Looking for Richard&#8221;, en el que muestra c\u00f3mo pone en pie la obra de Oscar Wilde, protagonizada por \u00e9l mismo y por Jessica Chastain.<\/p>\n<p>En este caso, lo que quer\u00eda era mostrar el gran escritor que fue Wilde, un genio &#8220;que fue apartado antes de que se le comprendiera&#8221;.<\/p>\n<p>De ah\u00ed que en su filme mezcle el proceso teatral con una visi\u00f3n de la vida de Wilde, del que visita su lugar de nacimiento, en Irlanda, la casa en la que vivi\u00f3 en Londres y en la que muri\u00f3 en Par\u00eds.<\/p>\n<p>Un filme interesante -aunque menos para los que hayan visto &#8220;Looking for Richard&#8221;- que desvela los entresijos en los que se mueve Pacino y su &#8220;banda&#8221; para preparar la obra.<\/p>\n<p>&#8220;Cuando trabajas en teatro y cuando trabajas con tus colegas, se forma una banda de forma natural. Al principio la gente no es tan abierta pero despu\u00e9s de unos d\u00edas todos estamos juntos para interpretar esa obra y dependemos los unos de los otros&#8221;, explic\u00f3 el protagonista de &#8220;The Godfather&#8221;.<\/p>\n<p>Un trabajo conjunto que se aprecia en &#8220;Wilde Salome&#8221;, un proyecto a medio camino entre el documental y la pel\u00edcula.<\/p>\n<p>&#8220;Un d\u00eda dije que ten\u00eda una visi\u00f3n pero no una historia y he intentado crear una historia. Pero no s\u00e9 muy bien qu\u00e9 es. Digo que es un documental porque no es un filme, pero tampoco es un documental&#8221;, se\u00f1al\u00f3 un Pacino relajado y encantado de estar en\u00a0Venecia.<\/p>\n<p>Decidi\u00f3 hacer esta &#8220;Wilde Salome&#8221; cuando conoci\u00f3 a Jessica Chastain y la encontr\u00f3 perfecta para el papel. Pero una vez iniciado el rodaje, se bloque\u00f3, as\u00ed que decidi\u00f3 parar cinco meses antes de ver de nuevo el material que ya hab\u00eda rodado. &#8220;Entonces s\u00ed supe lo que ten\u00eda que hacer&#8221;.<\/p>\n<p>Y lo hizo en apenas una semana y media.<\/p>\n<p>El problema, explica con sorna, fue la falta de gui\u00f3n. &#8220;Recomiendo tener un gui\u00f3n, a m\u00ed mismo tambi\u00e9n&#8221;, afirm\u00f3 ante un p\u00fablico entregado.<\/p>\n<p>Honesto pero sabedor de su encanto, Pacino conquist\u00f3 a todos en\u00a0Venecia\u00a0con su verborrea, sus bromas entre l\u00edneas y hasta con su aspecto -con el pelo alborotado y camisa de seda brillante- que parec\u00eda sacado de uno e sus \u00e9xitos de los a\u00f1os setenta.<\/p>\n<p>&#8220;He hecho cosas que me gustar\u00eda no haber hecho, muchas cosas. Pero as\u00ed es como son las cosas y todos lo sabemos&#8221;, asegur\u00f3 el actor, de 71 a\u00f1os y con una cincuentena de t\u00edtulos a sus espaldas -incluido &#8220;Scent of a Woman&#8221;, con el que gan\u00f3 su \u00fanico \u00d3scar en 1993-.<\/p>\n<p>Una larga carrera que continuar\u00e1 porque, afirm\u00f3 un tanto sorprendido: &#8220;a\u00fan hay pel\u00edculas que vienen a m\u00ed&#8221;.<\/p>\n<p>&#8220;Siempre digo que voy a ser selectivo pero no lo soy porque siempre quiero hacer algo. Espero alg\u00fan d\u00eda seguir la filosof\u00eda de hacer lo que siento que es adecuado para m\u00ed&#8221;.<\/p>\n","protected":false},"excerpt":{"rendered":"<p>Al Pacino acudi\u00f3 al Festival de Venecia para recibir un premio que no sab\u00eda muy bien qu\u00e9 era y present\u00f3 fuera de competici\u00f3n un trabajo que no supo si calificar de documental o de pel\u00edcula, pero su larga carrera hizo que todos le recibieran en pie y con una emocionada emoci\u00f3n.<\/p>\n","protected":false},"author":1,"featured_media":10304,"comment_status":"closed","ping_status":"open","sticky":false,"template":"","format":"standard","meta":{"footnotes":""},"categories":[80],"tags":[7568,7569,7523],"class_list":["post-10303","post","type-post","status-publish","format-standard","has-post-thumbnail","hentry","category-cine-2","tag-al-pacino","tag-jessica-chastain","tag-venecia"],"_links":{"self":[{"href":"https:\/\/diarioelpopular.com\/index.php\/wp-json\/wp\/v2\/posts\/10303","targetHints":{"allow":["GET"]}}],"collection":[{"href":"https:\/\/diarioelpopular.com\/index.php\/wp-json\/wp\/v2\/posts"}],"about":[{"href":"https:\/\/diarioelpopular.com\/index.php\/wp-json\/wp\/v2\/types\/post"}],"author":[{"embeddable":true,"href":"https:\/\/diarioelpopular.com\/index.php\/wp-json\/wp\/v2\/users\/1"}],"replies":[{"embeddable":true,"href":"https:\/\/diarioelpopular.com\/index.php\/wp-json\/wp\/v2\/comments?post=10303"}],"version-history":[{"count":0,"href":"https:\/\/diarioelpopular.com\/index.php\/wp-json\/wp\/v2\/posts\/10303\/revisions"}],"wp:featuredmedia":[{"embeddable":true,"href":"https:\/\/diarioelpopular.com\/index.php\/wp-json\/"}],"wp:attachment":[{"href":"https:\/\/diarioelpopular.com\/index.php\/wp-json\/wp\/v2\/media?parent=10303"}],"wp:term":[{"taxonomy":"category","embeddable":true,"href":"https:\/\/diarioelpopular.com\/index.php\/wp-json\/wp\/v2\/categories?post=10303"},{"taxonomy":"post_tag","embeddable":true,"href":"https:\/\/diarioelpopular.com\/index.php\/wp-json\/wp\/v2\/tags?post=10303"}],"curies":[{"name":"wp","href":"https:\/\/api.w.org\/{rel}","templated":true}]}}