{"id":103132,"date":"2012-01-14T20:26:15","date_gmt":"2012-01-15T01:26:15","guid":{"rendered":"http:\/\/diarioelpopular.com\/?p=103132"},"modified":"2012-01-14T20:26:15","modified_gmt":"2012-01-15T01:26:15","slug":"despres-y-peterhansel-acarician-la-corona-del-dakar","status":"publish","type":"post","link":"https:\/\/diarioelpopular.com\/index.php\/2012\/01\/14\/despres-y-peterhansel-acarician-la-corona-del-dakar\/","title":{"rendered":"Despres y Peterhansel acarician la corona del Dakar"},"content":{"rendered":"<div id=\"attachment_103456\" style=\"width: 710px\" class=\"wp-caption aligncenter\"><a href=\"https:\/\/diarioelpopular.com\/wp-content\/uploads\/2012\/01\/Dakar-2012-etapa-13.jpg\"><img loading=\"lazy\" decoding=\"async\" aria-describedby=\"caption-attachment-103456\" class=\"size-full wp-image-103456\" title=\"Dakar 2012, etapa 13\" src=\"https:\/\/diarioelpopular.com\/wp-content\/uploads\/2012\/01\/Dakar-2012-etapa-13.jpg\" alt=\"\" width=\"700\" height=\"420\" \/><\/a><p id=\"caption-attachment-103456\" class=\"wp-caption-text\">Dos pilotos conducen sus motos durante la decimotercera etapa del Rally Dakar, entre Nasca y Pisco (Per\u00fa). Foto: C\u00e9zaro de Luca \/ Efe<\/p><\/div>\n<p><em><strong>G<\/strong><strong>erard Soler. Pisco (Per\u00fa).-<\/strong><\/em> Cyril Despres puso este s\u00e1bado un pie y medio en lo m\u00e1s alto del podio del\u00a0Dakar. El galo liquid\u00f3 el tiempo que lo separaba de Marc Coma y de un zarpazo se puso a m\u00e1s de once minutos del espa\u00f1ol en la clasificaci\u00f3n, una distancia casi insalvable en una \u00faltima etapa de solo 29 kil\u00f3metros hasta Lima.<\/p>\n<p>En autos, la pen\u00faltima etapa, entre Nasca y Pisco, acerc\u00f3 un poco m\u00e1s al triunfo al franc\u00e9s St\u00e9phane Peterhansel, al que solo una hecatombe podr\u00eda alejar de su d\u00e9cimo t\u00edtulo del\u00a0Dakar.<\/p>\n<p>Con Despres y Coma luchando cada kil\u00f3metro y cada segundo, la decimotercera etapa deb\u00eda ser la definitoria, la que decantara la balanza hacia un lado o el otro.<\/p>\n<p>Y sin duda lo hizo a favor del galo. Coma empezaba la jornada abriendo la pista y con un minuto y 35 segundos de ventaja sobre su rival, pero Despres contaba con la dicha de salir al ruedo en cuarta posici\u00f3n, seis minutos detr\u00e1s del espa\u00f1ol.<\/p>\n<p>La carrera pronto se torci\u00f3 para Coma, que en el kil\u00f3metro veinte vio como la caja de cambios se estropeaba y lo dejaba sin la segunda y la tercera marcha.<\/p>\n<p>El catal\u00e1n se vio obligado a aminorar el ritmo y r\u00e1pidamente se dio cuenta de el\u00a0Dakar\u00a0se le escapaba irremediablemente de las manos.<\/p>\n<p>&#8220;He llegado a pensar que no llegar\u00eda al final. Abandonar no pasaba por mi mente, pero cre\u00eda que la caja de cambios se iba a romper del todo&#8221;, explic\u00f3 El problema mec\u00e1nico lo oblig\u00f3 a modificar sobre la marcha el libro de ruta, ya que le resultaba imposible escalar las empinadas dunas del desierto peruano.<\/p>\n<p>Al final cedi\u00f3 m\u00e1s de doce minutos con Despres, que termin\u00f3 la etapa en segunda posici\u00f3n, rodando junto a los espa\u00f1oles Jordi Viladoms y Joena Barreda, que fueron tercero y cuarto respectivamente.<\/p>\n<p>Al llegar al campamento de Pisco, Coma lament\u00f3 que el problema en la moto no le permiti\u00f3 defender el liderato, aunque consider\u00f3 que, de todas formas, Despres ten\u00eda muchas posibilidades de atraparlo.<\/p>\n<p>&#8220;Seguramente nos hubiesen ganado, no hac\u00eda falta que se rompiera el cambio&#8221;, indic\u00f3.<\/p>\n<p>El galo, en tanto, se mostr\u00f3 satisfecho pero extremadamente comedido. &#8220;La lucha fue tan dura hasta aqu\u00ed que quiero concentrarme en la etapa de ma\u00f1ana. No se qu\u00e9 le ha pasado hoy a Marc (Coma), pero teniendo en cuenta su forma de conducir y el talento que tiene, vale la pena esperar un d\u00eda m\u00e1s para hacer la fiesta&#8221;, dijo.<\/p>\n<p>Si no hay sorpresas de \u00faltimo momento, el portugu\u00e9s Helder Rodrigues conseguir\u00e1 la tercera posici\u00f3n delante de Viladoms, que marcha cuarto.<\/p>\n<p>En autos, St\u00e9phane Peterhansel fue el \u00fanico del grupo de favoritos que no naufrag\u00f3 en las dunas del desierto de Ica. Gan\u00f3 la etapa a m\u00e1s de ocho minutos del segundo, el sudafricano Giniel De Villiers, y dej\u00f3 vista para sentencia la carrera.<\/p>\n<p>Peterhansel tiene m\u00e1s de 42 minutos de ventaja sobre Joan &#8216;Nani&#8217; Roma, que en la etapa de hoy pas\u00f3 un mal rato en la arena y termin\u00f3 s\u00e9ptimo.<\/p>\n<p>El segundo caj\u00f3n del podio parece asegurado para el catal\u00e1n, que tiene a De Villiers a casi media hora.<\/p>\n<p>El estadounidense Robby Gordon, ganador de la duod\u00e9cima etapa, tuvo un accidente y dio una vuelta de campana. El Hummer resisti\u00f3 el embate y pudo seguir en carrera, aunque poco despu\u00e9s tuvo un pinchazo y perdi\u00f3 alg\u00fan minuto m\u00e1s.<\/p>\n<p>En quads gan\u00f3 el argentino Tom\u00e1s Maffei y su compatriota Alejandro Patronelli est\u00e1 preparado para celebrar su segundo\u00a0Dakar\u00a0consecutivo.<\/p>\n<p>El holand\u00e9s Gerard De Rooy, en tanto, se proclamar\u00e1 campe\u00f3n en la categor\u00eda de camiones, en la que tiene casi una hora de ventaja.<\/p>\n","protected":false},"excerpt":{"rendered":"<p>Cyril Despres puso este s\u00e1bado un pie y medio en lo m\u00e1s alto del podio del Dakar. El galo liquid\u00f3 el tiempo que lo separaba de Marc Coma y de un zarpazo se puso a m\u00e1s de once minutos del espa\u00f1ol en la clasificaci\u00f3n, una distancia casi insalvable en una \u00faltima etapa de solo 29 kil\u00f3metros hasta Lima.<\/p>\n","protected":false},"author":1,"featured_media":103456,"comment_status":"closed","ping_status":"open","sticky":false,"template":"","format":"standard","meta":{"footnotes":""},"categories":[28],"tags":[831,46,832,173],"class_list":["post-103132","post","type-post","status-publish","format-standard","has-post-thumbnail","hentry","category-deportes","tag-cyril-despres","tag-dakar","tag-peterhansel","tag-rally"],"_links":{"self":[{"href":"https:\/\/diarioelpopular.com\/index.php\/wp-json\/wp\/v2\/posts\/103132","targetHints":{"allow":["GET"]}}],"collection":[{"href":"https:\/\/diarioelpopular.com\/index.php\/wp-json\/wp\/v2\/posts"}],"about":[{"href":"https:\/\/diarioelpopular.com\/index.php\/wp-json\/wp\/v2\/types\/post"}],"author":[{"embeddable":true,"href":"https:\/\/diarioelpopular.com\/index.php\/wp-json\/wp\/v2\/users\/1"}],"replies":[{"embeddable":true,"href":"https:\/\/diarioelpopular.com\/index.php\/wp-json\/wp\/v2\/comments?post=103132"}],"version-history":[{"count":0,"href":"https:\/\/diarioelpopular.com\/index.php\/wp-json\/wp\/v2\/posts\/103132\/revisions"}],"wp:featuredmedia":[{"embeddable":true,"href":"https:\/\/diarioelpopular.com\/index.php\/wp-json\/"}],"wp:attachment":[{"href":"https:\/\/diarioelpopular.com\/index.php\/wp-json\/wp\/v2\/media?parent=103132"}],"wp:term":[{"taxonomy":"category","embeddable":true,"href":"https:\/\/diarioelpopular.com\/index.php\/wp-json\/wp\/v2\/categories?post=103132"},{"taxonomy":"post_tag","embeddable":true,"href":"https:\/\/diarioelpopular.com\/index.php\/wp-json\/wp\/v2\/tags?post=103132"}],"curies":[{"name":"wp","href":"https:\/\/api.w.org\/{rel}","templated":true}]}}