{"id":10325,"date":"2011-09-04T18:40:54","date_gmt":"2011-09-04T22:40:54","guid":{"rendered":"http:\/\/retrolab.ca\/elpopular\/?p=10325"},"modified":"2011-09-04T18:40:54","modified_gmt":"2011-09-04T22:40:54","slug":"nadal-sufre-un-calambre-en-plena-rueda-de-prensa-y-se-tira-al-suelo","status":"publish","type":"post","link":"https:\/\/diarioelpopular.com\/index.php\/2011\/09\/04\/nadal-sufre-un-calambre-en-plena-rueda-de-prensa-y-se-tira-al-suelo\/","title":{"rendered":"Un calambre tumba a Nadal en plena rueda de prensa"},"content":{"rendered":"<div id=\"attachment_10329\" style=\"width: 310px\" class=\"wp-caption alignright\"><a href=\"http:\/\/retrolab.ca\/elpopular\/wp-content\/uploads\/2011\/09\/Calambre-de-Nadal.jpg\"><img loading=\"lazy\" decoding=\"async\" aria-describedby=\"caption-attachment-10329\" class=\"size-medium wp-image-10329\" title=\"Calambre de Nadal\" src=\"http:\/\/retrolab.ca\/elpopular\/wp-content\/uploads\/2011\/09\/Calambre-de-Nadal-300x300.jpg\" alt=\"\" width=\"300\" height=\"300\" \/><\/a><p id=\"caption-attachment-10329\" class=\"wp-caption-text\">Ante la molestia que padec\u00eda, Nadal se tumb\u00f3 en el suelo y la organizaci\u00f3n desaloj\u00f3 a los medios de comunicaci\u00f3n. Secuencia: ESPN<\/p><\/div>\n<p><em><strong>E<\/strong><strong>fe. Nueva York.-<\/strong><\/em> Rafa\u00a0Nadal, campe\u00f3n del Abierto de EE UU, sufri\u00f3 un calambre en la pierna derecha mientras realizaba su rueda de prensa, que motiv\u00f3 que esta fuera suspendida durante algunos minutos y que el jugador necesitase la asistencia de uno de los fisioterapeutas del torneo.<\/p>\n<p>Mientras contestaba a las preguntas de los periodistas espa\u00f1oles,\u00a0Nadal\u00a0torci\u00f3 el gesto y se tap\u00f3 la cara con gestos de dolor, mientras apenas pod\u00eda articular palabra. Tras unos segundos,\u00a0Nadal\u00a0solicit\u00f3 a los organizadores que llamaran a un fisioterapeuta.<\/p>\n<p>Ante la molestia que padec\u00eda, el n\u00famero dos mundial se tumb\u00f3 en el suelo y la organizaci\u00f3n desaloj\u00f3 a los medios de comunicaci\u00f3n presentes a la espera de la llegada del fisio, el cual le realiz\u00f3 masajes en la zona afectada y le aplic\u00f3 una bolsa de hielo.<\/p>\n<p>Una vez superada la molestia y tras un gran revuelo de periodistas en el exterior de la sala de prensa, se reanud\u00f3 la conferencia.<\/p>\n<p>&#8220;Me ha dado una rampa en la pierna, nada m\u00e1s. Se me ha cargado el cu\u00e1driceps y el isquio al mismo tiempo y no me pod\u00eda mover. Pero no pasa nada, ma\u00f1ana estar\u00e9 entrenando sin problemas&#8221;, asegur\u00f3.<a name=\"video\"><\/a><\/p>\n<p style=\"text-align: center\">[youtube X7mD_bbMr9I nolink]<\/p>\n<p>&nbsp;<\/p>\n","protected":false},"excerpt":{"rendered":"<p>Rafa Nadal, campe\u00f3n del Abierto de EE UU, sufri\u00f3 un calambre en la pierna derecha mientras realizaba su rueda de prensa, que motiv\u00f3 que esta fuera suspendida durante algunos minutos y que el jugador necesitase la asistencia de uno de los fisioterapeutas del torneo.<br \/>\n<a href=\"http:\/\/retrolab.ca\/elpopular\/2011\/09\/nadal-sufre-un-calambre-en-plena-rueda-de-prensa-y-se-tira-al-suelo\/#video\"><strong><span style=\"color: #000080\">\u00bb VIDEO<\/span><\/strong><\/a><\/p>\n","protected":false},"author":1,"featured_media":10326,"comment_status":"closed","ping_status":"open","sticky":false,"template":"","format":"standard","meta":{"footnotes":""},"categories":[28],"tags":[7473,7572,426,7573,7475],"class_list":["post-10325","post","type-post","status-publish","format-standard","has-post-thumbnail","hentry","category-deportes","tag-abierto-de-ee-uu","tag-calambre","tag-nadal","tag-rueda-de-prensa","tag-us-open"],"_links":{"self":[{"href":"https:\/\/diarioelpopular.com\/index.php\/wp-json\/wp\/v2\/posts\/10325","targetHints":{"allow":["GET"]}}],"collection":[{"href":"https:\/\/diarioelpopular.com\/index.php\/wp-json\/wp\/v2\/posts"}],"about":[{"href":"https:\/\/diarioelpopular.com\/index.php\/wp-json\/wp\/v2\/types\/post"}],"author":[{"embeddable":true,"href":"https:\/\/diarioelpopular.com\/index.php\/wp-json\/wp\/v2\/users\/1"}],"replies":[{"embeddable":true,"href":"https:\/\/diarioelpopular.com\/index.php\/wp-json\/wp\/v2\/comments?post=10325"}],"version-history":[{"count":0,"href":"https:\/\/diarioelpopular.com\/index.php\/wp-json\/wp\/v2\/posts\/10325\/revisions"}],"wp:featuredmedia":[{"embeddable":true,"href":"https:\/\/diarioelpopular.com\/index.php\/wp-json\/"}],"wp:attachment":[{"href":"https:\/\/diarioelpopular.com\/index.php\/wp-json\/wp\/v2\/media?parent=10325"}],"wp:term":[{"taxonomy":"category","embeddable":true,"href":"https:\/\/diarioelpopular.com\/index.php\/wp-json\/wp\/v2\/categories?post=10325"},{"taxonomy":"post_tag","embeddable":true,"href":"https:\/\/diarioelpopular.com\/index.php\/wp-json\/wp\/v2\/tags?post=10325"}],"curies":[{"name":"wp","href":"https:\/\/api.w.org\/{rel}","templated":true}]}}