{"id":104119,"date":"2012-01-14T21:26:56","date_gmt":"2012-01-15T02:26:56","guid":{"rendered":"http:\/\/diarioelpopular.com\/?p=104119"},"modified":"2012-01-14T21:26:56","modified_gmt":"2012-01-15T02:26:56","slug":"angelina-jolie-la-nueva-chica-almodovar","status":"publish","type":"post","link":"https:\/\/diarioelpopular.com\/index.php\/2012\/01\/14\/angelina-jolie-la-nueva-chica-almodovar\/","title":{"rendered":"Angelina Jolie, la nueva chica Almod\u00f3var"},"content":{"rendered":"<div id=\"attachment_104120\" style=\"width: 710px\" class=\"wp-caption aligncenter\"><a href=\"https:\/\/diarioelpopular.com\/wp-content\/uploads\/2012\/01\/Angelina-Jolie-la-nueva-chica-Almod\u00f3var.jpg\"><img loading=\"lazy\" decoding=\"async\" aria-describedby=\"caption-attachment-104120\" class=\"size-full wp-image-104120\" title=\"Angelina Jolie, la nueva chica Almod\u00f3var\" src=\"https:\/\/diarioelpopular.com\/wp-content\/uploads\/2012\/01\/Angelina-Jolie-la-nueva-chica-Almod\u00f3var.jpg\" alt=\"\" width=\"700\" height=\"420\" \/><\/a><p id=\"caption-attachment-104120\" class=\"wp-caption-text\">El director espa\u00f1ol Pedro Almod\u00f3var, junto a la actriz estadounidense Angelina Jolie, a su llegada al teatro Egipcio de Hollywood, en Los \u00c1ngeles (EE UU). Foto: Adri\u00e1n S\u00e1nchez-Gonz\u00e1lez \/ Efe<\/p><\/div>\n<p><em><strong>Fernando Mex\u00eda. Los \u00c1ngeles (EE UU).-<\/strong><\/em> La actriz Angelina Jolie logr\u00f3 arrancar este s\u00e1bado al cineasta espa\u00f1ol Pedro Almod\u00f3var la promesa de que contar\u00e1 con ella para alguno de sus proyectos en un evento que reuni\u00f3 en Los \u00c1ngeles a los directores de los filmes candidatos a mejor pel\u00edcula de habla no inglesa en los Globos de Oro.<\/p>\n<p>La int\u00e9rprete y pareja de Brad Pitt interrumpi\u00f3 una entrevista que estaba dando a la entrada del Teatro Egipcio de Hollywood para acercarse hasta el realizador manchego, que acababa de llegar, y pedirle un papel ante la atenta mirada de los periodistas.<\/p>\n<p>&#8220;\u00bfCu\u00e1ndo me dar\u00e1s un trabajo?, \u00bfalg\u00fan d\u00eda?&#8221;, le pregunt\u00f3 Jolie al director de &#8220;Hable con ella&#8221; (2002).<\/p>\n<p>&#8220;No te preocupes, eres joven&#8221;, contest\u00f3 \u00e9l, sorprendido por la situaci\u00f3n.<\/p>\n<p>&#8220;\u00bfPero prometes que alg\u00fan d\u00eda?&#8221;, continu\u00f3 Jolie vehemente.<\/p>\n<p>&#8220;S\u00ed, absolutamente. Esto es un compromiso delante de las c\u00e1maras&#8221;, afirm\u00f3 Almod\u00f3var que le record\u00f3 a la actriz que se hab\u00edan conocido en Los \u00c1ngeles cuando ella acababa de protagonizar &#8220;Girl, Interrupted&#8221; (1999) y el espa\u00f1ol hab\u00eda estrenado &#8220;Todo sobre mi madre&#8221; (1999).<\/p>\n<p>Tanto Jolie como Almod\u00f3var obtuvieron el \u00d3scar por esos proyectos, la estadounidense como mejor actriz de reparto y el manchego en la categor\u00eda de mejor pel\u00edcula extranjera.<\/p>\n<p>&#8220;A m\u00ed me encanta ella&#8221;, coment\u00f3 posteriormente Almod\u00f3var, que adelant\u00f3 que tiene entre manos un proyecto ambientado en Nueva York que podr\u00eda llevarle a rodar en EEUU y en ingl\u00e9s si logra &#8220;el gui\u00f3n adecuado&#8221;.<\/p>\n<p>&#8220;Creo que (Angelina) encaja perfectamente (en sus pel\u00edculas) porque es una chica que se arriesga. Encajar\u00eda no en cualquiera pero s\u00ed en muchos de los papeles femeninos que he escrito&#8221;, explic\u00f3 el cineasta que se imagin\u00f3 a Jolie como la Carmen Maura de EEUU.<\/p>\n<p>&#8220;Angelina puede ser una mujer sobria pero &#8216;glamurosa&#8217;, ella podr\u00eda haber hecho de Pepi (Maura) en &#8216;Pepi, Luci, Bom y otras chicas del mont\u00f3n&#8217; (1980) y tambi\u00e9n podr\u00eda haber hecho el personaje de Carmen Maura en &#8216;Qu\u00e9 he hecho yo para merecer esto&#8217; (1984), bien despeinada y con poco maquillaje&#8221;, apunt\u00f3 Almod\u00f3var.<\/p>\n<p>Jolie no ocult\u00f3 en ning\u00fan momento su admiraci\u00f3n por el espa\u00f1ol y por su \u00faltima pel\u00edcula (&#8220;La piel que habito&#8221;) que le pareci\u00f3 &#8220;una de las obras m\u00e1s inusuales, originales y audaces&#8221; que hab\u00eda visto en su vida.<\/p>\n<p>&#8220;Se ve que no hay nada que le bloquee (a Almod\u00f3var) y que le haga pensar c\u00f3mo se van a recibir sus obras. Tiene la libertad de dejarse llevar e intentarlo todo y es tan creativo y tan valiente que no puedes evitar sentirte inspirada por \u00e9l. Estoy muy inspirada por \u00e9l&#8221;, manifest\u00f3.<\/p>\n<p>Almod\u00f3var obtuvo con &#8220;La piel que habito&#8221; su s\u00e9ptima candidatura a los Globos de Oro como mejor pel\u00edcula de habla no inglesa, una categor\u00eda nueva para Jolie, quien consigui\u00f3 que su debut como directora con su cinta bosnia &#8220;In the Land of Blood and Honey&#8221; fuera nominada por los miembros de la Asociaci\u00f3n de la Prensa Extranjera de Hollywood, entidad que concede esos premios.<\/p>\n<p>Si bien el espa\u00f1ol y la estadounidense acapararon la atenci\u00f3n del p\u00fablico y los periodistas, es el filme iran\u00ed &#8220;A Separation&#8221;, de Asghar Farhadi, la que parte como favorita a alzarse con el galard\u00f3n en la gala que tendr\u00e1 lugar el domingo a partir de las 5 de la tarde en Los \u00c1ngeles (01.00 GMT del lunes).<\/p>\n<p>&#8220;No tengo la impresi\u00f3n de que me lo vayan a dar a m\u00ed&#8221;, coment\u00f3 Almod\u00f3var quien espera divertirse con los &#8220;chistes&#8221; y desea que el pol\u00e9mico maestro de ceremonias, Ricky Gervais, que hace gala de un humor ofensivo, &#8220;est\u00e9 muy incorrecto&#8221; para tener despu\u00e9s &#8220;cosas de las que hablar&#8221;.<\/p>\n<p>El Teatro Egipcio de Hollywood se llen\u00f3 con cerca de 600 personas que asistieron a un coloquio en el que Jolie, Almod\u00f3var, Farhadi y los hermanos Jean-Pierre y Luc Dardenne, candidatos por B\u00e9lgica con el filme &#8220;The Kid with a Bike&#8221;, contaron durante dos horas sus experiencias en los rodajes de sus pel\u00edculas.<\/p>\n<p>Zhang Yimou, el director de la quinta producci\u00f3n nominada a los Globos de Oro en la categor\u00eda de mejor filme en habla no inglesa, &#8220;The Flowers of War&#8221; (China), no viaj\u00f3 a California para la ceremonia del domingo por motivos de salud.<\/p>\n","protected":false},"excerpt":{"rendered":"<p>La actriz Angelina Jolie logr\u00f3 arrancar al cineasta espa\u00f1ol Pedro Almod\u00f3var la promesa de que contar\u00e1 con ella para alguno de sus proyectos en un evento que reuni\u00f3 en Los \u00c1ngeles a los directores de los filmes candidatos a mejor pel\u00edcula de habla no inglesa en los Globos de Oro.<\/p>\n","protected":false},"author":1,"featured_media":104120,"comment_status":"closed","ping_status":"open","sticky":false,"template":"","format":"standard","meta":{"footnotes":""},"categories":[80],"tags":[698,838,839],"class_list":["post-104119","post","type-post","status-publish","format-standard","has-post-thumbnail","hentry","category-cine-2","tag-angelina-jolie","tag-globos-de-oro","tag-pedro-almodovar"],"_links":{"self":[{"href":"https:\/\/diarioelpopular.com\/index.php\/wp-json\/wp\/v2\/posts\/104119","targetHints":{"allow":["GET"]}}],"collection":[{"href":"https:\/\/diarioelpopular.com\/index.php\/wp-json\/wp\/v2\/posts"}],"about":[{"href":"https:\/\/diarioelpopular.com\/index.php\/wp-json\/wp\/v2\/types\/post"}],"author":[{"embeddable":true,"href":"https:\/\/diarioelpopular.com\/index.php\/wp-json\/wp\/v2\/users\/1"}],"replies":[{"embeddable":true,"href":"https:\/\/diarioelpopular.com\/index.php\/wp-json\/wp\/v2\/comments?post=104119"}],"version-history":[{"count":0,"href":"https:\/\/diarioelpopular.com\/index.php\/wp-json\/wp\/v2\/posts\/104119\/revisions"}],"wp:featuredmedia":[{"embeddable":true,"href":"https:\/\/diarioelpopular.com\/index.php\/wp-json\/"}],"wp:attachment":[{"href":"https:\/\/diarioelpopular.com\/index.php\/wp-json\/wp\/v2\/media?parent=104119"}],"wp:term":[{"taxonomy":"category","embeddable":true,"href":"https:\/\/diarioelpopular.com\/index.php\/wp-json\/wp\/v2\/categories?post=104119"},{"taxonomy":"post_tag","embeddable":true,"href":"https:\/\/diarioelpopular.com\/index.php\/wp-json\/wp\/v2\/tags?post=104119"}],"curies":[{"name":"wp","href":"https:\/\/api.w.org\/{rel}","templated":true}]}}