{"id":10475,"date":"2011-09-05T23:59:56","date_gmt":"2011-09-06T03:59:56","guid":{"rendered":"http:\/\/retrolab.ca\/elpopular\/?p=10475"},"modified":"2011-09-05T23:59:56","modified_gmt":"2011-09-06T03:59:56","slug":"el-brasileno-socrates-hospitalizado-en-estado-grave","status":"publish","type":"post","link":"https:\/\/diarioelpopular.com\/index.php\/2011\/09\/05\/el-brasileno-socrates-hospitalizado-en-estado-grave\/","title":{"rendered":"El brasile\u00f1o S\u00f3crates, hospitalizado en estado grave"},"content":{"rendered":"<div id=\"attachment_10476\" style=\"width: 310px\" class=\"wp-caption alignright\"><a href=\"http:\/\/retrolab.ca\/elpopular\/wp-content\/uploads\/2011\/09\/S\u00f3crates.jpg\"><img loading=\"lazy\" decoding=\"async\" aria-describedby=\"caption-attachment-10476\" class=\"size-medium wp-image-10476\" title=\"S\u00f3crates\" src=\"http:\/\/retrolab.ca\/elpopular\/wp-content\/uploads\/2011\/09\/S\u00f3crates-300x180.jpg\" alt=\"\" width=\"300\" height=\"180\" \/><\/a><p id=\"caption-attachment-10476\" class=\"wp-caption-text\">S\u00f3crates (en primer plano), con Zico, durante el Mundial de f\u00fatbol de 1982, celebrado en Espa\u00f1a<\/p><\/div>\n<p><em><strong>E<\/strong><strong>fe. R\u00edo de Janeiro (Brasil).- <\/strong><\/em>El exfutbolista brasile\u00f1o <a href=\"http:\/\/es.wikipedia.org\/wiki\/S%C3%B3crates_%28futbolista%29\" target=\"_blank\">S\u00f3crates<\/a> fue hospitalizado este lunes en Sao Paulo de urgencia en estado grave, con una hemorragia en el sistema digestivo, afecci\u00f3n por la que estuvo internado hasta hace nueve d\u00edas, informaron medios locales.<\/p>\n<p>S\u00f3crates, de 57 a\u00f1os, recibi\u00f3 el alta el pasado 27 agosto despu\u00e9s de pasar ocho d\u00edas internado a ra\u00edz de una hemorragia estomacal derivada de una cirrosis.<\/p>\n<p>El integrante de la selecci\u00f3n brasile\u00f1a en los mundiales de 1982 y 1986 reconoci\u00f3 la semana pasada que la hemorragia se debe a sus excesos con el alcohol en los \u00faltimos a\u00f1os.<\/p>\n<p>S\u00f3crates Brasileiro Sampaio de Souza Vieira de Oliveira jug\u00f3 la mayor parte de su carrera en el Corinthians y milit\u00f3 tambi\u00e9n en el Fiorentina italiano, adem\u00e1s de los brasile\u00f1os Flamengo, Santos y Botafogo de Riber\u00e3o Preto.<\/p>\n","protected":false},"excerpt":{"rendered":"<p>El exfutbolista brasile\u00f1o S\u00f3crates fue hospitalizado en Sao Paulo de urgencia en estado grave, con una hemorragia en el sistema digestivo derivada de una cirrosis, afecci\u00f3n por la que ya estuvo internado hasta hace nueve d\u00edas.<\/p>\n","protected":false},"author":1,"featured_media":10476,"comment_status":"closed","ping_status":"open","sticky":false,"template":"","format":"standard","meta":{"footnotes":""},"categories":[28],"tags":[387,478,7603,179,7604,7605],"class_list":["post-10475","post","type-post","status-publish","format-standard","has-post-thumbnail","hentry","category-deportes","tag-alcohol","tag-brasil","tag-cirrosis","tag-futbol-2","tag-hospitalizado","tag-socrates"],"_links":{"self":[{"href":"https:\/\/diarioelpopular.com\/index.php\/wp-json\/wp\/v2\/posts\/10475","targetHints":{"allow":["GET"]}}],"collection":[{"href":"https:\/\/diarioelpopular.com\/index.php\/wp-json\/wp\/v2\/posts"}],"about":[{"href":"https:\/\/diarioelpopular.com\/index.php\/wp-json\/wp\/v2\/types\/post"}],"author":[{"embeddable":true,"href":"https:\/\/diarioelpopular.com\/index.php\/wp-json\/wp\/v2\/users\/1"}],"replies":[{"embeddable":true,"href":"https:\/\/diarioelpopular.com\/index.php\/wp-json\/wp\/v2\/comments?post=10475"}],"version-history":[{"count":0,"href":"https:\/\/diarioelpopular.com\/index.php\/wp-json\/wp\/v2\/posts\/10475\/revisions"}],"wp:featuredmedia":[{"embeddable":true,"href":"https:\/\/diarioelpopular.com\/index.php\/wp-json\/"}],"wp:attachment":[{"href":"https:\/\/diarioelpopular.com\/index.php\/wp-json\/wp\/v2\/media?parent=10475"}],"wp:term":[{"taxonomy":"category","embeddable":true,"href":"https:\/\/diarioelpopular.com\/index.php\/wp-json\/wp\/v2\/categories?post=10475"},{"taxonomy":"post_tag","embeddable":true,"href":"https:\/\/diarioelpopular.com\/index.php\/wp-json\/wp\/v2\/tags?post=10475"}],"curies":[{"name":"wp","href":"https:\/\/api.w.org\/{rel}","templated":true}]}}