{"id":105093,"date":"2012-01-13T21:49:21","date_gmt":"2012-01-14T02:49:21","guid":{"rendered":"http:\/\/diarioelpopular.com\/?p=105093"},"modified":"2012-01-13T21:49:21","modified_gmt":"2012-01-14T02:49:21","slug":"fernanda-andrade-la-nueva-sensacion-del-cine-de-terror","status":"publish","type":"post","link":"https:\/\/diarioelpopular.com\/index.php\/2012\/01\/13\/fernanda-andrade-la-nueva-sensacion-del-cine-de-terror\/","title":{"rendered":"Fernanda Andrade, la nueva sensaci\u00f3n del cine de terror"},"content":{"rendered":"<div id=\"attachment_105746\" style=\"width: 710px\" class=\"wp-caption aligncenter\"><a href=\"https:\/\/diarioelpopular.com\/wp-content\/uploads\/2012\/01\/Fernanda-Andrade-en-The-Devil-Inside.jpg\"><img loading=\"lazy\" decoding=\"async\" aria-describedby=\"caption-attachment-105746\" class=\"size-full wp-image-105746\" title=\"Fernanda Andrade, en 'The Devil Inside'\" src=\"https:\/\/diarioelpopular.com\/wp-content\/uploads\/2012\/01\/Fernanda-Andrade-en-The-Devil-Inside.jpg\" alt=\"\" width=\"700\" height=\"420\" \/><\/a><p id=\"caption-attachment-105746\" class=\"wp-caption-text\">Fernanda Andrade, en &#039;The Devil Inside&#039;<\/p><\/div>\n<p>F<strong><\/strong><em><strong>ernando Mex\u00eda. Los \u00c1ngeles (EE UU).-<\/strong><\/em> La joven brasile\u00f1a Fernanda Andrade se ha convertido en una de las actrices del momento en Hollywood tras protagonizar &#8220;The Devil Inside&#8221;, una pel\u00edcula de terror que rompi\u00f3 r\u00e9cords en la taquilla donde super\u00f3 incluso a la &#8220;Mission: Impossible&#8221;, de Tom Cruise.<\/p>\n<p>Con apenas un presupuesto de un mill\u00f3n de d\u00f3lares, una cantidad \u00ednfima en la meca del\u00a0cine, la cinta logr\u00f3 recaudar en su primer fin de semana m\u00e1s de 33 millones de d\u00f3lares, 14 m\u00e1s que &#8220;Mission: Impossible &#8211; Ghost Protocol&#8221;, cuyo coste se elev\u00f3 hasta lo 145 millones de d\u00f3lares.<\/p>\n<p>El \u00e9xito del filme sorprendi\u00f3 a cr\u00edticos y analistas, pero tambi\u00e9n al propio estudio, Paramount -que calculaba unos ingresos menores-, y sobre todo al equipo del rodaje, con Andrade a la cabeza.<\/p>\n<p>&#8220;Los que participamos en la pel\u00edcula s\u00f3lo quer\u00edamos verla en el\u00a0cine&#8221;, dijo a Efe la actriz, de 27 a\u00f1os y natural de Sao Paulo, sobre sus expectativas con esta producci\u00f3n, que han quedado superadas con creces.<\/p>\n<p>&#8220;So\u00f1aba con este \u00e9xito pero no lo esperaba, lo que ha ocurrido es incre\u00edble&#8221;, afirm\u00f3 Andrade que en &#8220;The Devil Inside&#8221; interpreta a Isabella Rossi, una chica que descubre tras la muerte de su padre que su madre, a la que cre\u00eda loca por haber matado a tres personas, podr\u00eda no ser la persona que ella pensaba.<\/p>\n<p>Isabella averigua que su madre cometi\u00f3 los cr\u00edmenes cuando se le realizaba un exorcismo y comienza a buscar respuestas y una posible cura para el mal que tiene pose\u00edda a su progenitora.<\/p>\n<p>&#8220;Tiene la misma edad (Isabella) que su madre cuando pas\u00f3 aquello y tiene miedo de que le pueda ocurrir lo mismo a ella&#8221;, coment\u00f3 Andrade.<\/p>\n<p>&#8220;The Devil Inside&#8221; fue realizada con estilo de falso documental en la l\u00ednea de otras cintas del g\u00e9nero como &#8220;The Blair Witch Project&#8221; o la saga &#8220;Paranormal Activity&#8221;, que tambi\u00e9n alcanzaron gran popularidad entre la audiencia y adem\u00e1s lograron el aplauso de la cr\u00edtica, algo que no se produjo con &#8220;The Devil Inside&#8221;.<\/p>\n<p>La pel\u00edcula de Andrade recibi\u00f3 un clamoroso suspenso por parte de portales especializados en valoraci\u00f3n de pel\u00edculas en EEUU como Rotten Tomatoes, donde &#8220;The Blair Witch Project&#8221; y &#8220;Paranormal Activity&#8221; obtuvieron una puntuaci\u00f3n casi sobresaliente.<\/p>\n<p>Aun as\u00ed, Andrade reconoci\u00f3 que han empezado a surgirle nuevas oportunidades laborales a ra\u00edz del triunfo de su filme, aunque a\u00fan no tiene claro el rumbo que seguir\u00e1 su carrera.<\/p>\n<p>&#8220;No soy aficionada al terror, no me dejaban ver este tipo de pel\u00edculas cuando era peque\u00f1a. (En el futuro) quiero hacer trabajos buenos, inspiradores&#8221;, manifest\u00f3.<\/p>\n<p>&#8220;The Devil Inside&#8221; se estrenar\u00e1 en su pa\u00eds en febrero, una cita que ella espera con ilusi\u00f3n al igual que su familia.<\/p>\n<p>&#8220;Est\u00e1n superansiosos, mis abuelitos, mis primos&#8230; est\u00e1n bien animados&#8221;, apunt\u00f3 la actriz que debut\u00f3 en el largometraje de bajo presupuesto &#8220;Why Am I Doing This?&#8221; (2009) y hab\u00eda aparecido espor\u00e1dicamente en series como &#8220;The Mentalist&#8221;, &#8220;CSI: NY&#8221; o &#8220;Law &amp; Order: LA&#8221;.<\/p>\n<p>A quien &#8220;The Devil Inside&#8221; ya le ha allanado el terreno para su siguiente proyecto ha sido a su director, William Brent Bell, que ha logrado financiaci\u00f3n para realizar una nueva historia de terror de la que no se ha revelado a\u00fan el argumento pero s\u00ed se sabe que se rodar\u00e1 en la tierra de Dr\u00e1cula, Ruman\u00eda.<\/p>\n","protected":false},"excerpt":{"rendered":"<p>La joven brasile\u00f1a Fernanda Andrade se ha convertido en una de las actrices del momento en Hollywood tras protagonizar &#8220;The Devil Inside&#8221;, una pel\u00edcula de terror que rompi\u00f3 r\u00e9cords en la taquilla donde super\u00f3 incluso a la &#8220;Mission: Impossible&#8221;, de Tom Cruise.<\/p>\n","protected":false},"author":1,"featured_media":105746,"comment_status":"closed","ping_status":"open","sticky":false,"template":"","format":"standard","meta":{"footnotes":""},"categories":[80],"tags":[818,819],"class_list":["post-105093","post","type-post","status-publish","format-standard","has-post-thumbnail","hentry","category-cine-2","tag-fernanda-andrade","tag-the-devil-inside"],"_links":{"self":[{"href":"https:\/\/diarioelpopular.com\/index.php\/wp-json\/wp\/v2\/posts\/105093","targetHints":{"allow":["GET"]}}],"collection":[{"href":"https:\/\/diarioelpopular.com\/index.php\/wp-json\/wp\/v2\/posts"}],"about":[{"href":"https:\/\/diarioelpopular.com\/index.php\/wp-json\/wp\/v2\/types\/post"}],"author":[{"embeddable":true,"href":"https:\/\/diarioelpopular.com\/index.php\/wp-json\/wp\/v2\/users\/1"}],"replies":[{"embeddable":true,"href":"https:\/\/diarioelpopular.com\/index.php\/wp-json\/wp\/v2\/comments?post=105093"}],"version-history":[{"count":0,"href":"https:\/\/diarioelpopular.com\/index.php\/wp-json\/wp\/v2\/posts\/105093\/revisions"}],"wp:featuredmedia":[{"embeddable":true,"href":"https:\/\/diarioelpopular.com\/index.php\/wp-json\/"}],"wp:attachment":[{"href":"https:\/\/diarioelpopular.com\/index.php\/wp-json\/wp\/v2\/media?parent=105093"}],"wp:term":[{"taxonomy":"category","embeddable":true,"href":"https:\/\/diarioelpopular.com\/index.php\/wp-json\/wp\/v2\/categories?post=105093"},{"taxonomy":"post_tag","embeddable":true,"href":"https:\/\/diarioelpopular.com\/index.php\/wp-json\/wp\/v2\/tags?post=105093"}],"curies":[{"name":"wp","href":"https:\/\/api.w.org\/{rel}","templated":true}]}}