{"id":105418,"date":"2012-01-12T21:55:14","date_gmt":"2012-01-13T02:55:14","guid":{"rendered":"http:\/\/diarioelpopular.com\/?p=105418"},"modified":"2012-01-12T21:55:14","modified_gmt":"2012-01-13T02:55:14","slug":"la-piel-que-habito-favorita-en-los-goya-con-16-nominaciones","status":"publish","type":"post","link":"https:\/\/diarioelpopular.com\/index.php\/2012\/01\/12\/la-piel-que-habito-favorita-en-los-goya-con-16-nominaciones\/","title":{"rendered":"&#8220;La piel que habito&#8221;, favorita en los Goya con 16 nominaciones"},"content":{"rendered":"<div id=\"attachment_105419\" style=\"width: 710px\" class=\"wp-caption aligncenter\"><a href=\"https:\/\/diarioelpopular.com\/wp-content\/uploads\/2012\/01\/Elena-Anaya-en-La-piel-que-habito.jpg\"><img loading=\"lazy\" decoding=\"async\" aria-describedby=\"caption-attachment-105419\" class=\"size-full wp-image-105419\" title=\"Elena Anaya, en 'La piel que habito'\" src=\"https:\/\/diarioelpopular.com\/wp-content\/uploads\/2012\/01\/Elena-Anaya-en-La-piel-que-habito.jpg\" alt=\"\" width=\"700\" height=\"420\" \/><\/a><p id=\"caption-attachment-105419\" class=\"wp-caption-text\">Elena Anaya, en &#039;La piel que habito&#039;<\/p><\/div>\n<p><em><strong>Mateo Sancho Cardiel. Madrid.-<\/strong><\/em> &#8220;La piel que habito&#8221;, de Pedro Almod\u00f3var, se ha convertido en la favorita de los Premios Goya de Espa\u00f1a al acaparar 16 nominaciones, entre ellas mejor pel\u00edcula, director, mejor actor para Antonio Banderas y actriz para Elena Anaya.<\/p>\n<p>Se trata de una &#8220;bienvenida generosa&#8221;, ha dicho hoy su hermano y productor Agust\u00edn, tras el reingreso en 2011 de Almod\u00f3var en la Academia de\u00a0Cine, que ambos abandonaron en 2004 por discrepancias con el sistema de votaci\u00f3n de los Goya y despu\u00e9s de varios disgustos con las nominaciones y falta de premios para sus pel\u00edculas.<\/p>\n<p>&#8220;Pedro est\u00e1 en Nueva York y ni con el &#8216;jet lag&#8217; se ha despertado, pero se va a llevar una gran alegr\u00eda&#8221;, ha explicado en la sede de la Academia de\u00a0Cine\u00a0en Madrid su hermano Agust\u00edn, que ha celebrado la lluvia de nominaciones para &#8220;La piel que habito&#8221; y confesado que le admira &#8220;todav\u00eda m\u00e1s&#8221; tras una cinta &#8220;m\u00e1s arriesgada que ninguna otra&#8221; en su carrera.<\/p>\n<p>El filme tambi\u00e9n le ha situado en el podio de los cineastas extranjeros en Hollywood, al conseguir su s\u00e9ptima nominaci\u00f3n al Globo de Oro a la mejor pel\u00edcula de habla no inglesa, aunque en Espa\u00f1a no fue seleccionada para representar al pa\u00eds en los \u00d3scar.<\/p>\n<p>Estrenada en EEUU el 12 de octubre en el Festival de\u00a0Cine\u00a0de Nueva York, &#8220;La piel que habito&#8221; es un thriller malsano lleno de vericuetos narrativos y reflexiones sobre la identidad que se coloca en el lado m\u00e1s arriesgado de su filmograf\u00eda, el mismo que transit\u00f3 con &#8220;Hable con ella&#8221;.<\/p>\n<p>Almod\u00f3var, que ya venci\u00f3 en los Goya con &#8220;Mujeres al borde de un ataque de nervios&#8221;, &#8220;Todo sobre mi madre&#8221; y &#8220;Volver&#8221; y se fue de vac\u00edo con &#8220;\u00c1tame&#8221; y &#8220;Hable con ella&#8221;, compite por los premios de mejor pel\u00edcula y director con &#8220;No habr\u00e1 paz para los malvados&#8221;, de Enrique Urbizu; &#8220;La voz dormida&#8221;, de Benito Zambrano, y &#8220;Blackthorn&#8221;, de Mateo Gil.<\/p>\n<p>Frente a la dram\u00e1tica claustrofobia de &#8220;La piel que habito&#8221;, Urbizu acapara catorce nominaciones con un thriller expuesto al sol de justicia del extrarradio de madrile\u00f1o, Zambrano opta a nueve premios por su visi\u00f3n femenina de la posguerra espa\u00f1ola en &#8220;La voz dormida&#8221; y Gil se atreve con el western crepuscular en &#8220;Blackthorn&#8221;, que es finalista en once categor\u00edas.<\/p>\n<p>&#8220;No habr\u00e1 paz para los malvados&#8221; tiene su principal baza en la interpretaci\u00f3n de Jos\u00e9 Coronado como un polic\u00eda heterodoxo, que se enfrentar\u00e1 a un vulnerable psic\u00f3pata interpretado por Antonio Banderas en el filme de Almod\u00f3var, al hispanoalem\u00e1n Daniel Br\u00fchl de &#8220;Eva&#8221; -film omnipresente en los apartados t\u00e9cnicos hasta lograr 12 nominaciones- y Luis Tosar por &#8220;Mientras duermes&#8221;.<\/p>\n<p>En la categor\u00eda de mejor actriz, adem\u00e1s de Elena Anaya por tomar el relevo de Pen\u00e9lope Cruz como musa de Almod\u00f3var, fueron nominadas Ver\u00f3nica Echegui por &#8220;Katmand\u00fa&#8221;, de Ic\u00edar Bolla\u00edn, y la mexicana Salma Hayek por &#8220;La chispa de la vida&#8221;, de \u00c1lex de la Iglesia.<\/p>\n<p>La XXVI edici\u00f3n de los premios Goya celebrar\u00e1 su gala de entrega el 19 de febrero en el Palacio Municipal de Congresos de Madrid, donde Eva Hache tomar\u00e1 el relevo a Andreu Buenafuente como maestra de ceremonias.<\/p>\n","protected":false},"excerpt":{"rendered":"<p>&#8220;La piel que habito&#8221;, de Pedro Almod\u00f3var, se ha convertido en la favorita de los Premios Goya de Espa\u00f1a al acaparar 16 nominaciones, entre ellas mejor pel\u00edcula, director, mejor actor para Antonio Banderas y actriz para Elena Anaya.<\/p>\n","protected":false},"author":1,"featured_media":105419,"comment_status":"closed","ping_status":"open","sticky":false,"template":"","format":"standard","meta":{"footnotes":""},"categories":[80],"tags":[769,770,771],"class_list":["post-105418","post","type-post","status-publish","format-standard","has-post-thumbnail","hentry","category-cine-2","tag-almodovar","tag-la-piel-que-habito","tag-premios-goya"],"_links":{"self":[{"href":"https:\/\/diarioelpopular.com\/index.php\/wp-json\/wp\/v2\/posts\/105418","targetHints":{"allow":["GET"]}}],"collection":[{"href":"https:\/\/diarioelpopular.com\/index.php\/wp-json\/wp\/v2\/posts"}],"about":[{"href":"https:\/\/diarioelpopular.com\/index.php\/wp-json\/wp\/v2\/types\/post"}],"author":[{"embeddable":true,"href":"https:\/\/diarioelpopular.com\/index.php\/wp-json\/wp\/v2\/users\/1"}],"replies":[{"embeddable":true,"href":"https:\/\/diarioelpopular.com\/index.php\/wp-json\/wp\/v2\/comments?post=105418"}],"version-history":[{"count":0,"href":"https:\/\/diarioelpopular.com\/index.php\/wp-json\/wp\/v2\/posts\/105418\/revisions"}],"wp:featuredmedia":[{"embeddable":true,"href":"https:\/\/diarioelpopular.com\/index.php\/wp-json\/"}],"wp:attachment":[{"href":"https:\/\/diarioelpopular.com\/index.php\/wp-json\/wp\/v2\/media?parent=105418"}],"wp:term":[{"taxonomy":"category","embeddable":true,"href":"https:\/\/diarioelpopular.com\/index.php\/wp-json\/wp\/v2\/categories?post=105418"},{"taxonomy":"post_tag","embeddable":true,"href":"https:\/\/diarioelpopular.com\/index.php\/wp-json\/wp\/v2\/tags?post=105418"}],"curies":[{"name":"wp","href":"https:\/\/api.w.org\/{rel}","templated":true}]}}