{"id":105744,"date":"2012-01-07T22:06:28","date_gmt":"2012-01-08T03:06:28","guid":{"rendered":"http:\/\/diarioelpopular.com\/?p=105744"},"modified":"2012-01-07T22:06:28","modified_gmt":"2012-01-08T03:06:28","slug":"peter-greenaway-el-cine-esta-muerto-y-hay-que-reinventarlo","status":"publish","type":"post","link":"https:\/\/diarioelpopular.com\/index.php\/2012\/01\/07\/peter-greenaway-el-cine-esta-muerto-y-hay-que-reinventarlo\/","title":{"rendered":"Peter Greenaway: El cine &#8220;est\u00e1 muerto&#8221; y hay que reinventarlo"},"content":{"rendered":"<div id=\"attachment_105745\" style=\"width: 710px\" class=\"wp-caption aligncenter\"><a href=\"https:\/\/diarioelpopular.com\/wp-content\/uploads\/2012\/01\/Peter-Greenaway.jpeg\"><img loading=\"lazy\" decoding=\"async\" aria-describedby=\"caption-attachment-105745\" class=\"size-full wp-image-105745\" title=\"Peter Greenaway\" src=\"https:\/\/diarioelpopular.com\/wp-content\/uploads\/2012\/01\/Peter-Greenaway.jpeg\" alt=\"\" width=\"700\" height=\"420\" \/><\/a><p id=\"caption-attachment-105745\" class=\"wp-caption-text\">Peter Greenaway<\/p><\/div>\n<p>Efe. Santiago de Chile.- El director gal\u00e9s Peter Greenaway, que dirigir\u00e1 un espect\u00e1culo audiovisual en el centro de Santiago, insiste en que el\u00a0cine\u00a0&#8220;est\u00e1 muerto&#8221; y hay que reinventarlo, y asegura que est\u00e1 fascinado por hacer pel\u00edculas, pero no por verlas.<\/p>\n<p>&#8220;Creo que el\u00a0cine\u00a0est\u00e1 muerto, terminado, pero tambi\u00e9n creo que ahora tenemos la imaginaci\u00f3n, las herramientas y el optimismo para pasar a algo nuevo. Existe una necesidad de reinventar el\u00a0cine&#8221;, apunt\u00f3 Greenaway en declaraciones que publica hoy el diario El Mercurio.<\/p>\n<p>El director, de 69 a\u00f1os, presentar\u00e1 en la noche de este s\u00e1bado en el Paseo Bulnes, frente al Palacio de la Moneda, su espect\u00e1culo &#8220;Lupedia&#8221;, uno de los principales atractivos del festival de artes esc\u00e9nicas &#8220;Santiago a Mil&#8221;, que se celebra cada mes de enero.<\/p>\n<p>En esta ocasi\u00f3n, Greenaway se subir\u00e1 a una plataforma y, convertido en un &#8220;video jockey&#8221;, manipular\u00e1 una gran pantalla de plasma t\u00e1ctil que emitir\u00e1 m\u00e1s de 3.000 efectos de sonido y secuencias audiovisuales a trav\u00e9s de cinco televisores gigantes.<\/p>\n<p>El director asegura que ni siquiera se atreve a decir que este espect\u00e1culo, que algunos han descrito como el &#8220;nacimiento del\u00a0cine\u00a0en vivo&#8221;, sea el futuro del\u00a0cine, &#8220;pero es una muestra razonable de uno de los caminos que podr\u00eda tomar&#8221;, apunta.<\/p>\n<p>Aun as\u00ed, el pol\u00e9mico realizador admite que a\u00fan est\u00e1 haciendo pel\u00edculas &#8220;llam\u00e9mosle convencionales&#8221;.<\/p>\n<p>Autor de cintas como &#8220;El cocinero, el ladr\u00f3n, su mujer y su amante&#8221; (1989), Greenaway confiesa adem\u00e1s que no va al\u00a0cine\u00a0porque le parece &#8220;muy aburrido&#8221;, un adjetivo que aplica a pel\u00edculas tan dispares como el cl\u00e1sico &#8220;Casablanca&#8221; y la reciente &#8220;Avatar&#8221;.<\/p>\n<p>&#8220;Seguro que a muchos les pasa que luego de cinco minutos viendo una pel\u00edcula ya sabes lo que suceder\u00e1&#8221;, explica.<\/p>\n<p>Pero aunque no le gusta ir al\u00a0cine, al director le sigue gustando mucho hacer\u00a0cine, seg\u00fan cuenta.<\/p>\n<p>&#8220;En los pr\u00f3ximos seis o siete a\u00f1os espero hacer unas cinco pel\u00edculas, pero no creo que vayan a ser muy vistas. Estoy ansioso y fascinado por hacerlas, pero no particularmente emocionado por verlas&#8221;, puntualiza.<\/p>\n<p>Ese sentimiento se agudiza con el paso del tiempo, y se transforma en un distanciamiento entre el autor y su obra.<\/p>\n<p>&#8220;Casi nunca miro mis pel\u00edculas seis meses despu\u00e9s de hacerlas. Pero cuando me obligan o me persuaden a verlas, muchas veces siento que no fueron hecha por m\u00ed, sino por alguien completamente diferente&#8221;, explica.<\/p>\n<p>Adem\u00e1s de presentar &#8220;Lupedia&#8221;, el realizador dictar\u00e1 este domingo una conferencia magistral en el Centro Cultural Gabriela Mistral y posteriormente presentar\u00e1 dos de sus \u00faltimas pel\u00edculas, &#8220;La acusaci\u00f3n de Rembrandt&#8221; y &#8220;La maleta de Tulse Tupper: Parte 1&#8221;, en un c\u00e9ntrico\u00a0cine\u00a0de la capital.<\/p>\n","protected":false},"excerpt":{"rendered":"<p>El director gal\u00e9s Peter Greenaway, que dirigir\u00e1 un espect\u00e1culo audiovisual en el centro de Santiago, insiste en que el cine &#8220;est\u00e1 muerto&#8221; y hay que reinventarlo, y asegura que est\u00e1 fascinado por hacer pel\u00edculas, pero no por verlas.<\/p>\n","protected":false},"author":1,"featured_media":105745,"comment_status":"closed","ping_status":"open","sticky":false,"template":"","format":"standard","meta":{"footnotes":""},"categories":[80],"tags":[],"class_list":["post-105744","post","type-post","status-publish","format-standard","has-post-thumbnail","hentry","category-cine-2"],"_links":{"self":[{"href":"https:\/\/diarioelpopular.com\/index.php\/wp-json\/wp\/v2\/posts\/105744","targetHints":{"allow":["GET"]}}],"collection":[{"href":"https:\/\/diarioelpopular.com\/index.php\/wp-json\/wp\/v2\/posts"}],"about":[{"href":"https:\/\/diarioelpopular.com\/index.php\/wp-json\/wp\/v2\/types\/post"}],"author":[{"embeddable":true,"href":"https:\/\/diarioelpopular.com\/index.php\/wp-json\/wp\/v2\/users\/1"}],"replies":[{"embeddable":true,"href":"https:\/\/diarioelpopular.com\/index.php\/wp-json\/wp\/v2\/comments?post=105744"}],"version-history":[{"count":0,"href":"https:\/\/diarioelpopular.com\/index.php\/wp-json\/wp\/v2\/posts\/105744\/revisions"}],"wp:featuredmedia":[{"embeddable":true,"href":"https:\/\/diarioelpopular.com\/index.php\/wp-json\/"}],"wp:attachment":[{"href":"https:\/\/diarioelpopular.com\/index.php\/wp-json\/wp\/v2\/media?parent=105744"}],"wp:term":[{"taxonomy":"category","embeddable":true,"href":"https:\/\/diarioelpopular.com\/index.php\/wp-json\/wp\/v2\/categories?post=105744"},{"taxonomy":"post_tag","embeddable":true,"href":"https:\/\/diarioelpopular.com\/index.php\/wp-json\/wp\/v2\/tags?post=105744"}],"curies":[{"name":"wp","href":"https:\/\/api.w.org\/{rel}","templated":true}]}}