{"id":10637,"date":"2011-09-06T21:06:52","date_gmt":"2011-09-07T01:06:52","guid":{"rendered":"http:\/\/retrolab.ca\/elpopular\/?p=10637"},"modified":"2011-09-06T21:06:52","modified_gmt":"2011-09-07T01:06:52","slug":"las-imagenes-mas-dolorosas-del-11-s-vuelven-a-la-tv","status":"publish","type":"post","link":"https:\/\/diarioelpopular.com\/index.php\/2011\/09\/06\/las-imagenes-mas-dolorosas-del-11-s-vuelven-a-la-tv\/","title":{"rendered":"Las im\u00e1genes m\u00e1s dolorosas del 11-S vuelven a la TV"},"content":{"rendered":"<div id=\"attachment_10642\" style=\"width: 310px\" class=\"wp-caption alignright\"><a href=\"http:\/\/retrolab.ca\/elpopular\/wp-content\/uploads\/2011\/09\/11-S-TV1.jpg\"><img loading=\"lazy\" decoding=\"async\" aria-describedby=\"caption-attachment-10642\" class=\"size-medium wp-image-10642\" title=\"11-S, CNN\" src=\"http:\/\/retrolab.ca\/elpopular\/wp-content\/uploads\/2011\/09\/11-S-TV1-300x228.jpg\" alt=\"\" width=\"300\" height=\"228\" \/><\/a><p id=\"caption-attachment-10642\" class=\"wp-caption-text\">Emisi\u00f3n de la CNN, el 11 de septiembre de 2001<\/p><\/div>\n<p><em><strong>Emilio L\u00f3pez Romero. Nueva York (EE UU).- <\/strong><\/em>Una d\u00e9cada despu\u00e9s de los atentados del 11-S, los neoyorquinos se preparan para revivir otro a\u00f1o\u00a0m\u00e1s\u00a0el tr\u00e1gico derrumbe de las Torres Gemelas, unas\u00a0im\u00e1genes\u00a0que volver\u00e1n a repetir hasta el infinito las televisiones y que los familiares de las v\u00edctimas y los afectados afrontan con divisi\u00f3n de opiniones.<\/p>\n<p>La sola idea de pensar en volver a ver las Torres Gemelas cayendo -una estampa que aparece ya con insistencia en la mayor\u00eda de canales de Estados Unidos- deja sin palabras a Barahen Ashrafi, que perdi\u00f3 a su marido Mohamed en el restaurante de la \u00faltima planta de la Torre Norte, donde trabaja como camarero el d\u00eda de los atentados.<\/p>\n<p>&#8220;Es demasiado doloroso, no puedo dejar de pensar que mi esposo estaba ah\u00ed&#8221;, rememora a Efe esa inmigrante bangladesh\u00ed que dos d\u00edas despu\u00e9s de perder a Mohamed dio a luz a su hijo, y quien despu\u00e9s &#8220;no pod\u00eda soportar seguir en Nueva York&#8221; y tuvo que mudarse a Oklahoma.<\/p>\n<p>No opina lo mismo Rafael Hern\u00e1ndez, un bombero mexicano que vivi\u00f3 tres meses en la &#8220;zona cero&#8221; y que ahora, diez a\u00f1os despu\u00e9s, a\u00fan sigue en la Gran Manzana, sufre las secuelas del 11-S y pide &#8220;no olvidar nunca&#8221; lo que pas\u00f3 aquella fat\u00eddica ma\u00f1ana de septiembre.<\/p>\n<p>&#8220;Para m\u00ed, ver todas esas\u00a0im\u00e1genes\u00a0no es inc\u00f3modo. Me trae muchos y dolorosos recuerdos, pero la gente no debe olvidar el 11-S&#8221;, asegur\u00f3 a Efe Hern\u00e1ndez, quien sin embargo reconoci\u00f3 que para muchas de las familias ser\u00e1 un momento &#8220;dif\u00edcil&#8221;.<\/p>\n<p>La tragedia del 11-S se recordar\u00e1 por muchas cosas, entre otras por ser la primera vez en la historia en que millones de personas en todo el mundo fueron testigos del zarpazo de los terroristas en la silueta de Manhattan al ver por la pantalla del televisor en directo y sin censura la destrucci\u00f3n del World Trade Center.<\/p>\n<p>CBS emitir\u00e1 el domingo &#8220;11S, diez a\u00f1os despu\u00e9s&#8221;, presentado por Robert DeNiro, cuyo Festival de Tribeca naci\u00f3 de las cenizas del 11S, mientras MSNBC pasar\u00e1 un d\u00eda antes &#8220;On native soil&#8221;, narrado por Kevin Costner y Hillary Swank sobre la Comisi\u00f3n del 11-S.<\/p>\n<p>Ese mismo canal emitir\u00e1 &#8220;D\u00edas de destrucci\u00f3n, una d\u00e9cada en guerra&#8221;, sobre c\u00f3mo ha cambiado el mundo en estos diez a\u00f1os, y tambi\u00e9n habr\u00e1 un especial del canal Nickelodeon para contar lo que ocurri\u00f3 aquel 11 de septiembre en clave infantil.<\/p>\n<p>Por su parte, la CNN prepara un amplio despliegue informativo para esta semana que incluir\u00e1 los perfiles de algunos testigos de los atentados y sus efectos en la salud de miles de voluntarios y trabajadores de los servicios de emergencia en la &#8220;zona cero&#8221;.<\/p>\n<p>Pese a las quejas de algunos familiares, para Robert Thompson, profesor de comunicaci\u00f3n audiovisual y experto en cultura popular de la Universidad de Syracuse (Nueva York), ser\u00eda un &#8220;error imperdonable&#8221; pretender &#8220;borrar&#8221; esos d\u00edas en los medios.<\/p>\n<p>&#8220;Los aniversarios son algo arbitrario, pero me preocupar\u00eda que se ignorara lo ocurrido aquel d\u00eda, porque nos ayuda a recordar y a ver las cosas con una mirada retrospectiva&#8221;, a\u00f1adi\u00f3 el profesor, quien destac\u00f3 &#8220;la importancia como sociedad y como colectivo de tener siempre presentes&#8221; las tragedias que marcan a los pueblos.<\/p>\n<p>Thompson subray\u00f3 que para cualquiera que haya perdido a alguien el 11-S va a ser muy doloroso, &#8220;ahora y el resto de sus vidas&#8221;, y\u00a0m\u00e1s\u00a0en un aniversario como \u00e9ste, el d\u00e9cimo, porque las\u00a0im\u00e1genes\u00a0de la tragedia estar\u00e1n &#8220;en todos lados y a todas horas&#8221;.<\/p>\n<p>Estos d\u00edas los canales tem\u00e1ticos tambi\u00e9n se vuelcan en recordar lo que supuso la tragedia del 11-S para Nueva York, para EE UU y para el mundo, cada uno desde una mirada diferente.<\/p>\n<p>National Geographic parti\u00f3 este domingo con una entrevista al expresidente George W. Bush en la que habla de sus vivencias tras los atentados, mientras que Discovery Channel inicia este martes una serie especial de seis cap\u00edtulos producida por Steven Spielberg, &#8220;Rising: Reconstruyendo la zona cero&#8221;, sobre esas obras.<\/p>\n<p>History Channel abrir\u00e1 su programaci\u00f3n especial el viernes con un primer documental, &#8220;11-S, los d\u00edas posteriores&#8221;, producido por los cineastas Seth Skundrick y Nicole Rittenmeyer, a partir de miles de horas de\u00a0im\u00e1genes\u00a0de aficionados y profesionales grabadas en las horas y d\u00edas inmediatamente despu\u00e9s de los atentados.<\/p>\n<p>Tambi\u00e9n emitir\u00e1n &#8220;Voces desde el interior de las torres&#8221;, con los testimonios que dejaron grabados las v\u00edctimas atrapadas en el World Trade Center, y el laureado &#8220;102 minutos que cambiaron Am\u00e9rica&#8221;, que se podr\u00e1 ver el 11 de septiembre en todo el mundo a la misma hora en que el primer avi\u00f3n impact\u00f3 contra la torre norte a las 12:46 GMT.<\/p>\n<p><a title=\"ESPECIAL: 10 a\u00f1os del 11-S\" href=\"https:\/\/diarioelpopular.com\/category\/10-anos-del-11-s\/\" rel=\"bookmark\"><span style=\"color: #000d54\"><strong>\u00bb ESPECIAL: 10 a\u00f1os del 11-S<\/strong><\/span><\/a><\/p>\n","protected":false},"excerpt":{"rendered":"<p>Una d\u00e9cada despu\u00e9s de los atentados del 11-S, los neoyorquinos se preparan para revivir otro a\u00f1o m\u00e1s el tr\u00e1gico derrumbe de las Torres Gemelas, unas im\u00e1genes que volver\u00e1n a repetir hasta el infinito las televisiones y que los familiares de las v\u00edctimas y los afectados afrontan con divisi\u00f3n de opiniones.<br \/>\n<a title=\"ESPECIAL: 10 a\u00f1os del 11-S\" rel=\"bookmark\" href=\"http:\/\/diarioelpopular.com\/category\/10-anos-del-11-s\/\"><span style=\"color: #000D54\"><strong>\u00bb ESPECIAL: 10 a\u00f1os del 11-S<\/strong><\/span><\/a><\/p>\n","protected":false},"author":1,"featured_media":10639,"comment_status":"closed","ping_status":"open","sticky":false,"template":"","format":"standard","meta":{"footnotes":""},"categories":[24],"tags":[2280,7587,2281,558,629,360,66,7588,207,7589],"class_list":["post-10637","post","type-post","status-publish","format-standard","has-post-thumbnail","hentry","category-mundo","tag-11-s","tag-11s","tag-9-11","tag-558","tag-aniversario","tag-atentados","tag-nueva-york","tag-torres-gemelas","tag-washington","tag-world-trade-center"],"_links":{"self":[{"href":"https:\/\/diarioelpopular.com\/index.php\/wp-json\/wp\/v2\/posts\/10637","targetHints":{"allow":["GET"]}}],"collection":[{"href":"https:\/\/diarioelpopular.com\/index.php\/wp-json\/wp\/v2\/posts"}],"about":[{"href":"https:\/\/diarioelpopular.com\/index.php\/wp-json\/wp\/v2\/types\/post"}],"author":[{"embeddable":true,"href":"https:\/\/diarioelpopular.com\/index.php\/wp-json\/wp\/v2\/users\/1"}],"replies":[{"embeddable":true,"href":"https:\/\/diarioelpopular.com\/index.php\/wp-json\/wp\/v2\/comments?post=10637"}],"version-history":[{"count":0,"href":"https:\/\/diarioelpopular.com\/index.php\/wp-json\/wp\/v2\/posts\/10637\/revisions"}],"wp:featuredmedia":[{"embeddable":true,"href":"https:\/\/diarioelpopular.com\/index.php\/wp-json\/"}],"wp:attachment":[{"href":"https:\/\/diarioelpopular.com\/index.php\/wp-json\/wp\/v2\/media?parent=10637"}],"wp:term":[{"taxonomy":"category","embeddable":true,"href":"https:\/\/diarioelpopular.com\/index.php\/wp-json\/wp\/v2\/categories?post=10637"},{"taxonomy":"post_tag","embeddable":true,"href":"https:\/\/diarioelpopular.com\/index.php\/wp-json\/wp\/v2\/tags?post=10637"}],"curies":[{"name":"wp","href":"https:\/\/api.w.org\/{rel}","templated":true}]}}