{"id":106396,"date":"2012-01-06T22:36:36","date_gmt":"2012-01-07T03:36:36","guid":{"rendered":"http:\/\/diarioelpopular.com\/?p=106396"},"modified":"2012-01-06T22:36:36","modified_gmt":"2012-01-07T03:36:36","slug":"exito-del-festival-de-cine-latinoamericano-en-taiwan","status":"publish","type":"post","link":"https:\/\/diarioelpopular.com\/index.php\/2012\/01\/06\/exito-del-festival-de-cine-latinoamericano-en-taiwan\/","title":{"rendered":"\u00c9xito del Festival de Cine latinoamericano en Taiw\u00e1n"},"content":{"rendered":"<div id=\"attachment_106397\" style=\"width: 310px\" class=\"wp-caption alignright\"><a href=\"https:\/\/diarioelpopular.com\/wp-content\/uploads\/2012\/01\/Los-viajes-del-tiempo.png\"><img loading=\"lazy\" decoding=\"async\" aria-describedby=\"caption-attachment-106397\" class=\"size-full wp-image-106397\" title=\"Los viajes del tiempo\" src=\"https:\/\/diarioelpopular.com\/wp-content\/uploads\/2012\/01\/Los-viajes-del-tiempo.png\" alt=\"\" width=\"300\" height=\"180\" \/><\/a><p id=\"caption-attachment-106397\" class=\"wp-caption-text\">&#039;Los viajes del tiempo&#039;, de Ciro Guerra<\/p><\/div>\n<p><em><strong>Efe. Taipei.-<\/strong><\/em> El I Festival de\u00a0Cine\u00a0Latinoamericano de Taiw\u00e1n cerr\u00f3 con un rotundo \u00e9xito de p\u00fablico, por lo que ya se plantea una segunda edici\u00f3n, destacaron los organizadores a Efe.<\/p>\n<p>&#8220;Estamos muy satisfechos por la extraordinaria recepci\u00f3n del ciclo latinoamericano&#8221;, destac\u00f3 el impulsor del evento, Jorge Pinto, comisario de actividades art\u00edsticas y exembajador de M\u00e9xico en Suecia.<\/p>\n<p>Pinto y su esposa Christine Huang, organizadora a su vez del festival de\u00a0cine\u00a0m\u00e1s famoso de Taiw\u00e1n, el &#8220;Caballo de Oro&#8221;, han logrado impulsar un festival con tanto o mayor \u00e9xito que otros en la isla &#8220;que cuentan con recursos para seleccionar lo mejor de festivales como los de Berl\u00edn, Venecia y Cannes&#8221;, destacaron.<\/p>\n<p>En esta edici\u00f3n se presentaron temas sociales que ense\u00f1aron la fisonom\u00eda de un continente poco conocido en Taiw\u00e1n y en Asia.<\/p>\n<p>&#8220;Estamos pensando hacer el segundo festival en el 2012 concentrado mas en el arte, la literatura y la m\u00fasica de Am\u00e9rica Latina&#8221;, anunci\u00f3 Pinto.<\/p>\n<p>Entre los filmes visionados, las cinco que contaron con mayor aceptaci\u00f3n del p\u00fablico fueron &#8220;Los viajes del tiempo&#8221; de Ciro Guerra, &#8220;Historias m\u00ednimas&#8221; de Carlos Sor\u00edn, &#8220;D\u00edas de campo&#8221; de Ra\u00fal Ruiz, &#8220;Madeinusa&#8221; de Claudia Llosa y &#8220;La maleta mexicana&#8221; de Trisha Zift.<\/p>\n<p>El festival se inici\u00f3 el 16 de diciembre de 2011 en las dos principales ciudades de la isla, Taipei y Kaohsiung.<\/p>\n","protected":false},"excerpt":{"rendered":"<p>El I Festival de Cine Latinoamericano de Taiw\u00e1n cerr\u00f3 con un rotundo \u00e9xito de p\u00fablico, por lo que ya se plantea una segunda edici\u00f3n.<\/p>\n","protected":false},"author":1,"featured_media":106397,"comment_status":"closed","ping_status":"open","sticky":false,"template":"","format":"standard","meta":{"footnotes":""},"categories":[80],"tags":[450,451],"class_list":["post-106396","post","type-post","status-publish","format-standard","has-post-thumbnail","hentry","category-cine-2","tag-cine-latinoamericano","tag-taiwan"],"_links":{"self":[{"href":"https:\/\/diarioelpopular.com\/index.php\/wp-json\/wp\/v2\/posts\/106396","targetHints":{"allow":["GET"]}}],"collection":[{"href":"https:\/\/diarioelpopular.com\/index.php\/wp-json\/wp\/v2\/posts"}],"about":[{"href":"https:\/\/diarioelpopular.com\/index.php\/wp-json\/wp\/v2\/types\/post"}],"author":[{"embeddable":true,"href":"https:\/\/diarioelpopular.com\/index.php\/wp-json\/wp\/v2\/users\/1"}],"replies":[{"embeddable":true,"href":"https:\/\/diarioelpopular.com\/index.php\/wp-json\/wp\/v2\/comments?post=106396"}],"version-history":[{"count":0,"href":"https:\/\/diarioelpopular.com\/index.php\/wp-json\/wp\/v2\/posts\/106396\/revisions"}],"wp:featuredmedia":[{"embeddable":true,"href":"https:\/\/diarioelpopular.com\/index.php\/wp-json\/"}],"wp:attachment":[{"href":"https:\/\/diarioelpopular.com\/index.php\/wp-json\/wp\/v2\/media?parent=106396"}],"wp:term":[{"taxonomy":"category","embeddable":true,"href":"https:\/\/diarioelpopular.com\/index.php\/wp-json\/wp\/v2\/categories?post=106396"},{"taxonomy":"post_tag","embeddable":true,"href":"https:\/\/diarioelpopular.com\/index.php\/wp-json\/wp\/v2\/tags?post=106396"}],"curies":[{"name":"wp","href":"https:\/\/api.w.org\/{rel}","templated":true}]}}