{"id":106401,"date":"2012-01-12T22:43:33","date_gmt":"2012-01-13T03:43:33","guid":{"rendered":"http:\/\/diarioelpopular.com\/?p=106401"},"modified":"2012-01-12T22:43:33","modified_gmt":"2012-01-13T03:43:33","slug":"presencia-latina-en-la-berlinale-infantil-y-juvenil","status":"publish","type":"post","link":"https:\/\/diarioelpopular.com\/index.php\/2012\/01\/12\/presencia-latina-en-la-berlinale-infantil-y-juvenil\/","title":{"rendered":"Presencia latina en la Berlinale infantil y juvenil"},"content":{"rendered":"<div id=\"attachment_106402\" style=\"width: 310px\" class=\"wp-caption alignright\"><a href=\"https:\/\/diarioelpopular.com\/wp-content\/uploads\/2012\/01\/Nosilatiaj.jpeg\"><img loading=\"lazy\" decoding=\"async\" aria-describedby=\"caption-attachment-106402\" class=\"size-full wp-image-106402\" title=\"Nosilatiaj\" src=\"https:\/\/diarioelpopular.com\/wp-content\/uploads\/2012\/01\/Nosilatiaj.jpeg\" alt=\"\" width=\"300\" height=\"180\" \/><\/a><p id=\"caption-attachment-106402\" class=\"wp-caption-text\">La directora argentina Daniela Seggiaro junto a la protagonista del film &#039;Nosilatiaj. La Belleza&#039;<\/p><\/div>\n<p><em><strong>Efe. Berl\u00edn.-<\/strong><\/em> La Berlinale present\u00f3 el programa definitivo de la secci\u00f3n &#8220;Generation&#8221;, dedicada al g\u00e9nero infantil y juvenil, que volver\u00e1 a contar en la 62 edici\u00f3n del festival con representaci\u00f3n latinoamericana.<\/p>\n<p>Un total de 58 cortos y largometrajes de 32 pa\u00edses, adem\u00e1s de otros dos filmes fuera de competici\u00f3n, han sido elegidos para concurrir en las secciones &#8220;Generation Kplus&#8221; y &#8220;Generation 14plus&#8221;.<\/p>\n<p>La \u00f3pera prima de la argentina Daniela Seggiaro, &#8220;Nosilatiaj. La Belleza&#8221;, cuyo estreno mundial ser\u00e1 en la capital alemana, tiene como protagonista a Yolanda, una adolescente que trabaja como dom\u00e9stica para una familia criolla y cuya larga y bonita cabellera tiene un significado profundo en la cultura ind\u00edgena wichi.<\/p>\n<p>Tambi\u00e9n compite en la secci\u00f3n &#8220;Generation 14 plus&#8221; la pel\u00edcula mexicana &#8220;Un mundo secreto&#8221;, de Gabriel Mari\u00f1o, una reflexi\u00f3n sobre los problemas, los deseos y los sue\u00f1os de los j\u00f3venes.<\/p>\n<p>&#8220;Joven &amp; Alocada&#8221;, el primer largometraje de la chilena Marialy Rivas, tambi\u00e9n concurrir\u00e1 en esta secci\u00f3n con una historia sobre el despertar bisexual de una chica adolescente de familia conservadora.<\/p>\n<p>Asimismo participa en este apartado &#8220;Una noche&#8221;, de la neoyorquina Lucy Mulloy, que habla de las 90 millas que separan La Habana de la libertad ansiada por Elio y Ra\u00fal, dos chicos que construyen una balsa a la que, en contra de lo planeado, tambi\u00e9n se sube Lila.<\/p>\n<p>En &#8220;Generation Kplus&#8221; compite el largometraje &#8220;Pacha&#8221;, del mexicano H\u00e9ctor Ferreiro, coproducido por Bolivia, que cuenta la historia de un joven limpiabotas que se ve envuelto en la guerra del gas en el pa\u00eds andino.<\/p>\n<p>En las calles, la poblaci\u00f3n ind\u00edgena se manifiesta por sus derechos, mientras el chico recorre un camino que le llevar\u00e1 a las ra\u00edces de su cultura.<\/p>\n<p>Competir\u00e1 con el cortometraje brasile\u00f1o &#8220;L&#8221;, de Thais Fujinaga, que habla de Tete, que odia sus pies, y que decide cambiar su aspecto cuando conoce a H\u00e9ctor, un elegante chico de ascendencia china.<\/p>\n<p>&#8220;Nuevos descubrimientos y descubridores curiosos&#8221;, dijo la directora de &#8220;Generation&#8221;, Maryanne Redpath, sobre el programa de la secci\u00f3n, que incluye doce \u00f3peras primas entre los largometrajes.<\/p>\n<p>El jurado estar\u00e1 compuesto por once berlineses de entre once y catorce a\u00f1os, as\u00ed como otros siete j\u00f3venes, que deber\u00e1n decidir cual corto y largometraje son dignos de llevarse el Oso de Cristal.<\/p>\n<p>La Berlinale design\u00f3 adem\u00e1s a los cinco miembros del jurado internacional que concede el Premio de la Instituci\u00f3n Ben\u00e9fica Alemana para la Infancia al mejor corto y largometraje en la secci\u00f3n &#8220;Kplus&#8221;.<\/p>\n<p>Entre los integrantes del jurado figura la realizadora peruana Marit\u00e9 Ugas, cuyo filme &#8220;El chico que miente&#8221; particip\u00f3 en la secci\u00f3n &#8220;Generation&#8221; en la pasada edici\u00f3n del festival.<\/p>\n","protected":false},"excerpt":{"rendered":"<p>La Berlinale present\u00f3 el programa definitivo de la secci\u00f3n &#8220;Generation&#8221;, dedicada al g\u00e9nero infantil y juvenil, que volver\u00e1 a contar en la 62 edici\u00f3n del festival con representaci\u00f3n latinoamericana.<\/p>\n","protected":false},"author":1,"featured_media":106402,"comment_status":"closed","ping_status":"open","sticky":false,"template":"","format":"standard","meta":{"footnotes":""},"categories":[80],"tags":[772],"class_list":["post-106401","post","type-post","status-publish","format-standard","has-post-thumbnail","hentry","category-cine-2","tag-berlinale"],"_links":{"self":[{"href":"https:\/\/diarioelpopular.com\/index.php\/wp-json\/wp\/v2\/posts\/106401","targetHints":{"allow":["GET"]}}],"collection":[{"href":"https:\/\/diarioelpopular.com\/index.php\/wp-json\/wp\/v2\/posts"}],"about":[{"href":"https:\/\/diarioelpopular.com\/index.php\/wp-json\/wp\/v2\/types\/post"}],"author":[{"embeddable":true,"href":"https:\/\/diarioelpopular.com\/index.php\/wp-json\/wp\/v2\/users\/1"}],"replies":[{"embeddable":true,"href":"https:\/\/diarioelpopular.com\/index.php\/wp-json\/wp\/v2\/comments?post=106401"}],"version-history":[{"count":0,"href":"https:\/\/diarioelpopular.com\/index.php\/wp-json\/wp\/v2\/posts\/106401\/revisions"}],"wp:featuredmedia":[{"embeddable":true,"href":"https:\/\/diarioelpopular.com\/index.php\/wp-json\/"}],"wp:attachment":[{"href":"https:\/\/diarioelpopular.com\/index.php\/wp-json\/wp\/v2\/media?parent=106401"}],"wp:term":[{"taxonomy":"category","embeddable":true,"href":"https:\/\/diarioelpopular.com\/index.php\/wp-json\/wp\/v2\/categories?post=106401"},{"taxonomy":"post_tag","embeddable":true,"href":"https:\/\/diarioelpopular.com\/index.php\/wp-json\/wp\/v2\/tags?post=106401"}],"curies":[{"name":"wp","href":"https:\/\/api.w.org\/{rel}","templated":true}]}}