{"id":106420,"date":"2011-12-21T23:21:59","date_gmt":"2011-12-22T04:21:59","guid":{"rendered":"http:\/\/diarioelpopular.com\/?p=106420"},"modified":"2011-12-21T23:21:59","modified_gmt":"2011-12-22T04:21:59","slug":"la-adaptacion-al-cine-de-the-hobbit-ya-tiene-trailer","status":"publish","type":"post","link":"https:\/\/diarioelpopular.com\/index.php\/2011\/12\/21\/la-adaptacion-al-cine-de-the-hobbit-ya-tiene-trailer\/","title":{"rendered":"La adaptaci\u00f3n al cine de &#8216;The Hobbit&#8217; ya tiene tr\u00e1iler"},"content":{"rendered":"<p style=\"text-align: center\">[youtube MyOQtjUqIMM nolink]<\/p>\n<p><em><strong>Efe. Madrid.-<\/strong><\/em> Uno de los proyectos m\u00e1s esperados del cine actual, la adaptaci\u00f3n de &#8220;The Hobbit&#8221;, con la que Peter Jackson volver\u00e1 a la Tierra Media, ha empezado a abrir boca a su legi\u00f3n de fans con un espectacular tr\u00e1iler en la mejor tradici\u00f3n de la trilog\u00eda de la que es precuela, &#8220;El se\u00f1or de los anillos&#8221;.<\/p>\n<p>Un Gandalf con la melena todav\u00eda gris, el hobbit Bilbo joven -e interpretado por Martin Freeman- que asciende a protagonista y, desde luego, un anillo como objeto codiciado en medio de los espectaculares paisajes neozelandeses son lo poco que avanza este tr\u00e1iler facilitado por la productora, Warner Bros.<\/p>\n<p>&#8220;El Hobbit: un viaje inesperado&#8221;, primera entrega del d\u00edptico que compondr\u00e1 la adaptaci\u00f3n del otro gran libro de J.R.R. Tolkien -y antesala de su obra maestra, &#8220;El se\u00f1or de los anillos&#8221;-, tiene su estreno mundial previsto el 14 de diciembre, y en ella volver\u00e1n a reunirse un reparto ya c\u00e9lebre formado por Ian McKellen, Elijah Wood, Cate Blanchett, Ian Holm, Christopher Lee y Orlando Bloom, entre otros, y al que se suma Stephen Fry.<\/p>\n<p>La segunda parte se llamar\u00e1 &#8220;The Hobbit: There and Back Again&#8221; y est\u00e1 fechada para 2013, pero la realizaci\u00f3n de ambas ha sido tan complicada como la de la oscarizada saga -premiada con un total de 19 premios de la Academia de Hollywood-, especialmente despu\u00e9s de que Guillermo del Toro, director inicialmente considerado para su realizaci\u00f3n, dejase vacante un puesto que asumir\u00eda Jackson.<\/p>\n","protected":false},"excerpt":{"rendered":"<p>Uno de los proyectos m\u00e1s esperados del cine actual, la adaptaci\u00f3n de &#8220;The Hobbit&#8221;, con la que Peter Jackson volver\u00e1 a la Tierra Media, ha empezado a abrir boca a su legi\u00f3n de fans con un espectacular tr\u00e1iler en la mejor tradici\u00f3n de la trilog\u00eda de la que es precuela, &#8220;El se\u00f1or de los anillos&#8221;.<\/p>\n","protected":false},"author":1,"featured_media":106421,"comment_status":"closed","ping_status":"open","sticky":false,"template":"","format":"standard","meta":{"footnotes":""},"categories":[80],"tags":[9357],"class_list":["post-106420","post","type-post","status-publish","format-standard","has-post-thumbnail","hentry","category-cine-2","tag-hobbit"],"_links":{"self":[{"href":"https:\/\/diarioelpopular.com\/index.php\/wp-json\/wp\/v2\/posts\/106420","targetHints":{"allow":["GET"]}}],"collection":[{"href":"https:\/\/diarioelpopular.com\/index.php\/wp-json\/wp\/v2\/posts"}],"about":[{"href":"https:\/\/diarioelpopular.com\/index.php\/wp-json\/wp\/v2\/types\/post"}],"author":[{"embeddable":true,"href":"https:\/\/diarioelpopular.com\/index.php\/wp-json\/wp\/v2\/users\/1"}],"replies":[{"embeddable":true,"href":"https:\/\/diarioelpopular.com\/index.php\/wp-json\/wp\/v2\/comments?post=106420"}],"version-history":[{"count":0,"href":"https:\/\/diarioelpopular.com\/index.php\/wp-json\/wp\/v2\/posts\/106420\/revisions"}],"wp:featuredmedia":[{"embeddable":true,"href":"https:\/\/diarioelpopular.com\/index.php\/wp-json\/"}],"wp:attachment":[{"href":"https:\/\/diarioelpopular.com\/index.php\/wp-json\/wp\/v2\/media?parent=106420"}],"wp:term":[{"taxonomy":"category","embeddable":true,"href":"https:\/\/diarioelpopular.com\/index.php\/wp-json\/wp\/v2\/categories?post=106420"},{"taxonomy":"post_tag","embeddable":true,"href":"https:\/\/diarioelpopular.com\/index.php\/wp-json\/wp\/v2\/tags?post=106420"}],"curies":[{"name":"wp","href":"https:\/\/api.w.org\/{rel}","templated":true}]}}