{"id":106440,"date":"2011-12-10T23:59:27","date_gmt":"2011-12-11T04:59:27","guid":{"rendered":"http:\/\/diarioelpopular.com\/?p=106440"},"modified":"2011-12-10T23:59:27","modified_gmt":"2011-12-11T04:59:27","slug":"las-malas-intenciones-elegida-la-mejor-pelicula-peruana-de-2011","status":"publish","type":"post","link":"https:\/\/diarioelpopular.com\/index.php\/2011\/12\/10\/las-malas-intenciones-elegida-la-mejor-pelicula-peruana-de-2011\/","title":{"rendered":"&#8216;Las malas intenciones&#8217;, elegida la mejor pel\u00edcula peruana de 2011"},"content":{"rendered":"<div id=\"attachment_106441\" style=\"width: 310px\" class=\"wp-caption alignright\"><a href=\"https:\/\/diarioelpopular.com\/wp-content\/uploads\/2012\/01\/Las-malas-intenciones.jpg\"><img loading=\"lazy\" decoding=\"async\" aria-describedby=\"caption-attachment-106441\" class=\"size-full wp-image-106441\" title=\"Las malas intenciones\" src=\"https:\/\/diarioelpopular.com\/wp-content\/uploads\/2012\/01\/Las-malas-intenciones.jpg\" alt=\"\" width=\"300\" height=\"180\" \/><\/a><p id=\"caption-attachment-106441\" class=\"wp-caption-text\">&#039;Las malas intenciones&#039; relata un periodo en la vida de Cayetana, una ni\u00f1a de ocho a\u00f1os que crece en el Per\u00fa de comienzos de los 80, cuando la violencia terrorista comenzaba a agitar al pa\u00eds<\/p><\/div>\n<p><em><strong>Efe. Lima.-<\/strong><\/em> El largometraje &#8220;Las malas intenciones&#8221;, \u00f3pera prima de la directora Rosario Garc\u00eda-Montero, ha sido elegida la mejor pel\u00edcula peruana de 2011 por la Asociaci\u00f3n Peruana de Prensa Cinematogr\u00e1fica (Apreci).<\/p>\n<p>La cinta de Garc\u00eda-Montero fue elegida entre ocho pel\u00edculas nacionales estrenadas este a\u00f1o en el circuito comercial y una veintena de producciones realizadas en formato digital, exhibidas en 2011.<\/p>\n<p>El vicepresidente de la Apreci, Rodrigo Portales, destac\u00f3 hoy a Efe que &#8220;Las malas intenciones&#8221; es &#8220;una propuesta arriesgada e \u00edntima sobre un entorno social en crisis, en la que la realizadora formula una relectura l\u00facida, tierna y desolada sobre taras hist\u00f3ricas, fobias de clase, imaginario infantil y memoria personal, desde la mirada de un personaje inusual en el cine nacional&#8221;.<\/p>\n<p>La pel\u00edcula transcurre en la Lima que comienza a sufrir la violencia terrorista de Sendero Luminoso, entre finales de 1982 y mediados de 1983, y tiene en el papel principal a Cayetana de los Heros (F\u00e1tima Buntinx), una ni\u00f1a de 8 a\u00f1os.<\/p>\n<p>La cinta, que se estren\u00f3 en la 61 edici\u00f3n del Festival de Cine de Berl\u00edn, donde estuvo nominada al premio Oso de Cristal -que otorga un jurado juvenil-, ha recibido el premio &#8220;Ventana Sur&#8221; al mejor largometraje latinoamericano en el 26 Festival Internacional de Cine de Mar del Plata, en Argentina.<\/p>\n<p>Adem\u00e1s, fue galardonada con el Premio Especial del Jurado en el 22 Festival de Cine de Vi\u00f1a del Mar (Chile), el Especial del Jurado en el 39 Festival de Cinema de Gramado (Brasil), y el de Mejor Pel\u00edcula Peruana en el 15 Festival de Lima.<\/p>\n<p>Tambi\u00e9n est\u00e1 entre las preseleccionadas en la categor\u00eda de Mejor Pel\u00edcula Iberoamericana de los Premios Goya 2012, mientras que la actuaci\u00f3n de F\u00e1tima Buntinx ha sido reconocida con una menci\u00f3n especial del jurado del Festival La Orqu\u00eddea de Cuenca (Ecuador).<\/p>\n<p>Apreci record\u00f3 que, a pesar de sus m\u00e9ritos, &#8220;Las malas intenciones&#8221; tuvo un accidentado estreno en los cines comerciales de Lima, que la retiraron despu\u00e9s de pocos d\u00edas de la cartelera, lo que motiv\u00f3 la intervenci\u00f3n del Ministerio de Cultura, que exigi\u00f3 que se reprograme la cinta en nuevos y mejores horarios.<\/p>\n","protected":false},"excerpt":{"rendered":"<p>El largometraje &#8220;Las malas intenciones&#8221;, \u00f3pera prima de la directora Rosario Garc\u00eda-Montero, ha sido elegida la mejor pel\u00edcula peruana de 2011 por la Asociaci\u00f3n Peruana de Prensa Cinematogr\u00e1fica (Apreci).<\/p>\n","protected":false},"author":1,"featured_media":106441,"comment_status":"closed","ping_status":"open","sticky":false,"template":"","format":"standard","meta":{"footnotes":""},"categories":[80],"tags":[9114,272,9115],"class_list":["post-106440","post","type-post","status-publish","format-standard","has-post-thumbnail","hentry","category-cine-2","tag-las-malas-intenciones","tag-peru","tag-rosario-garcia-montero"],"_links":{"self":[{"href":"https:\/\/diarioelpopular.com\/index.php\/wp-json\/wp\/v2\/posts\/106440","targetHints":{"allow":["GET"]}}],"collection":[{"href":"https:\/\/diarioelpopular.com\/index.php\/wp-json\/wp\/v2\/posts"}],"about":[{"href":"https:\/\/diarioelpopular.com\/index.php\/wp-json\/wp\/v2\/types\/post"}],"author":[{"embeddable":true,"href":"https:\/\/diarioelpopular.com\/index.php\/wp-json\/wp\/v2\/users\/1"}],"replies":[{"embeddable":true,"href":"https:\/\/diarioelpopular.com\/index.php\/wp-json\/wp\/v2\/comments?post=106440"}],"version-history":[{"count":0,"href":"https:\/\/diarioelpopular.com\/index.php\/wp-json\/wp\/v2\/posts\/106440\/revisions"}],"wp:featuredmedia":[{"embeddable":true,"href":"https:\/\/diarioelpopular.com\/index.php\/wp-json\/"}],"wp:attachment":[{"href":"https:\/\/diarioelpopular.com\/index.php\/wp-json\/wp\/v2\/media?parent=106440"}],"wp:term":[{"taxonomy":"category","embeddable":true,"href":"https:\/\/diarioelpopular.com\/index.php\/wp-json\/wp\/v2\/categories?post=106440"},{"taxonomy":"post_tag","embeddable":true,"href":"https:\/\/diarioelpopular.com\/index.php\/wp-json\/wp\/v2\/tags?post=106440"}],"curies":[{"name":"wp","href":"https:\/\/api.w.org\/{rel}","templated":true}]}}