{"id":106445,"date":"2011-11-13T21:08:42","date_gmt":"2011-11-14T02:08:42","guid":{"rendered":"http:\/\/diarioelpopular.com\/?p=106445"},"modified":"2011-11-13T21:08:42","modified_gmt":"2011-11-14T02:08:42","slug":"la-argentina-abrir-puertas-y-ventanas-gana-en-el-festival-de-mar-del-plata","status":"publish","type":"post","link":"https:\/\/diarioelpopular.com\/index.php\/2011\/11\/13\/la-argentina-abrir-puertas-y-ventanas-gana-en-el-festival-de-mar-del-plata\/","title":{"rendered":"La argentina &#8216;Abrir puertas y ventanas&#8217; gana en el Festival de Mar del Plata"},"content":{"rendered":"<div id=\"attachment_106446\" style=\"width: 310px\" class=\"wp-caption alignright\"><a href=\"https:\/\/diarioelpopular.com\/wp-content\/uploads\/2012\/01\/Abrir-puertas-y-ventanas.jpg\"><img loading=\"lazy\" decoding=\"async\" aria-describedby=\"caption-attachment-106446\" class=\"size-full wp-image-106446\" title=\"Abrir puertas y ventanas\" src=\"https:\/\/diarioelpopular.com\/wp-content\/uploads\/2012\/01\/Abrir-puertas-y-ventanas.jpg\" alt=\"\" width=\"300\" height=\"180\" \/><\/a><p id=\"caption-attachment-106446\" class=\"wp-caption-text\">Un fotograma del film &#039;Abrir puertas y ventanas&#039;<\/p><\/div>\n<p><em><strong>Efe. Mar del Plata (Argentina).-<\/strong><\/em> La pel\u00edcula argentina &#8220;Abrir puertas y ventanas&#8221;, de Milagros Mumenthaler, logr\u00f3 el m\u00e1ximo galard\u00f3n de la 26\u00aa edici\u00f3n del Festival Internacional de Cine de la ciudad argentina de Mar del Plata.<\/p>\n<p>Adem\u00e1s de llevarse en la medianoche de este s\u00e1bado el &#8220;\u00c1stor de Oro&#8221;, el premio mayor del certamen y bautizado as\u00ed en homenaje al m\u00fasico argentino Astor Piazzolla, Mumenthaler tambi\u00e9n fue reconocida como la mejor directora en competencia en este festival.<\/p>\n<p>&#8220;Abrir puertas y ventanas&#8221; es una s\u00f3lida \u00f3pera prima que narra la historia de tres j\u00f3venes hermanas que habitan una casa llena de recuerdos.<\/p>\n<p>Por su parte, el experimentado int\u00e9rprete belga Olivier Gourmet recibi\u00f3 el premio al mejor actor por su convincente interpretaci\u00f3n de un ministro franc\u00e9s en el filme &#8220;L&#8217;Excercice de l&#8217;\u00c9tat&#8221;, de Pierre Schoeller, mientras que la joven estadounidense Joslyn Jensen fue considerada mejor actriz por la pel\u00edcula &#8220;Without&#8221;, de Mark Jackson.<\/p>\n<p>En el filme brit\u00e1nico &#8220;Tyrannosaur&#8221;, de Paddy Considine, recayeron los premios a mejor gui\u00f3n y el premio especial del jurado presidido por el cr\u00edtico e historiador argentino Fernando Mart\u00edn Pe\u00f1a e integrado adem\u00e1s por los directores Mat\u00edas Bize, de Chile, Jacek Bromski, de Polonia, Mariana Chenillo, de M\u00e9xico y el guionista y realizador estadounidense James Gunn.<\/p>\n<p>Por su parte, el p\u00fablico asistente eligi\u00f3 como mejor pel\u00edcula a &#8220;In darkness&#8221;, de la polaca Agnieszka Holland, que narra las penurias de los jud\u00edos polacos que tuvieron que esconderse en las alcantarillas durante la persecuci\u00f3n nazi.<\/p>\n<p>El premio &#8220;Ventana Sur&#8221; al mejor largometraje latinoamericano fue para la peruana &#8220;Las malas intenciones&#8221;, de Rosario Garc\u00eda-Montero, mientras que recibieron menciones en esta secci\u00f3n la brasile\u00f1a &#8220;Girimunho&#8221;, de Helv\u00e9cio Marins Junior y Clarissa Campolina, y &#8220;El lugar m\u00e1s peque\u00f1o&#8221;, de la salvadore\u00f1a Tatiana Huezo S\u00e1nchez.<\/p>\n<p>En la competencia argentina, se llev\u00f3 el primer premio &#8220;Diablo&#8221;, de Nicanor Loreti.<\/p>\n<p>En tanto, en la secci\u00f3n &#8220;Work in progress&#8221;, de pel\u00edculas en desarrollo, obtuvo el premio para su posterior ampliaci\u00f3n a 35 mil\u00edmetros &#8220;Los quiero a todos&#8221;, de Luciano Quilici, obteniendo una menci\u00f3n el trabajo de Tamae Garateguy, &#8220;Mujer lobo&#8221;.<\/p>\n<p>Entre los premios no oficiales, la Asociaci\u00f3n de Cronistas Cinematogr\u00e1ficos Argentinos tambi\u00e9n eligi\u00f3 como mejor pel\u00edcula a &#8220;Tyrannosaur&#8221;.<\/p>\n<p>El premio Fipresci de la cr\u00edtica internacional fue para el po\u00e9tico y conmovedor documental &#8220;El lugar m\u00e1s peque\u00f1o&#8221;, de Tatiana Huezo S\u00e1nchez, sobre los supervivientes de la guerra civil salvadore\u00f1a en el peque\u00f1o pueblo de Cinquera.<\/p>\n<p>La Asociaci\u00f3n Cat\u00f3lica Mundial para la Comunicaci\u00f3n otorg\u00f3 el premio Signis a la pel\u00edcula &#8220;El premio&#8221;, de la argentina radicada en M\u00e9xico Paula Markovitch, que cuenta la historia de una ni\u00f1a de 7 a\u00f1os que, huyendo junto a su madre de la represi\u00f3n militar, se refugia en un peque\u00f1o balneario y se ve obligada a mentir para poder sobrevivir.<\/p>\n<p>Por su parte, la Federaci\u00f3n Iberoamericana de Escuelas de la Imagen y el Sonido eligi\u00f3 como mejor director graduado de una escuela de cine al argentino Hern\u00e1n Bel\u00f3n, por &#8220;El campo&#8221;, protagonizada por Dolores Fonzi y Leonardo Sbaraglia.<\/p>\n<p>En tanto, el Sindicato de la Industria Cinematogr\u00e1fica Argentina eligi\u00f3 a la pel\u00edcula mexicana &#8220;El velador&#8221;, de Natalia Almada, como la mejor pel\u00edcula.<\/p>\n<p>Esta edici\u00f3n del festival, \u00fanico con categor\u00eda A en Latinoam\u00e9rica, se caracteriz\u00f3 por un presupuesto reducido que motiv\u00f3 problemas de organizaci\u00f3n y ausencia de grandes estrellas, en parte compensados por una buena programaci\u00f3n integrada por 193 t\u00edtulos -entre largometrajes y cortos- procedentes de 32 pa\u00edses, con presencia mayoritaria de producciones latinoamericanas y estadounidenses.<\/p>\n<p>La visita del actor estadounidense Willem Dafoe fue una de las notas m\u00e1s destacadas del certamen, donde present\u00f3 &#8220;A woman&#8221;, filme dirigido por su esposa, la italiana Giada Colagrande, y que hoy ser\u00e1 una de las pel\u00edculas exhibidas en la \u00faltima jornada del festival.<\/p>\n<p>Tambi\u00e9n despertaron gran entusiasmo en el p\u00fablico las presencias del actor y cineasta ingl\u00e9s Alex Cox y la del estadounidense Joe Dante, creador de los Gremlins.<\/p>\n","protected":false},"excerpt":{"rendered":"<p>La pel\u00edcula argentina &#8220;Abrir puertas y ventanas&#8221;, de Milagros Mumenthaler, logr\u00f3 el m\u00e1ximo galard\u00f3n de la 26\u00aa edici\u00f3n del Festival Internacional de Cine de la ciudad argentina de Mar del Plata.<\/p>\n","protected":false},"author":1,"featured_media":106446,"comment_status":"closed","ping_status":"open","sticky":false,"template":"","format":"standard","meta":{"footnotes":""},"categories":[80],"tags":[8645,43,8646],"class_list":["post-106445","post","type-post","status-publish","format-standard","has-post-thumbnail","hentry","category-cine-2","tag-abrir-puertas-y-ventanas","tag-argentina","tag-mar-del-plata"],"_links":{"self":[{"href":"https:\/\/diarioelpopular.com\/index.php\/wp-json\/wp\/v2\/posts\/106445","targetHints":{"allow":["GET"]}}],"collection":[{"href":"https:\/\/diarioelpopular.com\/index.php\/wp-json\/wp\/v2\/posts"}],"about":[{"href":"https:\/\/diarioelpopular.com\/index.php\/wp-json\/wp\/v2\/types\/post"}],"author":[{"embeddable":true,"href":"https:\/\/diarioelpopular.com\/index.php\/wp-json\/wp\/v2\/users\/1"}],"replies":[{"embeddable":true,"href":"https:\/\/diarioelpopular.com\/index.php\/wp-json\/wp\/v2\/comments?post=106445"}],"version-history":[{"count":0,"href":"https:\/\/diarioelpopular.com\/index.php\/wp-json\/wp\/v2\/posts\/106445\/revisions"}],"wp:featuredmedia":[{"embeddable":true,"href":"https:\/\/diarioelpopular.com\/index.php\/wp-json\/"}],"wp:attachment":[{"href":"https:\/\/diarioelpopular.com\/index.php\/wp-json\/wp\/v2\/media?parent=106445"}],"wp:term":[{"taxonomy":"category","embeddable":true,"href":"https:\/\/diarioelpopular.com\/index.php\/wp-json\/wp\/v2\/categories?post=106445"},{"taxonomy":"post_tag","embeddable":true,"href":"https:\/\/diarioelpopular.com\/index.php\/wp-json\/wp\/v2\/tags?post=106445"}],"curies":[{"name":"wp","href":"https:\/\/api.w.org\/{rel}","templated":true}]}}