{"id":10715,"date":"2011-09-07T12:36:02","date_gmt":"2011-09-07T16:36:02","guid":{"rendered":"http:\/\/retrolab.ca\/elpopular\/?p=10715"},"modified":"2011-09-07T12:36:02","modified_gmt":"2011-09-07T16:36:02","slug":"notas-del-futbol-hispano-12","status":"publish","type":"post","link":"https:\/\/diarioelpopular.com\/index.php\/2011\/09\/07\/notas-del-futbol-hispano-12\/","title":{"rendered":"Notas del f\u00fatbol hispano"},"content":{"rendered":"<div id=\"attachment_10723\" style=\"width: 810px\" class=\"wp-caption aligncenter\"><a href=\"http:\/\/retrolab.ca\/elpopular\/wp-content\/uploads\/2011\/09\/FOTO-3-NOTAS.jpg\"><img loading=\"lazy\" decoding=\"async\" aria-describedby=\"caption-attachment-10723\" class=\"size-full wp-image-10723\" title=\"Oscar Cardozo\" src=\"http:\/\/retrolab.ca\/elpopular\/wp-content\/uploads\/2011\/09\/FOTO-3-NOTAS.jpg\" alt=\"\" width=\"800\" height=\"603\" \/><\/a><p id=\"caption-attachment-10723\" class=\"wp-caption-text\">Oscar Cardozo (der) debut\u00f3 con un gol en Deportivo Cuenca en los masters de la hispana<\/p><\/div>\n<div id=\"attachment_10721\" style=\"width: 292px\" class=\"wp-caption alignright\"><a href=\"http:\/\/retrolab.ca\/elpopular\/wp-content\/uploads\/2011\/09\/FOTO-2-NOTAS.jpg\"><img loading=\"lazy\" decoding=\"async\" aria-describedby=\"caption-attachment-10721\" class=\"size-medium wp-image-10721\" title=\"Los ni\u00f1os de Copa Diario El Popular\" src=\"http:\/\/retrolab.ca\/elpopular\/wp-content\/uploads\/2011\/09\/FOTO-2-NOTAS-282x300.jpg\" alt=\"\" width=\"282\" height=\"300\" \/><\/a><p id=\"caption-attachment-10721\" class=\"wp-caption-text\">Los ni\u00f1os de Copa Diario El Popular retornan a la acci\u00f3n este s\u00e1bado en las canchas \u201cRemberto Navia Loor\u201d<\/p><\/div>\n<p>Retornan algunos de los torneos latinos veraniegos en toda plenitud, la nueva fecha se inicia este mi\u00e9rcoles a partir de las 6 y 30 de la tarde con el partido entre Ciudad de Quito ante Santa Lucia en la cancha 3 de Eglinton Flats, ambos equipos forman parte del primer torneo masters de la Liga Hispanoamericana con su jefe m\u00e1ximo Rodrigo Ponce, quien tambi\u00e9n vuelve a la liga, luego de su trabajo en el reciente Hispanic Fiesta, que a pesar de la lluvia todo sali\u00f3 bien. Rodrigo Ponce, por su m\u00faltiple trabajo brindar\u00e1 el calendario de juegos correspondiente a la fecha de este s\u00e1bado en las canchas Eglinton Flats, lado de los asados.<\/p>\n<p>Copa Diario El Popular con Carlos Navia en mesa, retorna a toda actividad con el torneo de los ni\u00f1os que debe finalizar el 24 de este mes en las canchas Remberto Navia, es decir las de Jane &amp; Finch. As\u00ed tambi\u00e9n vuelven otros campeones de Toronto\u2026<\/p>\n<div id=\"attachment_10720\" style=\"width: 205px\" class=\"wp-caption alignleft\"><a href=\"http:\/\/retrolab.ca\/elpopular\/wp-content\/uploads\/2011\/09\/FOTO-1-NOTAS.jpg\"><img loading=\"lazy\" decoding=\"async\" aria-describedby=\"caption-attachment-10720\" class=\"size-medium wp-image-10720 \" title=\"Miguel Morales\" src=\"http:\/\/retrolab.ca\/elpopular\/wp-content\/uploads\/2011\/09\/FOTO-1-NOTAS-244x300.jpg\" alt=\"\" width=\"195\" height=\"240\" \/><\/a><p id=\"caption-attachment-10720\" class=\"wp-caption-text\">Miguel Morales, premiado como el mejor golero de la Centro Sur de Sa\u00fal Varela, recibiendo el trofeo al merito de manos de Luis Ortiz, ex presidente de la Liga Hispana. Miguel, actualmente se recupera de una lesi\u00f3n al hombro, sin embargo se pregunta: \u00bfD\u00f3nde est\u00e1n mis amigos?<\/p><\/div>\n<p>Miguel \u201cnegro\u201d Morales, golero del Ciudad de Quito, y trabajador dirigente de la entidad quite\u00f1a, se lesion\u00f3 seriamente de un hombro en un partido anterior en el torneo de los masters de la hispana. Recientemente el \u201cnegro\u201d Morales, el mejor golero del torneo invernal super masters de Sa\u00fal Varela, se comunic\u00f3 con nosotros, manifest\u00e1ndonos su desilusi\u00f3n porque ning\u00fan de sus compa\u00f1eros se han comunicado con \u00e9l, para decirle siquiera c\u00f3mo estas\u2026 \u201cSalvo Marco Tapia, nadie me llam\u00f3\u201d, nos comentaba el \u201cnegro\u201d que ya se encuentra mejor y desde hace varios d\u00edas ya comenz\u00f3 a trabajar, \u201csino quien paga las deudas\u201d, nos dice el Miguel que a pesar del dolor que aun siente el hombro y un poco en el alma, no deja de perder su gracia y buen humor\u2026<\/p>\n<p>Algunos aficionados hispanos se han sumado alentar a Canad\u00e1 en su lucha por tener hinchada numerosa en los partidos eliminatorios en BMO de Toronto; el viernes pasado, los jugadores de St Lucia tambi\u00e9n contaron con sus hinchas, que festejaron su \u00fanico gol como si hubieran clasificado a un mundial. En la liga hispana participa desde hace varias temporadas un equipo de St Lucia, que al igual de sus compatriotas de su selecci\u00f3n son batalladores y con marca r\u00edgida, no es que vayan con mala intenci\u00f3n, sino que es el estilo de jugar de los caribe\u00f1os\u2026<\/p>\n<p>Jos\u00e9 Pisco, a pesar que ya tiene edad para debutar en los masters cuarentones, a\u00fan no lo hace por el Pichincha, mas quiere jugar este s\u00e1bado en el festival que se viene organizando en honor al \u201cChino\u201d Uyema en Eglinton Flats, jugando por el Sport Boys que dirige su \u201cpana\u201d Alberto Mat\u00edas que lo tuvo en el APC hace 20 a\u00f1os a Jos\u00e9, siendo campe\u00f3n de la Liga Hispana\u2026<\/p>\n<p>El r\u00e9feri Danilo Leal, ahijado del mandam\u00e1s en la coordinaci\u00f3n de r\u00e9feris, Ignacio Pisco en Copa Diario El Popular, forma parte del grupo de seguridad en los partidos de Canad\u00e1 en el BMO\u2026<\/p>\n<div id=\"attachment_10727\" style=\"width: 137px\" class=\"wp-caption alignright\"><a href=\"http:\/\/retrolab.ca\/elpopular\/wp-content\/uploads\/2011\/09\/FOTO-4-NOTAS..jpg\"><img loading=\"lazy\" decoding=\"async\" aria-describedby=\"caption-attachment-10727\" class=\"size-medium wp-image-10727  \" title=\"Atiba Hutchinson\" src=\"http:\/\/retrolab.ca\/elpopular\/wp-content\/uploads\/2011\/09\/FOTO-4-NOTAS.-199x300.jpg\" alt=\"\" width=\"127\" height=\"192\" \/><\/a><p id=\"caption-attachment-10727\" class=\"wp-caption-text\">Atiba Hutchinson, volante de la selecci\u00f3n canadiense, en su \u00e9poca juvenil jug\u00f3 con varios jugadores hispanos que no llegaron muy lejos. Foto: Hugo Vera M\u00e9ndez<\/p><\/div>\n<p>Atiba  Hutchinson, mediocampista de la selecci\u00f3n canadiense y del equipo PSV Eindhoven de Holanda, en su \u00e9poca juvenil en las selecciones de Ontario y luego Selecci\u00f3n Canadiense, jug\u00f3 al lado de numerosos j\u00f3venes hispanos, que no llegaron a nada en el f\u00fatbol competitivo nacional e internacional, y uno se pregunta por qu\u00e9; nos faltan los que agarran la disculpa ech\u00e1ndole la culpa una potencial discriminaci\u00f3n. Otros a la falta de voluntad del joven en asistir a los r\u00edgidos entrenamientos a los se someten a los seleccionados. A veces algunos padres de familia influyen en sus hijos, dici\u00e9ndoles que sus entrenadores canadienses, no saben absolutamente nada, y m\u00e1s bien en sus pa\u00edses de origen si conocen los secretos del f\u00fatbol, haci\u00e9ndole perder confianza al joven hispano canadiense. Lo cierto es que pasan los a\u00f1os y hasta ahora no tenemos un jugador de origen hispano como titular en una selecci\u00f3n canadiense mayor, salvo H\u00e9ctor Marinaro hijo, pero eso fue hace alrededor de 20 a\u00f1os\u2026<\/p>\n<p>Tras los t\u00edtulos en las Supercopas UEFA y espa\u00f1ola, Barcelona se mantiene en la cabeza de la clasificaci\u00f3n mundial de la Federaci\u00f3n de Historia y Estad\u00edstica del F\u00fatbol (IFFHS). Desde hace meses los dos mejores equipos de Espa\u00f1a se mantienen en lo m\u00e1s alto de la tabla. El conjunto catal\u00e1n lidera con holgura y lo persigue su cl\u00e1sico rival, Real Madrid.<\/p>\n<p><a href=\"http:\/\/retrolab.ca\/elpopular\/wp-content\/uploads\/2011\/09\/Clasificaci\u00f3n-mundial-de-clubes.jpg\"><img loading=\"lazy\" decoding=\"async\" class=\"size-full wp-image-10717 alignleft\" title=\"Clasificaci\u00f3n mundial de clubes\" src=\"http:\/\/retrolab.ca\/elpopular\/wp-content\/uploads\/2011\/09\/Clasificaci\u00f3n-mundial-de-clubes.jpg\" alt=\"\" width=\"381\" height=\"740\" \/><\/a>En tanto, el campe\u00f3n argentino V\u00e9lez Sarsfield ascendi\u00f3 un puesto, est\u00e1 octavo y es el mejor equipo sudamericano del ranking. Atl\u00e9tico de Madrid ha sido el mejor del mundo en agosto. El equipo madrile\u00f1o derrot\u00f3 a rivales de reconocida alta categor\u00eda internacional en la Liga Europa sin recibir ning\u00fan gol, y por lo tanto se convierte en el mejor club del mundo en el pasado mes\u2026<\/p>\n<p>Cesc Fabregas no deja de felicitarse por haber aterrizado, al fin, en el Bar\u00e7a. El centrocampista atendi\u00f3 a <em>El Pa\u00eds<\/em> y volvi\u00f3 a demostrar lo afortunado que se siente tras volver a vestirse de azulgrana. &#8220;\u00a1Imag\u00ednese! Es que estoy tan contento que a veces trato de disimularlo. Me da como verg\u00fcenza&#8221;, reconoci\u00f3. Fabregas ten\u00eda claro que esta temporada era la \u00faltima que iba a pasar en el Arsenal y volvi\u00f3 a se\u00f1alar la falta de t\u00edtulos como uno de los grandes motivos par dejar el conjunto &#8216;gunner&#8217;. &#8220;Yo sab\u00eda que este \u00faltimo a\u00f1o era s\u00ed o s\u00ed. Est\u00e1bamos en cuatro competiciones: la Copa de la Liga, la Copa, la Champions, la Premier, en la que \u00e9ramos segundos&#8230; Al final, aflojamos y&#8230; nada. Lo que ten\u00eda claro es que o me iba al Bar\u00e7a o segu\u00eda en el Arsenal. Nunca pens\u00e9 en irme ni por dinero ni por otra motivaci\u00f3n que no fuera volver a casa&#8221;, indic\u00f3\u2026<\/p>\n<p>El contrato del colombiano Radamel Falcao con el Atl\u00e9tico de Madrid incluye una cl\u00e1usula de rescisi\u00f3n unilateral por valor de 60 millones. Tal cifra no hab\u00eda trascendido hasta ahora, pero est\u00e1 en condiciones de adelantar que el colombiano tiene precisamente la misma con la que en su momento cont\u00f3 Sergio Ag\u00fcero, aunque en su caso fue posteriormente rebajada, a 45, en el proceso de renovaci\u00f3n que se rubric\u00f3 en los \u00faltimos meses de 2010. Conocido es que el 9 rojiblanco ha firmado por \u00e9sta y las cuatro pr\u00f3ximas campa\u00f1as, fichaje que ha salido al club rojiblanco por 40 millones fijos y 7 variables, m\u00e1s los 5 que corresponden al traspaso de Rub\u00e9n Micael, impuesto por el Oporto para cerrar la operaci\u00f3n. Desde el Atl\u00e9tico se ha matizado desde un primer momento que la cifra variable corresponde pr\u00e1cticamente en su totalidad a condiciones de dif\u00edcil cumplimiento, l\u00e9ase ganar Liga o Champions hasta 2015. Competiciones como la Europa League o la Copa se cotizan apenas a 240.000 euros en el contrato rubricado por las partes\u2026<\/p>\n<div id=\"attachment_10736\" style=\"width: 810px\" class=\"wp-caption aligncenter\"><a href=\"http:\/\/retrolab.ca\/elpopular\/wp-content\/uploads\/2011\/09\/FOTO-7-NOTAS.jpg\"><img loading=\"lazy\" decoding=\"async\" aria-describedby=\"caption-attachment-10736\" class=\"size-full wp-image-10736\" title=\"Copihues Rojos\" src=\"http:\/\/retrolab.ca\/elpopular\/wp-content\/uploads\/2011\/09\/FOTO-7-NOTAS.jpg\" alt=\"\" width=\"800\" height=\"571\" \/><\/a><p id=\"caption-attachment-10736\" class=\"wp-caption-text\">Jugadores del Copihues Rojos, equipo que puede dar m\u00e1s de una sorpresa en los pr\u00f3ximos juegos de la hispana<\/p><\/div>\n<div id=\"attachment_10734\" style=\"width: 243px\" class=\"wp-caption alignright\"><a href=\"http:\/\/retrolab.ca\/elpopular\/wp-content\/uploads\/2011\/09\/FOTO-6-NOTAS.jpg\"><img loading=\"lazy\" decoding=\"async\" aria-describedby=\"caption-attachment-10734\" class=\"size-medium wp-image-10734\" title=\"Johnny Mu\u00f1oz\" src=\"http:\/\/retrolab.ca\/elpopular\/wp-content\/uploads\/2011\/09\/FOTO-6-NOTAS-233x300.jpg\" alt=\"\" width=\"233\" height=\"300\" \/><\/a><p id=\"caption-attachment-10734\" class=\"wp-caption-text\">Johnny Mu\u00f1oz, de reciente debut en Deportivo Cuenca, que ha reforzado en los masters de la hispana y su recta final<\/p><\/div>\n<p>El ex delantero Mart\u00edn Palermo, m\u00e1ximo goleador de Boca Juniors, y el ex portero Roberto Abbondanzieri, tambi\u00e9n antiguo jugador boquense, lograron ver la bandera a cuadros al debutar en una carrera de la competencia Top Race en el aut\u00f3dromo de Buenos Aires. Abbondanzieri concluy\u00f3 la carrera en la posici\u00f3n 16, tres puestos por delante de Palermo y ambos fueron aclamados por los aficionados al automovilismo, en especial por los hinchas de Boca, como si a\u00fan estuvieran en una cancha de futbol. Para delirio de las tribunas, los dos exfutbolistas, que corrieron con autom\u00f3viles Chevrolet Vectra, sobrepasaron a otros competidores y se declararon muy satisfechos al concluir la carrera, que gan\u00f3 el campe\u00f3n argentino Gerardo Salaverria. Tanto Palermo como Abbondanzieri dijeron que les gustar\u00eda volver a correr en la Top Race, aunque aclararon que en todo caso pedir\u00e1n permiso a sus respectivas familias\u2026<\/p>\n<p>Dwayne De Rosario fue seleccionado como el Jugador del Mes de la MLS del mes de agosto por el North American Soccer Reporters (NASR). De Rosario anot\u00f3 tres goles y dio dos asistencias en el mes de agosto, ayudando a su equipo a moverse a solo un punto de la \u00faltima posici\u00f3n para cualificar a la Liguilla. D.C. United adquiri\u00f3 al veterano de 11 a\u00f1os en MLS en un intercambio con los New York Red Bulls en junio y De Rosario ha tenido un gran rendimiento desde el intercambio anotando seis goles en ocho partidos. De Rosario ha jugado para cuatro equipos en la MLS aparte de D.C. United en su carrera y ha anotado contra tres de esos equipos jugando desde que lleg\u00f3 a D.C. El 6 de agosto, De Rosario anot\u00f3 todos los goles en el empate 3-3 entre United y Toronto FC, en donde jug\u00f3 desde el comienzo del 2009 hasta el comienzo de la temporada 2011. De Rosario culmin\u00f3 un emocionante partido con un gol en los minutos finales del partido, anotando desde el punto penal en el minuto 88 y completando su \u2018hat-trick\u2019. De Rosario fue nombrado el Jugador de la Semana de la MLS de las jornadas 20 y 21 despu\u00e9s de registrar partidos consecutivos contra San Jose y Toronto en los que anot\u00f3 m\u00e1s de un gol y sus nueve goles esta temporada lo tiene empatado en el quinto puesto en la lista de goleadores de la MLS. El mediocampista canadiense es uno de los jugadores m\u00e1s galardonados de la liga y sus 86 goles lo ponen en el d\u00e9cimo puesto de goleadores hist\u00f3ricos de la MLS. De Rosario ha ganado cuatro Copas MLS, fue nombrado Jugador Estrella seis veces y anot\u00f3 el Gol del A\u00f1o de la MLS dos veces en el 2004 y 2005. Esta es la segunda vez que De Rosario es seleccionado como el Jugador del Mes de la MLS, despu\u00e9s de ganar el galard\u00f3n en octubre del 2005 con San Jose Earthquakes. Otros jugadores que recibieron m\u00faltiples votos de primer puesto para el Jugador del Mes por la NASR fueron el mediocampista de Seattle Sounders Mauro Rosales, el defensa de Colorado Rapids Drew Moor y el delantero de Chicago Fire Dominic Oduro\u2026<\/p>\n<div id=\"attachment_10737\" style=\"width: 250px\" class=\"wp-caption alignleft\"><a href=\"http:\/\/retrolab.ca\/elpopular\/wp-content\/uploads\/2011\/09\/FOTO-8-NOTAS.jpg\"><img loading=\"lazy\" decoding=\"async\" aria-describedby=\"caption-attachment-10737\" class=\"size-medium wp-image-10737 \" title=\"Eduardo Tacuri\" src=\"http:\/\/retrolab.ca\/elpopular\/wp-content\/uploads\/2011\/09\/FOTO-8-NOTAS-300x286.jpg\" alt=\"\" width=\"240\" height=\"229\" \/><\/a><p id=\"caption-attachment-10737\" class=\"wp-caption-text\">Eduardo Tacuri, dirigente del Ciudad de Quito, sigue con atenci\u00f3n un partido de su equipo, teniendo al lado a Juan Vinueza como si fuera su guardaespaldas<\/p><\/div>\n<p>Despu\u00e9s de la buena goleada que se llevo Ecuador United ante sus paisanos del Deportivo Cuenca, deben levantar cabeza para intentar clasificar a las finales de la hispana que se jugar\u00e1n en la cancha de Brockton, atr\u00e1s de Dufferin Mall. Dar\u00edo Palma, uno de los hinchas m\u00e1s fieles del Ecuador United, no estuvo presente durante la goleada de hace un par de semanas. Dar\u00edo est\u00e1 considerado como el talism\u00e1n de la buena suerte, no faltan quienes creen con \u00e9l alrededor de la cancha, Ecuador United no perd\u00eda; tampoco faltaban opiniones que con sus once jugadores tampoco perd\u00eda; porque los goles cuencanos llegaron cuando sus rivales de United, ten\u00edan solamente 8 jugadores, porque el \u00e1rbitro les expuls\u00f3 en pocos minutos a tres jugadores del Ecuador United\u2026<\/p>\n<p>Y Marcos Jaramillo, va jugar las semifinales y finales con Ecuador United\u2026 y si tiene partido como r\u00e9feri en la liga que coordina a lo mejor no puede asistir y la presencia de Marco en este equipo es casi indispensable\u2026<\/p>\n<div id=\"attachment_10730\" style=\"width: 198px\" class=\"wp-caption alignright\"><a href=\"http:\/\/retrolab.ca\/elpopular\/wp-content\/uploads\/2011\/09\/FOTO-5-NOTAS.jpg\"><img loading=\"lazy\" decoding=\"async\" aria-describedby=\"caption-attachment-10730\" class=\"size-medium wp-image-10730 \" title=\"Joao Plata\" src=\"http:\/\/retrolab.ca\/elpopular\/wp-content\/uploads\/2011\/09\/FOTO-5-NOTAS-235x300.jpg\" alt=\"\" width=\"188\" height=\"240\" \/><\/a><p id=\"caption-attachment-10730\" class=\"wp-caption-text\">Joao Plata, delantero ecuatoriano, sigue destacando en el Toronto FC en la MLS. Foto Hugo Vera M\u00e9ndez<\/p><\/div>\n<p>Toronto FC se mide al Columbus Crew este s\u00e1bado como visitante; Joao Plata sigue convertido en el jugador m\u00e1s destacado del equipo local, y eso no gana de 50 mil d\u00f3lares por temporada, seg\u00fan nos informan. Seguramente en la pr\u00f3xima temporada su salario va aumentar considerablemente. Despu\u00e9s de su partido ante Columbus, el equipo viajar\u00e1 a Ciudad de M\u00e9xico, a jugar ante Los Pumas el 14 de septiembre por la Concachampions, luego retornan al barrio para reaparecer ante Rapids en el BMO el s\u00e1bado 17 a la una y media. As\u00ed que entre los experimentos del novato entrenador holand\u00e9s Aron Martin, el equipo sigue casi \u00faltimo en su serie a 16 puntos del l\u00edder Columbus Crew, su pr\u00f3ximo rival que cuenta con 40 unidades y pr\u00e1cticamente ya ingreso a los \u201cplay off\u201d\u2026<\/p>\n<p>Hasta la pr\u00f3xima que hay m\u00e1s\u2026<\/p>\n","protected":false},"excerpt":{"rendered":"<p>Retornan algunos de los torneos latinos veraniegos en toda plenitud, la nueva fecha se inicia este mi\u00e9rcoles a partir de las 6 y 30 de&hellip;<\/p>\n","protected":false},"author":1,"featured_media":10741,"comment_status":"closed","ping_status":"open","sticky":false,"template":"","format":"standard","meta":{"footnotes":""},"categories":[28],"tags":[657],"class_list":["post-10715","post","type-post","status-publish","format-standard","has-post-thumbnail","hentry","category-deportes","tag-futbol-hispano"],"_links":{"self":[{"href":"https:\/\/diarioelpopular.com\/index.php\/wp-json\/wp\/v2\/posts\/10715","targetHints":{"allow":["GET"]}}],"collection":[{"href":"https:\/\/diarioelpopular.com\/index.php\/wp-json\/wp\/v2\/posts"}],"about":[{"href":"https:\/\/diarioelpopular.com\/index.php\/wp-json\/wp\/v2\/types\/post"}],"author":[{"embeddable":true,"href":"https:\/\/diarioelpopular.com\/index.php\/wp-json\/wp\/v2\/users\/1"}],"replies":[{"embeddable":true,"href":"https:\/\/diarioelpopular.com\/index.php\/wp-json\/wp\/v2\/comments?post=10715"}],"version-history":[{"count":0,"href":"https:\/\/diarioelpopular.com\/index.php\/wp-json\/wp\/v2\/posts\/10715\/revisions"}],"wp:featuredmedia":[{"embeddable":true,"href":"https:\/\/diarioelpopular.com\/index.php\/wp-json\/"}],"wp:attachment":[{"href":"https:\/\/diarioelpopular.com\/index.php\/wp-json\/wp\/v2\/media?parent=10715"}],"wp:term":[{"taxonomy":"category","embeddable":true,"href":"https:\/\/diarioelpopular.com\/index.php\/wp-json\/wp\/v2\/categories?post=10715"},{"taxonomy":"post_tag","embeddable":true,"href":"https:\/\/diarioelpopular.com\/index.php\/wp-json\/wp\/v2\/tags?post=10715"}],"curies":[{"name":"wp","href":"https:\/\/api.w.org\/{rel}","templated":true}]}}