{"id":10744,"date":"2011-09-08T01:45:07","date_gmt":"2011-09-08T05:45:07","guid":{"rendered":"http:\/\/retrolab.ca\/elpopular\/?p=10744"},"modified":"2011-09-08T01:45:07","modified_gmt":"2011-09-08T05:45:07","slug":"arranca-el-tiff-con-u2-y-un-ciclo-sobre-buenos-aires","status":"publish","type":"post","link":"https:\/\/diarioelpopular.com\/index.php\/2011\/09\/08\/arranca-el-tiff-con-u2-y-un-ciclo-sobre-buenos-aires\/","title":{"rendered":"Arranca el TIFF con U2 y un ciclo sobre Buenos Aires"},"content":{"rendered":"<div id=\"attachment_10745\" style=\"width: 710px\" class=\"wp-caption aligncenter\"><a href=\"http:\/\/retrolab.ca\/elpopular\/wp-content\/uploads\/2011\/09\/From-The-Sky-Down.jpg\"><img loading=\"lazy\" decoding=\"async\" aria-describedby=\"caption-attachment-10745\" class=\"size-full wp-image-10745\" title=\"From The Sky Down\" src=\"http:\/\/retrolab.ca\/elpopular\/wp-content\/uploads\/2011\/09\/From-The-Sky-Down.jpg\" alt=\"\" width=\"700\" height=\"420\" \/><\/a><p id=\"caption-attachment-10745\" class=\"wp-caption-text\">Un fotograma del documental sobre U2 &quot;From the Sky Down&quot;, de Davis Guggenheim, que abrir\u00e1 este jueves por la noche la programaci\u00f3n del Festival de Cine de Toronto (TIFF)<\/p><\/div>\n<p><em><strong>Julio C\u00e9sar Rivas. Toronto.- <\/strong><\/em>El Festival Internacional de Cine de Toronto (TIFF, por sus siglas en ingl\u00e9s), considerado entre los tres m\u00e1s importantes del mundo, inicia este jueves su XXXIV edici\u00f3n, en la que destaca un ciclo especial dedicado a la capital argentina, Buenos Aires.<\/p>\n<p>Como ya es tradicional, la muestra canadiense, que no es competitiva y se ha convertido en la plataforma de lanzamiento de las pel\u00edculas candidatas a los \u00d3scar del a\u00f1o, ser\u00e1 durante los pr\u00f3ximos el centro de atenci\u00f3n del mundo del celuloide con el desfile de los principales actores y directores de Hollywood.<\/p>\n<p>Este a\u00f1o la organizaci\u00f3n del festival ha anunciado que nombres como Brad Pitt, Rachel Weisz, George Clooney, Madonna, Bono, Francis Ford Coppola, Gael Garcia Bernal, Jane Fonda, Clive Owen, Philip Seymour Hoffman, Seth Rogen, Evan Rachel Wood, Viggo Mortensen y Salma Hayek asistir\u00e1n a la muestra.<\/p>\n<p>En total, el TIFF mostrar\u00e1 del 8 al 18 de septiembre 336 pel\u00edculas (268 largometrajes y 68 cortos) procedentes de 65 pa\u00edses. De los largometrajes, 123 son estrenos mundiales.<\/p>\n<p>Fiel a su tradici\u00f3n de incluir alguna dosis de pol\u00e9mica en cada edici\u00f3n, los programadores del TIFF han decidido que este a\u00f1o el festival se inicie este juves por la noche con un documental sobre el grupo de rock irland\u00e9s U2.<\/p>\n<p>&#8220;From the Sky Down&#8221;, de Davis Guggenheim, en el que se examina la trayectoria del conjunto que capitanea el cantante Bono, ser\u00e1 el primer documental que abra el certamen.<\/p>\n<p>Hace dos a\u00f1os, el TIFF rompi\u00f3 con la pr\u00e1ctica de iniciar el festival con una pel\u00edcula canadiense y en esta edici\u00f3n los organizadores han decidido dar un paso m\u00e1s y dedicarle el codiciado puesto a un documental.<\/p>\n<p>Otros filmes que han levantado expectaci\u00f3n en esta edici\u00f3n son &#8220;Moneyball&#8221;, una cinta sobre el mundo del b\u00e9isbol protagonizada por Brad Pitt, y &#8220;The Ides of March&#8221;, la pel\u00edcula de suspense pol\u00edtico con algunos de los mayores pesos pesados de Hollywood como George Clooney, Paul Giamatti y Philip Seymour Hoffman.<\/p>\n<p>Entre los estrenos mundiales se encuentran la nueva pel\u00edcula del director espa\u00f1ol Nacho Vigalondo, &#8220;Extraterrestrial&#8221;, una mezcla de ciencia ficci\u00f3n, romance y comedia negra, y &#8220;Juan of the Dead&#8221;, la coproducci\u00f3n hispano-cubana de Alejandro Brugu\u00e9s, que es el primer filme de zombies producido en la isla caribe\u00f1a.<\/p>\n<p>Pero adem\u00e1s de todos estos nombres internacionales, el TIFF presenta este a\u00f1o un ciclo especial sobre Buenos Aires, en el programa denominado &#8220;City to City&#8221;, en el que se mostrar\u00e1n obras de las nuevas generaciones de cineastas argentinos.<\/p>\n<p>Kate Lawrie Van de Ven, programadora de &#8220;City to City&#8221;, dijo a Efe que el objetivo del ciclo es &#8220;presentar trabajos que introducen al p\u00fablico del festival a una amplia variedad de las din\u00e1micas voces cinematogr\u00e1ficas que emergen en Buenos Aires as\u00ed como filmes que son interesantes por su contexto espec\u00edfico urbano&#8221;.<\/p>\n<p>Una de las pel\u00edculas de &#8220;City to City&#8221; es &#8220;Caprichosos de San Telmo&#8221;, de Alison Murray, que realiza su estreno mundial en el TIFF.<\/p>\n<p>Tambi\u00e9n est\u00e1n &#8220;El gato desaparece&#8221;, de Carlos Sorin:; &#8220;Mundo Gr\u00faa&#8221;, de Pablo Trapero; &#8220;Tierra de los padres&#8221;, de Nicol\u00e1s Prividera; &#8220;Invasi\u00f3n&#8221;, de Hugo Santiago; &#8220;Un mundo misterioso&#8221;, de Rodrigo Moreno; &#8220;Pompeya&#8221;, de Tamae Garateguy; &#8220;Las piedras&#8221;, de Rom\u00e1n C\u00e1rdenas; &#8220;El estudiante&#8221;, de Santiago Mitre, y &#8220;Vaquero&#8221;, de Juan Minuj\u00edn.<\/p>\n<p>Van de Ven explic\u00f3 que &#8220;los filmes que est\u00e1n saliendo ahora mismo de Buenos Aires son muy diversos y eso es lo primero que ofrecen a las audiencias mundiales, una amplia variedad de estilos de contar historias y puntos de identificaci\u00f3n&#8221;.<\/p>\n<p>&#8220;En conjunto, la calidad de la cinematograf\u00eda es muy alta y el atrevimiento y seguridad de los cineastas nos han proporcionado un conjunto de nuevas obras muy convincentes&#8221;, termin\u00f3 se\u00f1alando Van de Ven.<\/p>\n","protected":false},"excerpt":{"rendered":"<p>El Festival Internacional de Cine de Toronto (TIFF, por sus siglas en ingl\u00e9s), considerado entre los tres m\u00e1s importantes del mundo, inicia este jueves su XXXIV edici\u00f3n, en la que destaca un ciclo especial dedicado a la capital argentina, Buenos Aires.<\/p>\n","protected":false},"author":1,"featured_media":10745,"comment_status":"closed","ping_status":"open","sticky":false,"template":"","format":"standard","meta":{"footnotes":""},"categories":[21,80],"tags":[2084,2202,7653,4513,6955],"class_list":["post-10744","post","type-post","status-publish","format-standard","has-post-thumbnail","hentry","category-canada","category-cine-2","tag-buenos-aires","tag-cine-3","tag-festival-de-toronto","tag-tiff-2011","tag-u2"],"_links":{"self":[{"href":"https:\/\/diarioelpopular.com\/index.php\/wp-json\/wp\/v2\/posts\/10744","targetHints":{"allow":["GET"]}}],"collection":[{"href":"https:\/\/diarioelpopular.com\/index.php\/wp-json\/wp\/v2\/posts"}],"about":[{"href":"https:\/\/diarioelpopular.com\/index.php\/wp-json\/wp\/v2\/types\/post"}],"author":[{"embeddable":true,"href":"https:\/\/diarioelpopular.com\/index.php\/wp-json\/wp\/v2\/users\/1"}],"replies":[{"embeddable":true,"href":"https:\/\/diarioelpopular.com\/index.php\/wp-json\/wp\/v2\/comments?post=10744"}],"version-history":[{"count":0,"href":"https:\/\/diarioelpopular.com\/index.php\/wp-json\/wp\/v2\/posts\/10744\/revisions"}],"wp:featuredmedia":[{"embeddable":true,"href":"https:\/\/diarioelpopular.com\/index.php\/wp-json\/"}],"wp:attachment":[{"href":"https:\/\/diarioelpopular.com\/index.php\/wp-json\/wp\/v2\/media?parent=10744"}],"wp:term":[{"taxonomy":"category","embeddable":true,"href":"https:\/\/diarioelpopular.com\/index.php\/wp-json\/wp\/v2\/categories?post=10744"},{"taxonomy":"post_tag","embeddable":true,"href":"https:\/\/diarioelpopular.com\/index.php\/wp-json\/wp\/v2\/tags?post=10744"}],"curies":[{"name":"wp","href":"https:\/\/api.w.org\/{rel}","templated":true}]}}