{"id":108282,"date":"2012-01-15T17:17:21","date_gmt":"2012-01-15T22:17:21","guid":{"rendered":"http:\/\/diarioelpopular.com\/?p=108282"},"modified":"2012-01-15T17:17:21","modified_gmt":"2012-01-15T22:17:21","slug":"despres-y-peterhansel-campeones-del-dakar","status":"publish","type":"post","link":"https:\/\/diarioelpopular.com\/index.php\/2012\/01\/15\/despres-y-peterhansel-campeones-del-dakar\/","title":{"rendered":"Despres y Peterhansel, campeones del Dakar"},"content":{"rendered":"<div id=\"attachment_108283\" style=\"width: 710px\" class=\"wp-caption aligncenter\"><a href=\"https:\/\/diarioelpopular.com\/wp-content\/uploads\/2012\/01\/Cyril-Despres-campe\u00f3n-del-Dakar-2012-en-motos.jpg\"><img loading=\"lazy\" decoding=\"async\" aria-describedby=\"caption-attachment-108283\" class=\"size-full wp-image-108283\" title=\"Cyril Despres, campe\u00f3n del Dakar 2012 en motos\" src=\"https:\/\/diarioelpopular.com\/wp-content\/uploads\/2012\/01\/Cyril-Despres-campe\u00f3n-del-Dakar-2012-en-motos.jpg\" alt=\"\" width=\"700\" height=\"420\" \/><\/a><p id=\"caption-attachment-108283\" class=\"wp-caption-text\">El motociclista Cyril Despres celebra su victoria en el Dakar 2012, categor\u00eda motos, en la Plaza de Armas de Lima (Per\u00fa). Foto: C\u00e9zaro de Luca \/ Efe<\/p><\/div>\n<div id=\"attachment_108284\" style=\"width: 310px\" class=\"wp-caption alignright\"><a href=\"https:\/\/diarioelpopular.com\/wp-content\/uploads\/2012\/01\/St\u00e9phane-Peterhansel-campe\u00f3n-del-Dakar-2012-en-autos.jpg\"><img loading=\"lazy\" decoding=\"async\" aria-describedby=\"caption-attachment-108284\" class=\"size-medium wp-image-108284\" title=\"St\u00e9phane Peterhansel, campe\u00f3n del Dakar 2012 en autos\" src=\"https:\/\/diarioelpopular.com\/wp-content\/uploads\/2012\/01\/St\u00e9phane-Peterhansel-campe\u00f3n-del-Dakar-2012-en-autos-300x244.jpg\" alt=\"\" width=\"300\" height=\"244\" \/><\/a><p id=\"caption-attachment-108284\" class=\"wp-caption-text\">El piloto franc\u00e9s St\u00e9phane Peterhansel, ganador del Dakar 2012 en autos, en el podio de la Plaza de Armas de Lima (Per\u00fa). Foto: C\u00e9zaro de Luca \/ Efe<\/p><\/div>\n<p><em><strong>Efe. Lima.-<\/strong><\/em> La hist\u00f3rica Plaza de Armas de Lima fue el escenario elegido para bajar el tel\u00f3n del\u00a0Dakar\u00a02012, en el que Cyril Despres y St\u00e9phane Peterhansel consiguieron un doblete franc\u00e9s que engrosa el palmar\u00e9s de estos dos veteranos pilotos en el rally m\u00e1s duro del mundo.<\/p>\n<p>El presidente peruano, Ollanta Humala, entreg\u00f3 a los ganadores la estatua del tuareg en una colorida ceremonia en el centro de la capital.<\/p>\n<p>Despres sum\u00f3 su cuarto\u00a0Dakar\u00a0en motos en las \u00faltimas siete ediciones, mientras que Peterhansel gan\u00f3 su d\u00e9cima corona, la cuarta en autos, y justific\u00f3 por qu\u00e9 es conocido como &#8220;Monsieur\u00a0Dakar&#8221;.<\/p>\n<p>La \u00faltima etapa, con 29 kil\u00f3metros entre Pisco y Lima, fue un puro tr\u00e1mite. Despres ten\u00eda m\u00e1s de 55 minutos de ventaja sobre Marc Coma, que ayer qued\u00f3 sin opciones de ganar por problemas mec\u00e1nicos y cambi\u00f3 por segunda vez el motor.<\/p>\n<p>Peterhansel, en tanto, gozaba de una renta de m\u00e1s de cuarenta minutos sobre Joan &#8216;Nani&#8217; Roma, que se qued\u00f3 con el segundo caj\u00f3n del podio.<\/p>\n<p>La victoria en la \u00faltima jornada en motos fue para el noruego Pal Anders Ullevalseter, que lleg\u00f3 delante de Coma. Despres, que corr\u00eda sin ning\u00fan tipo de presi\u00f3n, fue d\u00e9cimo.<\/p>\n<p>La clasificaci\u00f3n final deja m\u00e1s de 53 minutos entre Despres y Coma. Este resultado es enga\u00f1oso y no refleja la igualdad que hubo entre los dos grandes dominadores de la categor\u00eda en los \u00faltimos a\u00f1os.<\/p>\n<p>La carrera no se decidi\u00f3 hasta la pen\u00faltima etapa, en la que Coma rompi\u00f3 la caja de cambios de su moto y dej\u00f3 en bandeja la victoria a su rival. Una penalizaci\u00f3n de 45 minutos por cambiar por segunda vez el motor estableci\u00f3 la diferencia final en la tabla.<\/p>\n<p>El portugu\u00e9s Helder Rodrigues qued\u00f3 tercero, aunque en ning\u00fan momento pareci\u00f3 capacitado para dar guerra a los dos primeros clasificados.<\/p>\n<p>Jordi Viladoms y Gerard Farr\u00e9s fueron cuarto y s\u00e9ptimo respectivamente en su primer\u00a0Dakar\u00a0con el equipo Bordone Ferrari, que meti\u00f3 a tres de sus cuatro pilotos entre los diez primeros clasificados.<\/p>\n<p>Joan Barreda, que tuvo dos etapas para el olvido pero que en el tramo final luch\u00f3 codo a codo con Despres y Coma, finalmente qued\u00f3 und\u00e9cimo.<\/p>\n<p>La categor\u00eda femenina estuvo dominada un a\u00f1o m\u00e1s por la espa\u00f1ola Laia Sanz, la \u00fanica mujer que lleg\u00f3 a Lima de las tres que empezaron el rally en Mar del Plata.<\/p>\n<p>En autos el estadounidense Robby Gordon se qued\u00f3 con la victoria en la \u00faltima etapa. &#8216;Nani&#8217; Roma fue octavo y Peterhansel d\u00e9cimo.<\/p>\n<p>Despu\u00e9s de cinco a\u00f1os de sinsabores, Peterhansel subi\u00f3 de nuevo a lo m\u00e1s alto del podio. Pese a la igualdad de la prueba lo hizo con holgura, con m\u00e1s de cuarenta minutos de ventaja sobre &#8216;Nani&#8217; Roma, que consigui\u00f3 su mejor clasificaci\u00f3n desde 2005, cuando dej\u00f3 la moto y empez\u00f3 a competir sobre cuatro ruedas.<\/p>\n<p>El tercero fue el sudafricano Giniel De Villiers, que evit\u00f3 que los Mini se llevaran las tres estatuillas del tuareg que se entregan en el podio.<\/p>\n<p>Robby Gordon finalmente consigui\u00f3 la quinta plaza, aunque de manera provisional. El estadounidense fue expulsados por los comisarios, que lo acusaron de modificar de manera ilegal el motor de su Hummer.<\/p>\n<p>Gordon apel\u00f3 esta decisi\u00f3n y la resoluci\u00f3n del caso no se conocer\u00e1 hasta dentro de unos dos meses.<\/p>\n<p>El otro Hummer, el de Nasser Al-Attiyah, campe\u00f3n en 2011, abandon\u00f3 en la novena etapa tras una seguidilla de aver\u00edas que colmaron la paciencia del catar\u00ed.<\/p>\n<p>Adem\u00e1s saltaron chispas entre Gordon y Al-Attiyah despu\u00e9s de que, seg\u00fan Lucas Cruz, el copiloto del catar\u00ed, Gordon les exigiera que fueran sus &#8216;mochileros&#8217;.<\/p>\n<p>El argentino Alejandro Patronelli revalid\u00f3 el titulo conseguido el a\u00f1o pasado en la carrera de quads, mientras que el holand\u00e9s Gerard De Rooy se impuso en camiones y rompi\u00f3 la hegemon\u00eda del equipo ruso Kamaz.<\/p>\n","protected":false},"excerpt":{"rendered":"<p>La hist\u00f3rica Plaza de Armas de Lima fue el escenario elegido para bajar el tel\u00f3n del Dakar 2012, en el que Cyril Despres y St\u00e9phane Peterhansel consiguieron un doblete franc\u00e9s que engrosa el palmar\u00e9s de estos dos veteranos pilotos en el rally m\u00e1s duro del mundo.<\/p>\n","protected":false},"author":1,"featured_media":108283,"comment_status":"closed","ping_status":"open","sticky":false,"template":"","format":"standard","meta":{"footnotes":""},"categories":[28],"tags":[831,46,272,173,855],"class_list":["post-108282","post","type-post","status-publish","format-standard","has-post-thumbnail","hentry","category-deportes","tag-cyril-despres","tag-dakar","tag-peru","tag-rally","tag-stephane-peterhansel"],"_links":{"self":[{"href":"https:\/\/diarioelpopular.com\/index.php\/wp-json\/wp\/v2\/posts\/108282","targetHints":{"allow":["GET"]}}],"collection":[{"href":"https:\/\/diarioelpopular.com\/index.php\/wp-json\/wp\/v2\/posts"}],"about":[{"href":"https:\/\/diarioelpopular.com\/index.php\/wp-json\/wp\/v2\/types\/post"}],"author":[{"embeddable":true,"href":"https:\/\/diarioelpopular.com\/index.php\/wp-json\/wp\/v2\/users\/1"}],"replies":[{"embeddable":true,"href":"https:\/\/diarioelpopular.com\/index.php\/wp-json\/wp\/v2\/comments?post=108282"}],"version-history":[{"count":0,"href":"https:\/\/diarioelpopular.com\/index.php\/wp-json\/wp\/v2\/posts\/108282\/revisions"}],"wp:featuredmedia":[{"embeddable":true,"href":"https:\/\/diarioelpopular.com\/index.php\/wp-json\/"}],"wp:attachment":[{"href":"https:\/\/diarioelpopular.com\/index.php\/wp-json\/wp\/v2\/media?parent=108282"}],"wp:term":[{"taxonomy":"category","embeddable":true,"href":"https:\/\/diarioelpopular.com\/index.php\/wp-json\/wp\/v2\/categories?post=108282"},{"taxonomy":"post_tag","embeddable":true,"href":"https:\/\/diarioelpopular.com\/index.php\/wp-json\/wp\/v2\/tags?post=108282"}],"curies":[{"name":"wp","href":"https:\/\/api.w.org\/{rel}","templated":true}]}}