{"id":1093,"date":"2011-06-08T02:41:42","date_gmt":"2011-06-08T06:41:42","guid":{"rendered":"http:\/\/retrolab.ca\/elpopular\/?p=1093"},"modified":"2011-06-08T02:41:42","modified_gmt":"2011-06-08T06:41:42","slug":"notas-del-futbol-hispano-2","status":"publish","type":"post","link":"https:\/\/diarioelpopular.com\/index.php\/2011\/06\/08\/notas-del-futbol-hispano-2\/","title":{"rendered":"Notas del f\u00fatbol hispano"},"content":{"rendered":"<div id=\"attachment_1095\" style=\"width: 710px\" class=\"wp-caption aligncenter\"><a href=\"http:\/\/retrolab.ca\/elpopular\/wp-content\/uploads\/2011\/06\/FOTO-2-NOTAS1.jpg\"><img loading=\"lazy\" decoding=\"async\" aria-describedby=\"caption-attachment-1095\" class=\"size-full wp-image-1095\" title=\"FOTO 2 NOTAS\" src=\"http:\/\/retrolab.ca\/elpopular\/wp-content\/uploads\/2011\/06\/FOTO-2-NOTAS1.jpg\" alt=\"\" width=\"700\" height=\"420\" \/><\/a><p id=\"caption-attachment-1095\" class=\"wp-caption-text\">Wilo Granja, actualmente de gran labor en los juveniles del T\u00e9cnico Ambato ante equipos de otras comunidades en las canchas del Hungar; lo vemos a Wilo, brindando indicaciones a varios reconocidos jugadores del aquel equipo ambate\u00f1o que alcanzara el t\u00edtulo de adultos en la liga hispana, a\u00f1os atr\u00e1s.<\/p><\/div>\n<div id=\"attachment_1098\" style=\"width: 258px\" class=\"wp-caption alignright\"><a href=\"http:\/\/retrolab.ca\/elpopular\/wp-content\/uploads\/2011\/06\/FOTO-1-NOTAS.jpg\"><img loading=\"lazy\" decoding=\"async\" aria-describedby=\"caption-attachment-1098\" class=\"size-medium wp-image-1098\" title=\"Yanko Quiroz, luciendo los colores del extra\u00f1ado equipo Deportivo Pereira; Yanko, qued\u00f3 disconforme con el gol del empate canadiense.\" src=\"http:\/\/retrolab.ca\/elpopular\/wp-content\/uploads\/2011\/06\/FOTO-1-NOTAS-248x300.jpg\" alt=\"\" width=\"248\" height=\"300\" \/><\/a><\/dt>\n<dd class=\"wp-caption-dd\">Yanko   Quiroz, luciendo los colores del extra\u00f1ado equipo Deportivo Pereira;   Yanko, qued\u00f3 disconforme con el gol del empate canadiense.<\/dd>\n<\/dl>\n<\/div>\n<p>El torneo veraniego de la Liga Hispanoamericana est\u00e1 cada vez m\u00e1s cerca de organizarse. Cerca de 8 equipos, anuncian que se registrar\u00e1n en la divisi\u00f3n masters. Rodrigo Ponce, con su optimismo habitual cree que a lo mejor arranca el torneo en las canchas de Eglinton Flats. Una nueva reuni\u00f3n de delegados se efectuara hoy mi\u00e9rcoles a partir de las 7 de la noche en la sede de la METRO (2700 Dufferin unit 67). En la misma los equipos deben asegurar su participaci\u00f3n brindando el adelanto ($$) para pagar las canchas, y luego a la acci\u00f3n. Entre los equipos en masters se cuentan con Cerros Porte\u00f1os, Ecuador United, Deportivo Patria, Ciudad de Quito, Pichincha, Cuscatl\u00e1n El Salvador, Deportivo Cuenca y Aztecas M\u00e9xico. Hay otros conjuntos que desean participar pero aun no se han confirmado, seg\u00fan lo informado. Rodrigo Ponce, en cuanto a los torneos de adultos y veteranos, afirma que tiene cinco equipos en cada divisi\u00f3n, y es dif\u00edcil competir con tan pocos equipos, se esperan cuando menos uno m\u00e1s por divisi\u00f3n para llevar adelante la competencia veraniega. Juan Vinueza, anduvo por la reuni\u00f3n reciente, representando a Pablo Ribadeneira, delegado del Ciudad de Quito o quiz\u00e1s como dirigente de su equipo Real Quito. Juan, fiel a su estilo, solicitaba cuentas a la anterior directiva de la liga hispana. Entonces Rodrigo, le respondi\u00f3: \u201cyo estoy ac\u00e1 para sacar adelante a la liga, nunca tuve participaci\u00f3n en a\u00f1os anteriores\u201d. Juan Vinueza, por muchos a\u00f1os fue directivo de la Liga Hispana, e inclusive fue presidente de la entidad en el a\u00f1o 1985, creando la divisi\u00f3n veterana por primera en la hispana. Se recuerda  Vinueza, consigui\u00f3 las canchas de Eglinton Flats, durante su mandato que  solamente duro un a\u00f1o. Despu\u00e9s en 1986, nuevamente Carlos Vizueta, en  paz descanse, tom\u00f3 las riendas de la liga por un a\u00f1o y de ah\u00ed para  adelante Luis Ortiz, digiri\u00f3 la liga por muchos a\u00f1os hasta 2009 cuando  se retir\u00f3 de la presidencia de Hispana\u2026<\/p>\n<p>El profesor Mario Madrid, vuelve a su casa del Deportivo Patria, que va participar en el torneo de masters. Mario al lado de Carlos Celi, por muchos a\u00f1os han ganado varios t\u00edtulos en la Liga Hispana pero en torneos de veteranos, esta vez debutar\u00e1n en un juego de masters. El profesor Madrid, seguramente contar\u00e1 con su gente de siempre que lo ha acompa\u00f1ado en los todos los equipos que ha dirigido por m\u00e1s de 30 a\u00f1os\u2026<\/p>\n<div class=\"mceTemp\">\n<dl id=\"attachment_1099\" class=\"wp-caption alignleft\" style=\"width: 259px\">\n<dt class=\"wp-caption-dt\"><a href=\"http:\/\/retrolab.ca\/elpopular\/wp-content\/uploads\/2011\/06\/FOTO-3-NOTAS.jpg\"><img loading=\"lazy\" decoding=\"async\" aria-describedby=\"caption-attachment-1098\" class=\"size-medium wp-image-1099\" title=\"Omar Bravo, delantero de selecciones mexicanas y las Chivas de Guadalajara, ahora juega en el Deportivo Kansas City que empat\u00f3 sin goles ante Toronto FC, en su reciente partido en la MLS. (Foto Hugo Vera M\u00e9ndez).\" src=\"http:\/\/retrolab.ca\/elpopular\/wp-content\/uploads\/2011\/06\/FOTO-3-NOTAS-249x300.jpg\" alt=\"\" width=\"249\" height=\"300\" \/><\/a><p id=\"caption-attachment-1098\" class=\"wp-caption-text\">Omar Bravo, delantero de selecciones mexicanas y las Chivas de Guadalajara, ahora juega en el Deportivo Kansas City que empat\u00f3 sin goles ante Toronto FC, en su reciente partido en la MLS. (Foto Hugo Vera M\u00e9ndez).<\/p><\/div>\n<p>Dentro del p\u00fablico ecuatoriano y tambi\u00e9n latino, que fueron al estadio BMO, notamos muchas caras conocidas de las ligas latinas\u2026 Despu\u00e9s del partido, Yanko Quiroz, uno de los jugadores fijos en el Deportivo Patria en la liga hispana, se mostraba disconforme con el \u00e1rbitro del partido Ecuador 2 Canad\u00e1 2, lo criticaba por el gol del empate canadiense, cuando le explicamos la regla, Yanko se qued\u00f3 un poco conforme al lado de sus amigos de Jane &amp; Finch\u2026 Pedro Vallejo, dirigente y entrenador de varios equipos en d\u00e9cadas pasadas, nos solicitaba una explicaci\u00f3n acerca del gol del empate canadiense: \u201cDon Hugo, estuve distra\u00eddo a la ahora gol; fue o no valido, cuando le explicamos la jugada por nuestra ubicaci\u00f3n detr\u00e1s del arco de Ecuador, se qued\u00f3 un poco conforme\u201d. Sucede que al igual que el amigo Vallejo, los jugadores ecuatorianos tambi\u00e9n se distrajeron con los reclamos al \u00e1rbitro, y nadie se par\u00f3 cerca del bal\u00f3n de juego para evitar estas clases de goles ingenuos que nunca dejan faltar en el f\u00fatbol a todo nivel\u2026 La se\u00f1ora Rocio Oyague, periodista deportiva de amplia experiencia, en cambio, nos comentaba acerca de la controversial jugada: \u201cParec\u00edan ni\u00f1os en reclamar una jugada que fue gol leg\u00edtimo, en lugar que un jugador se quedara cerca del bal\u00f3n en juego\u201d. Alfredo, esposo de Rocio, es un destacado r\u00e9feri a nivel local, y bien sabe de estas jugadas que frecuentemente se efect\u00faan en el f\u00fatbol local, y luego son materia de reclamos\u2026.<\/p>\n<div id=\"attachment_1100\" style=\"width: 522px\" class=\"wp-caption aligncenter\"><a href=\"http:\/\/retrolab.ca\/elpopular\/wp-content\/uploads\/2011\/06\/FOTO-4-NOTAS.jpg\"><img loading=\"lazy\" decoding=\"async\" aria-describedby=\"caption-attachment-1100\" class=\"size-large wp-image-1100 \" title=\"Ecuador United, vuelve a la Liga Hispana y su torneo de masters. Este equipo obtuvo un gran t\u00edtulo en veteranos, siendo uno de sus mejores logros alcanzados hasta el momento. \" src=\"http:\/\/retrolab.ca\/elpopular\/wp-content\/uploads\/2011\/06\/FOTO-4-NOTAS-1024x445.jpg\" alt=\"\" width=\"512\" height=\"222\" \/><\/a><p id=\"caption-attachment-1100\" class=\"wp-caption-text\">Ecuador United, vuelve a la Liga Hispana y su torneo de masters. Este equipo obtuvo un gran t\u00edtulo en veteranos, siendo uno de sus mejores logros alcanzados hasta el momento. <\/p><\/div>\n<p>El mediocampista Dwayne De Rosario es el \u00fanico jugador canadiense que queda del cuadro que captur\u00f3 la Copa Oro 2000 al ganarle a Colombia en la final y represent\u00f3 a CONCACAF en la Copa Confederaciones de 2001 en Jap\u00f3n. Canad\u00e1 termin\u00f3 \u00faltimo en su grupo de cuatro equipos, jugando con Brasil a un empate sin goles y perder ante Jap\u00f3n (3-0) y Camer\u00fan (2-0). Se le pregunt\u00f3 qu\u00e9 era lo que recordaba m\u00e1s sobre el torneo, De Rosario respondi\u00f3, &#8220;s\u00f3lo la experiencia. \u00bfQu\u00e9 mejor grupo puede uno tener que \u00e9se? Fue una gran experiencia jugar a ese nivel. Ganar la Copa Oro fue sin duda un gran logro para el f\u00fatbol de Canad\u00e1. Creo que tenemos el equipo y los jugadores para lograrlo otra vez&#8230;&#8221;.<\/p>\n<div id=\"attachment_1101\" style=\"width: 289px\" class=\"wp-caption alignright\"><a href=\"http:\/\/retrolab.ca\/elpopular\/wp-content\/uploads\/2011\/06\/FOTO-5-NOTAS.jpg\"><img loading=\"lazy\" decoding=\"async\" aria-describedby=\"caption-attachment-1101\" class=\"size-medium wp-image-1101\" title=\"El juvenil Joao Plata al lado de Edison M\u00e9ndez, gran jugador de las selecciones ecuatorianas en pleno himno de Ecuador. Joao, cumpli\u00f3 un sue\u00f1o al debutar en la selecci\u00f3n mayor de su pa\u00eds. (Foto Hugo Vera M\u00e9ndez).\" src=\"http:\/\/retrolab.ca\/elpopular\/wp-content\/uploads\/2011\/06\/FOTO-5-NOTAS-279x300.jpg\" alt=\"\" width=\"279\" height=\"300\" \/><\/a><p id=\"caption-attachment-1101\" class=\"wp-caption-text\">El juvenil Joao Plata al lado de Edison M\u00e9ndez, gran jugador de las selecciones ecuatorianas en pleno himno de Ecuador. Joao, cumpli\u00f3 un sue\u00f1o al debutar en la selecci\u00f3n mayor de su pa\u00eds. (Foto Hugo Vera M\u00e9ndez).<\/p><\/div>\n<p>Bar\u00e7a y Udinese pactaron una tregua hace una semana. El club azulgrana se aseguraba un tiempo imprescindible para formalizar su posible oferta por Alexis S\u00e1nchez mientras los italianos se limitaban a recopilar todas las propuestas procedentes del Inter, Juventus, Manchester City y otros tantos clubs que se han interesado por el chileno. Un pacto de caballeros que se ha respetado en todos los extremos. Pese a lo dicho y publicado, ni el Bar\u00e7a ha insistido ni Udinese ha cerrado el traspaso con nadie. Todo queda pendiente de un encuentro programado en su d\u00eda y que podr\u00eda celebrarse en las pr\u00f3ximas horas en un hotel en la Ciudad Condal. El mi\u00e9rcoles tiene previsto asistir al Celta-Granada -es el accionista de referencia del club andaluz-. El gui\u00f3n escrito est\u00e1 marcado por las directrices impartidas por el propio Alexis S\u00e1nchez. El delantero ha pedido un esfuerzo a todas las partes para vestir de azulgrana la pr\u00f3xima temporada. Y el Udinese quiere satisfacer a su futbolista, aunque para ello debe lograr que el Bar\u00e7a formalice una oferta similar a la del resto de competidores del mercado. Un detalle que hasta la fecha de hoy no se ha concretado. Habr\u00e1 generosidad pero no puede hablarse de grandes rebajas\u2026<\/p>\n<p>La Conmebol fij\u00f3 las fechas del 10 y el 24 de agosto para definir al campe\u00f3n entre los equipos Independiente de Argentina e Internacional de Brasil. El juego de ida se disputar\u00e1 en la ciudad argentina de Avellaneda, mientras que el segundo cotejo tendr\u00e1 lugar en Porto Alegre, Brasil. El organismo inform\u00f3 que pr\u00f3ximamente comunicar\u00e1 m\u00e1s detalles. Independiente fue campe\u00f3n de la competencia en 1995 e Internacional en el 2007. Los equipos m\u00e1s ganadores del trofeo son Boca Juniors (cuatro), Sao Paulo (dos), Olimpia (dos) y Liga Deportiva Universitaria de Quito (dos). La Recopa Sudamericana se realiza anualmente desde 1989, a excepci\u00f3n de los a\u00f1os 1999, 2000, 2001 y 2002. Este a\u00f1o se disputar\u00e1 la 19 edici\u00f3n\u2026<\/p>\n<div id=\"attachment_1102\" style=\"width: 196px\" class=\"wp-caption alignleft\"><a href=\"http:\/\/retrolab.ca\/elpopular\/wp-content\/uploads\/2011\/06\/FOTO-6-NOTAS.jpg\"><img loading=\"lazy\" decoding=\"async\" aria-describedby=\"caption-attachment-1102\" class=\"size-medium wp-image-1102\" title=\"Rodrigo Ponce, espera comenzar el torneo masters de la Liga Hispana, este mismo s\u00e1bado.\" src=\"http:\/\/retrolab.ca\/elpopular\/wp-content\/uploads\/2011\/06\/FOTO-6-NOTAS-186x300.jpg\" alt=\"\" width=\"186\" height=\"300\" \/><\/a><p id=\"caption-attachment-1102\" class=\"wp-caption-text\">Rodrigo Ponce, espera comenzar el torneo masters de la Liga Hispana, este mismo s\u00e1bado.<\/p><\/div>\n<p>El mediocampista argentino Esteban Cambiasso, quien act\u00faa en el Inter de Mil\u00e1n, descart\u00f3 rotundamente jugar en M\u00e9xico, a pesar de que en d\u00edas anteriores aparecieron rumores de que pod\u00eda llegar al futbol de aquel pa\u00eds. Medios mexicanos vincularon al mediocampista pampero con las \u00c1guilas del Am\u00e9rica, para el torneo Apertura 2011 luego que fracas\u00f3 en el pasado certamen, donde qued\u00f3 eliminado de los cuartos de final del torneo local y en octavos de final en la Copa Libertadores. Sin embargo, Cambiasso jam\u00e1s plane\u00f3 dejar el balompi\u00e9 italiano, donde ha tenido grandes campa\u00f1as con el Inter con el ha ganado casi todos los torneos. &#8220;Nunca he considerado jugar en M\u00e9xico&#8221;, se\u00f1al\u00f3 el argentino en entrevista al portal Goal.com, quien explic\u00f3 que toda su vida ha estado ligado al balompi\u00e9 europeo, donde ha jugado con el Real Madrid y el cuadro Nerazzurri. &#8220;Desde muy chico mi vida estuvo ligada al futbol europeo. Yo fu\u00ed transferido al Real Madrid cuando apenas ten\u00eda 15 a\u00f1os y luego pas\u00e9 a Independiente, luego a River, mi vuelta al Madrid y mi llegada al Inter hace ya siete a\u00f1os&#8221;, indic\u00f3. Esteban Cambiasso, neg\u00f3 que no vaya a jugar en M\u00e9xico por alg\u00fan problema de seguridad, ya que su deseo es seguir en Europa y buscar un lugar en la Selecci\u00f3n Argentina. &#8220;Lo que s\u00e9 de la seguridad en M\u00e9xico es la informaci\u00f3n que llega por los medios&#8221;, se limit\u00f3 a decir el mediocampista, quien dejar\u00e1 con las ganas al Am\u00e9rica\u2026<\/p>\n<p>El mediocampista del LA Galaxy, Landon Donovan, fue nombrado Jugador del Mes de mayo de la MLS por North American Soccer Reporters (NASR). Donovan jug\u00f3 los siete partidos del Galaxy durante este mes, disputando los noventa minutos en cada uno y anotando seis goles, lo cual lo ubica como el goleador actual de la temporada con un total de ocho. Esta es la quinta ocasi\u00f3n en la carrera de Donovan en que es elegido como Jugador del Mes de Mayo en la MLS, tres de ellas como miembro del Galaxy. En 2003 recibi\u00f3 el reconocimiento en dos ocasiones cuando hac\u00eda parte de los San Jose Earthquakes, mientras que con el Galaxy lo hizo en abril de 2008 y julio de 2009\u2026<\/p>\n<p>El mediocampista del Real Salt Lake Jean Alexandre fue escogido como el Jugador de la Semana de la Major League Soccer por el North American Soccer Reporters (NASR) en la doceava jornada de la temporada 2011. Alexandre anot\u00f3 un gol y tuvo una asistencia en el triunfo de su equipo 2 a 0 sobre los Vancouver Whitecaps FC. Este gol fue el primero del jugador haitiano en su carrera en la MLS. Alexandre es el Segundo jugador del Real Salt Lake en ser escogido como Jugador de la Semana en el 2011 (Javier Morales fue escogido en la segunda jornada) y esta es la primera vez esta temporada que un club ha tenido un segundo jugador recibiendo este honor\u2026<\/p>\n<div id=\"attachment_1103\" style=\"width: 310px\" class=\"wp-caption alignright\"><a href=\"http:\/\/retrolab.ca\/elpopular\/wp-content\/uploads\/2011\/06\/FOTO-7-NOTAS.jpg\"><img loading=\"lazy\" decoding=\"async\" aria-describedby=\"caption-attachment-1103\" class=\"size-medium wp-image-1103\" title=\"Un tri\u00f3 argentino: Juan Carlos Sampogna, del Deportivo Patria, el goleador Pedro Zanelli, al parecer sigue por Argentina y Fernando Sisteros, h\u00e1bil delantero ahora dedicado al arbitraje.\" src=\"http:\/\/retrolab.ca\/elpopular\/wp-content\/uploads\/2011\/06\/FOTO-7-NOTAS-300x211.jpg\" alt=\"\" width=\"300\" height=\"211\" \/><\/a><p id=\"caption-attachment-1103\" class=\"wp-caption-text\">Un tri\u00f3 argentino: Juan Carlos Sampogna, del Deportivo Patria, el goleador Pedro Zanelli, al parecer sigue por Argentina y Fernando Sisteros, h\u00e1bil delantero ahora dedicado al arbitraje.<\/p><\/div>\n<p>Cada que vez que asisto a los partidos del Toronto FC, a veces me llevo sorpresas; el pasado s\u00e1bado en el partido entre Toronto FC y Deportivo Kansas City, que empataron sin goles ante unos 19 mil personas, en el equipo visitante llego el goleador mexicano Omar Bravo, todo \u00eddolo en a\u00f1os recientes en el club Chivas de Guadalajara. Bravo, brindo sus mejores partidos con las chivas en las copas libertadores que participo. En los \u00faltimos tiempos su carrera futbol\u00edstica sufri\u00f3 un baj\u00f3n tremendo del mismo que aun no ha podido superarse. Omar Bravo, paso casi perdido en la cancha, jugando de extremo izquierdo con poca participaci\u00f3n, porque sus compa\u00f1eros no le dan bola, y cuando la jugaban se iban por otro sector. As\u00ed nadie puede jugar bien\u2026<\/p>\n<p>El entrenador Augusto \u201cm\u00e1gico\u201d Cornejo, estuvo en la votaci\u00f3n de las \u00faltimas elecciones peruanas, nos informaba que los jugadores masters peruanos se re\u00fanen los s\u00e1bados en la cancha 4 de Eglinton Flats para jugar partidillos amistosos. Parece que pronto se jugar\u00e1 un partido especial entre hinchas de los cl\u00e1sicos rivales Alianza ante Universitario, bajo la organizaci\u00f3n de Joe Giuria, quien hasta hace pocos a\u00f1os llevaba adelante este juego entre los jugadores peruanos del medio de Toronto. \u201cCada vez hay menos ligas y tambi\u00e9n equipos de adultos y veteranos, parece que el futbol latino de Toronto viene en decadencia; los \u00fanicos quedemos somos los masters\u201d, agregaba el profesor Cornejo acerca del auge del futbol dinosaurio\u2026<\/p>\n<div id=\"attachment_1104\" style=\"width: 650px\" class=\"wp-caption aligncenter\"><a href=\"http:\/\/retrolab.ca\/elpopular\/wp-content\/uploads\/2011\/06\/FOTO-8-NOTAS.jpg\"><img loading=\"lazy\" decoding=\"async\" aria-describedby=\"caption-attachment-1104\" class=\"size-large wp-image-1104\" title=\"Ciudad de Quito, alcanz\u00f3 un festejo t\u00edtulo en la divisi\u00f3n super masters del reciente torneo invernal en la Centro Sur Original de Sa\u00fal Varela. Ahora se les anuncia en la Liga Hispana, en donde podr\u00edan jugar un cl\u00e1sico ante Pichincha por un partido de liga, despu\u00e9s de muchos a\u00f1os.\" src=\"http:\/\/retrolab.ca\/elpopular\/wp-content\/uploads\/2011\/06\/FOTO-8-NOTAS-1024x623.jpg\" alt=\"\" width=\"640\" height=\"389\" \/><\/a><p id=\"caption-attachment-1104\" class=\"wp-caption-text\">Ciudad de Quito, alcanz\u00f3 un festejo t\u00edtulo en la divisi\u00f3n super masters del reciente torneo invernal en la Centro Sur Original de Sa\u00fal Varela. Ahora se les anuncia en la Liga Hispana, en donde podr\u00edan jugar un cl\u00e1sico ante Pichincha por un partido de liga, despu\u00e9s de muchos a\u00f1os.<\/p><\/div>\n<p>Muy criticada la banca de Ecuador, por darle menos de un minuto al juvenil Joao Plata en el juego entre Ecuador y Canad\u00e1. Joao, ingreso casi en el segundo minuto del descuento, luego se produjo el gol del empate y enseguida concluyo el partido, sin tocar un bal\u00f3n. De esta forma Joao Plata, debuto de forma anecd\u00f3tica en la selecci\u00f3n adulta de su pa\u00eds. Lo m\u00e1s l\u00f3gico era darle unos cinco minutos para mostrar algo de su talento ante su p\u00fablico del Toronto FC que se encari\u00f1ado con Joao, lo mismo ante sus paisanos de Toronto que poco lo conocen\u2026<\/p>\n<p>En cambio el f\u00fatbol infantil cada vez tiene m\u00e1s equipos y ni\u00f1os jugando en las canchas de Toronto. Tanto as\u00ed que este s\u00e1bado 11 comienza los torneos de Copa Diario El Popular, en sus canchas de Jane &amp; Finch seguramente ya estar\u00e1n bien arregladas. Don Daniel Cerros, tambi\u00e9n organizar\u00e1 por primera vez sus torneos infantiles en su liga Centro Sur York; sucede que varios delegados de los equipos infantiles del futsal invernal solicitaron a don Daniel, estas divisiones de ni\u00f1os en los meses de verano para no perder la continuidad\u2026<\/p>\n<p>Hasta la pr\u00f3xima\u2026<\/p>\n","protected":false},"excerpt":{"rendered":"<p>El torneo veraniego de la Liga Hispanoamericana, est\u00e1 cada vez m\u00e1s cerca de organizarse. Cerca de 8 equipos, anuncian que se registrar\u00e1n en la divisi\u00f3n masters. Rodrigo Ponce, con su optimismo habitual cree que a lo mejor arranca el torneo en las canchas de Eglinton Flats. <\/p>\n","protected":false},"author":1,"featured_media":1095,"comment_status":"closed","ping_status":"open","sticky":false,"template":"","format":"standard","meta":{"footnotes":""},"categories":[28],"tags":[657],"class_list":["post-1093","post","type-post","status-publish","format-standard","has-post-thumbnail","hentry","category-deportes","tag-futbol-hispano"],"_links":{"self":[{"href":"https:\/\/diarioelpopular.com\/index.php\/wp-json\/wp\/v2\/posts\/1093","targetHints":{"allow":["GET"]}}],"collection":[{"href":"https:\/\/diarioelpopular.com\/index.php\/wp-json\/wp\/v2\/posts"}],"about":[{"href":"https:\/\/diarioelpopular.com\/index.php\/wp-json\/wp\/v2\/types\/post"}],"author":[{"embeddable":true,"href":"https:\/\/diarioelpopular.com\/index.php\/wp-json\/wp\/v2\/users\/1"}],"replies":[{"embeddable":true,"href":"https:\/\/diarioelpopular.com\/index.php\/wp-json\/wp\/v2\/comments?post=1093"}],"version-history":[{"count":0,"href":"https:\/\/diarioelpopular.com\/index.php\/wp-json\/wp\/v2\/posts\/1093\/revisions"}],"wp:featuredmedia":[{"embeddable":true,"href":"https:\/\/diarioelpopular.com\/index.php\/wp-json\/"}],"wp:attachment":[{"href":"https:\/\/diarioelpopular.com\/index.php\/wp-json\/wp\/v2\/media?parent=1093"}],"wp:term":[{"taxonomy":"category","embeddable":true,"href":"https:\/\/diarioelpopular.com\/index.php\/wp-json\/wp\/v2\/categories?post=1093"},{"taxonomy":"post_tag","embeddable":true,"href":"https:\/\/diarioelpopular.com\/index.php\/wp-json\/wp\/v2\/tags?post=1093"}],"curies":[{"name":"wp","href":"https:\/\/api.w.org\/{rel}","templated":true}]}}