{"id":11009,"date":"2011-09-09T22:07:27","date_gmt":"2011-09-10T02:07:27","guid":{"rendered":"http:\/\/retrolab.ca\/elpopular\/?p=11009"},"modified":"2011-09-09T22:07:27","modified_gmt":"2011-09-10T02:07:27","slug":"la-nasa-divulga-fotos-y-videos-del-11-s-visto-desde-el-espacio","status":"publish","type":"post","link":"https:\/\/diarioelpopular.com\/index.php\/2011\/09\/09\/la-nasa-divulga-fotos-y-videos-del-11-s-visto-desde-el-espacio\/","title":{"rendered":"La NASA divulga fotos del 11-S visto desde el espacio"},"content":{"rendered":"<div id=\"attachment_11010\" style=\"width: 710px\" class=\"wp-caption aligncenter\"><a href=\"http:\/\/retrolab.ca\/elpopular\/wp-content\/uploads\/2011\/09\/NASA.jpg\"><img loading=\"lazy\" decoding=\"async\" aria-describedby=\"caption-attachment-11010\" class=\"size-full wp-image-11010\" title=\"NASA, 11-S\" src=\"http:\/\/retrolab.ca\/elpopular\/wp-content\/uploads\/2011\/09\/NASA.jpg\" alt=\"\" width=\"700\" height=\"420\" \/><\/a><p id=\"caption-attachment-11010\" class=\"wp-caption-text\">Fotograf\u00eda en la que se observa la ciudad de Nueva York durante los atentados del 11-S, tomada por el astronauta Frank Cultberson desde la Estaci\u00f3n Espacial Internacional. Foto: NASA<\/p><\/div>\n<div id=\"attachment_11011\" style=\"width: 310px\" class=\"wp-caption alignright\"><a href=\"http:\/\/retrolab.ca\/elpopular\/wp-content\/uploads\/2011\/09\/nasa-2.jpg\"><img loading=\"lazy\" decoding=\"async\" aria-describedby=\"caption-attachment-11011\" class=\"size-medium wp-image-11011\" title=\"nasa 2\" src=\"http:\/\/retrolab.ca\/elpopular\/wp-content\/uploads\/2011\/09\/nasa-2-300x206.jpg\" alt=\"\" width=\"300\" height=\"206\" \/><\/a><p id=\"caption-attachment-11011\" class=\"wp-caption-text\">Nueva York durante los atentados del 11-S, en una imagen tomada desde el espacio. Foto: NASA<\/p><\/div>\n<p><em><strong>Efe. Washington.-<\/strong><\/em> El astronauta Frank Culbertson, el \u00fanico estadounidense ausente en la Tierra durante <a href=\"https:\/\/diarioelpopular.com\/category\/10-anos-del-11-s\/\">los atentados de 2001<\/a>, capt\u00f3 con su c\u00e1mara la enorme humareda del derrumbe de las Torres Gemelas en Nueva York, en unas <a href=\"http:\/\/www.nasa.gov\/topics\/nasalife\/features\/sept11.html\" target=\"_blank\">fotos y v\u00eddeo<\/a> divulgados este viernes por la <a href=\"http:\/\/www.nasa.gov\/\" target=\"_blank\">NASA<\/a>.<\/p>\n<p>La ma\u00f1ana de los ataques, el 11 de septiembre de 2001, Culbertson se encontraba a bordo de la Estaci\u00f3n Espacial Internacional (ISS, en ingl\u00e9s) junto con dos astronautas rusos y a 250 kil\u00f3metros de distancia cuando, seg\u00fan recuerda, vio la bola de humo que se erig\u00eda desde la zona de Manhattan.<\/p>\n<p>Al s\u00f3lo enterarse de lo que estaba ocurriendo, porque se lo comunicaron sus superiores, Culbertson comenz\u00f3 a documentar los ataques en fotograf\u00edas porque la ISS sobrevolaba en esos momentos el \u00e1rea de Nueva York.<\/p>\n<p>&#8220;Cuando la vi por la ventana, tomamos el v\u00eddeo justo cuando colapsaba la segunda torre. No sab\u00eda que ocurr\u00eda exactamente, pero supe que era algo verdaderamente malo porque hab\u00eda una gran nube de escombros que cubr\u00eda Manhattan&#8221;, se\u00f1al\u00f3 Culbertson, seg\u00fan un comunicado divulgado por la agencia espacial estadounidense.<\/p>\n<p>&#8220;All\u00ed fue cuando verdaderamente se volvi\u00f3 algo doloroso porque fue como ver una herida en el costado de tu pa\u00eds&#8221;, agreg\u00f3 Culbertson, entrevistado por la NASA con motivo de la conmemoraci\u00f3n del d\u00e9cimo aniversario del\u00a011S.<\/p>\n<p>En una carta que public\u00f3 al d\u00eda siguiente de los ataques terroristas, Culbertson se\u00f1al\u00f3: &#8220;el mundo cambi\u00f3 hoy. Lo que haga o diga es poco en comparaci\u00f3n con la trascendencia de lo que ocurri\u00f3 a nuestro pa\u00eds al ser atacado&#8221;.<\/p>\n<p>&#8220;Es horrible ver el humo que emanaba de las heridas hechas a tu pa\u00eds desde semejante perspectiva. La dicotom\u00eda de estar en una nave espacial dedicada a mejorar la vida en la Tierra y ver c\u00f3mo esa vida es destruida mediante unos actos terribles y deliberados sacude la psique, no importa qui\u00e9n eres&#8221;, enfatiz\u00f3 Culbertson.<\/p>\n<p>&#8220;Las l\u00e1grimas no fluyen de la misma manera en el espacio. Es dif\u00edcil describir lo que siente; era el \u00fanico estadounidense fuera del planeta en un momento como este&#8221; y sin poder consolar a sus seres queridos, dijo Culberton, de 62 a\u00f1os y jubilado de la NASA desde 2002.<\/p>\n<p>Para Culbertson, los ataques suscitaron una reacci\u00f3n visceral y &#8220;abrumadora&#8221; al enterarse de que un amigo y colega suyo de sus tiempos en la Academia Naval de EE UU, Charles Burlingame, fue el piloto que falleci\u00f3 cuando el vuelo 77 de American Airlines se estrell\u00f3 contra el Pent\u00e1gono.<\/p>\n<p><a href=\"https:\/\/diarioelpopular.com\/category\/10-anos-del-11-s\/\"><span style=\"color: #000d54\"><strong>\u00bb ESPECIAL: 10 a\u00f1os del 11-S<\/strong><\/span><\/a><\/p>\n","protected":false},"excerpt":{"rendered":"<p>El astronauta Frank Culbertson, el \u00fanico estadounidense ausente en la Tierra durante el 11-S, capt\u00f3 la enorme humareda del derrumbe de las Torres Gemelas, en unas fotos y v\u00eddeo divulgados este viernes por la NASA.<br \/>\n<a href=\"http:\/\/diarioelpopular.com\/2011\/09\/las-imagenes-del-11-s\/\"><span style=\"color: #000D54\">\u00bb Las im\u00e1genes del 11-S<\/span><\/a><br \/>\n<a title=\"ESPECIAL: 10 a\u00f1os del 11-S\" rel=\"bookmark\" href=\"http:\/\/diarioelpopular.com\/category\/10-anos-del-11-s\/\"><span style=\"color: #000D54\"><strong>\u00bb ESPECIAL: 10 a\u00f1os del 11-S<\/strong><\/span><\/a><\/p>\n","protected":false},"author":1,"featured_media":11010,"comment_status":"closed","ping_status":"open","sticky":false,"template":"","format":"standard","meta":{"footnotes":""},"categories":[24],"tags":[2280,7587,2281,558,629,360,1625,66,7588,207,7589],"class_list":["post-11009","post","type-post","status-publish","format-standard","has-post-thumbnail","hentry","category-mundo","tag-11-s","tag-11s","tag-9-11","tag-558","tag-aniversario","tag-atentados","tag-nasa","tag-nueva-york","tag-torres-gemelas","tag-washington","tag-world-trade-center"],"_links":{"self":[{"href":"https:\/\/diarioelpopular.com\/index.php\/wp-json\/wp\/v2\/posts\/11009","targetHints":{"allow":["GET"]}}],"collection":[{"href":"https:\/\/diarioelpopular.com\/index.php\/wp-json\/wp\/v2\/posts"}],"about":[{"href":"https:\/\/diarioelpopular.com\/index.php\/wp-json\/wp\/v2\/types\/post"}],"author":[{"embeddable":true,"href":"https:\/\/diarioelpopular.com\/index.php\/wp-json\/wp\/v2\/users\/1"}],"replies":[{"embeddable":true,"href":"https:\/\/diarioelpopular.com\/index.php\/wp-json\/wp\/v2\/comments?post=11009"}],"version-history":[{"count":0,"href":"https:\/\/diarioelpopular.com\/index.php\/wp-json\/wp\/v2\/posts\/11009\/revisions"}],"wp:featuredmedia":[{"embeddable":true,"href":"https:\/\/diarioelpopular.com\/index.php\/wp-json\/"}],"wp:attachment":[{"href":"https:\/\/diarioelpopular.com\/index.php\/wp-json\/wp\/v2\/media?parent=11009"}],"wp:term":[{"taxonomy":"category","embeddable":true,"href":"https:\/\/diarioelpopular.com\/index.php\/wp-json\/wp\/v2\/categories?post=11009"},{"taxonomy":"post_tag","embeddable":true,"href":"https:\/\/diarioelpopular.com\/index.php\/wp-json\/wp\/v2\/tags?post=11009"}],"curies":[{"name":"wp","href":"https:\/\/api.w.org\/{rel}","templated":true}]}}