{"id":11163,"date":"2011-09-11T21:56:28","date_gmt":"2011-09-12T01:56:28","guid":{"rendered":"http:\/\/retrolab.ca\/elpopular\/?p=11163"},"modified":"2011-09-11T21:56:28","modified_gmt":"2011-09-12T01:56:28","slug":"el-bisonte-juanjo-cobo-vencedor-de-la-vuelta","status":"publish","type":"post","link":"https:\/\/diarioelpopular.com\/index.php\/2011\/09\/11\/el-bisonte-juanjo-cobo-vencedor-de-la-vuelta\/","title":{"rendered":"&#8216;El Bisonte&#8217; Juanjo Cobo, vencedor de la Vuelta"},"content":{"rendered":"<div id=\"attachment_11164\" style=\"width: 710px\" class=\"wp-caption aligncenter\"><a href=\"http:\/\/retrolab.ca\/elpopular\/wp-content\/uploads\/2011\/09\/Cobo.jpg\"><img loading=\"lazy\" decoding=\"async\" aria-describedby=\"caption-attachment-11164\" class=\"size-full wp-image-11164\" title=\"Juanjo Cobo, vencedor de la Vuelta Ciclista a Espa\u00f1a 2011\" src=\"http:\/\/retrolab.ca\/elpopular\/wp-content\/uploads\/2011\/09\/Cobo.jpg\" alt=\"\" width=\"700\" height=\"420\" \/><\/a><p id=\"caption-attachment-11164\" class=\"wp-caption-text\">Juan Jos\u00e9 Cobo, vencedor de la Vuelta a Espa\u00f1a 2011, en el podio, en Madrid. Foto: Jose Manuel Vidal \/ Efe<\/p><\/div>\n<p><em><strong>Carlos de Torres. Madrid.-<\/strong><\/em> El espa\u00f1ol Juan Jos\u00e9 Cobo (Geox) levant\u00f3 los brazos en Cibeles como vencedor de la 66 edici\u00f3n de la\u00a0Vuelta\u00a0a\u00a0Espa\u00f1a, una vez finalizada la vig\u00e9sima primera y \u00faltima etapa, de 95,6 kil\u00f3metros entre el Circuito del Jarama y Madrid, en la que el eslovaco Peter Sagan (Liquigas) consigui\u00f3 su tercer triunfo parcial.<\/p>\n<p>Las matem\u00e1ticas le dieron, por fin, la raz\u00f3n al &#8220;Bisonte de La Pesa&#8221;, que se consagr\u00f3 a los 30 a\u00f1os en una profesi\u00f3n que a punto estuvo de dejar el pasado mes de mayo por culpa de una depresi\u00f3n. No se fiaba de los 13 segundos que le separaban del brit\u00e1nico Christopher Froome, pero el Sky no present\u00f3 batalla por las bonificaciones, sac\u00f3 la bandera blanca y se conform\u00f3 con colocar a su corredor revelaci\u00f3n y a Bradley Wiggins en el segundo y tercer escalones del podio.<\/p>\n<p>Hay sue\u00f1os incre\u00edbles, por eso el Bisonte no se crey\u00f3 que era el ganador de la\u00a0Vuelta\u00a0hasta que atraves\u00f3 la pancarta de meta. Cuando despert\u00f3 ya hab\u00eda alcanzado &#8220;un sue\u00f1o impensable, lo m\u00e1ximo&#8221;, escena que se materializ\u00f3 en el podio, cuando el Pr\u00edncipe Don Felipe de Borb\u00f3n le entreg\u00f3 el trofeo de las espirales rojas al rey de la\u00a0Vuelta.<\/p>\n<p>Triunfo labrado metro a metro por el conquistador del Angliru, uno de los gregarios que, junto a Froome, han revolucionado la\u00a0Vuelta\u00a02011. El corredor de Cabez\u00f3n de la Sal lleg\u00f3 a Benidorm al servicio de Menchov y Sastre y sali\u00f3 de Madrid por la puerta grande como ganador de su primera gran carrera por etapas, con la &#8220;compensaci\u00f3n a los malos momentos vividos&#8221; y convencido de que, en forma, puede &#8220;competir al m\u00e1ximo nivel&#8221;.<\/p>\n<p>Profesional desde 2004, debut\u00f3 con el Saunier Duval, no destac\u00f3 hasta 2009, cuando explot\u00f3 con el triunfo en la\u00a0Vuelta\u00a0al Pa\u00eds Vasco. Un a\u00f1o antes gan\u00f3 una etapa del Tour de Francia en Hautacam, por descalificaci\u00f3n de su compa\u00f1ero Leonardo Piepoli, quien dio positivo, como su compatriota y compa\u00f1ero Riccardo Ricc\u00f3. El equipo hubo de abandonar la carrera.<\/p>\n<p>Despu\u00e9s de aquel triste episodio le lleg\u00f3 el momento de fichar por un equipo grande, el Caisse D&#8217;Epargne, pero esa fase coincidi\u00f3 con su eclipse an\u00edmico. Pr\u00e1cticamente desahuciado retorn\u00f3 al Geox con Josean Fern\u00e1ndez Matx\u00edn, donde acaba de tocar el cielo con las manos.<\/p>\n<p>La \u00faltima etapa fue tranquila, aunque no se presenciaron las t\u00edpicas escenas del brindis con el campe\u00f3n. Hab\u00eda ciertas dudas, por si el Sky decid\u00eda reventar la fiesta protocolaria en los esprints intermedios. Era misi\u00f3n casi imposible, pero eso no dejaba tranquilo al Bisonte.<\/p>\n<p>Tres corredores se encargaron de abrir camino sin peligro alguno: Horrach (Katusha), Ben\u00edtez (Andaluc\u00eda) y Caruso (Liquigas). Entre ellos se repartieron unos intrascendentes segundos, los de la tranquilidad del l\u00edder. El pelot\u00f3n los mantuvo a raya hasta que empez\u00f3 la discusi\u00f3n por el esprint.<\/p>\n<p>Ganar en Madrid no es broma y el eslovaco Peter Sagan se toma las cosas muy en serio. Firm\u00f3 su tercer triunfo en la\u00a0Vuelta, en el a\u00f1o de su debut. Eso es apuntar alto. Releg\u00f3 a los italianos Daniel Bennati (Leopard) y Alesandro Petacchi (Lampre).<\/p>\n<p>La\u00a0Vuelta\u00a0complet\u00f3 el podio con el franc\u00e9s David Moncouti\u00e9 (Cofidis) como rey de la monta\u00f1a por cuarto a\u00f1o consecutivo, un r\u00e9cord hist\u00f3rico. El holand\u00e9s Bauke Mollema (Rabobank) le quit\u00f3 al espa\u00f1ol &#8220;Purito&#8221; Rodr\u00edguez (Katusha) el maillot por puntos en Madrid, la general de la combinada tambi\u00e9n se la llev\u00f3 Juanjo Cobo y por equipos el mejor fue el Geox del Bisonte.<\/p>\n","protected":false},"excerpt":{"rendered":"<p>El espa\u00f1ol Juan Jos\u00e9 Cobo levant\u00f3 los brazos en Cibeles como vencedor de la 66 edici\u00f3n de la Vuelta a Espa\u00f1a, una vez finalizada la vig\u00e9sima primera y \u00faltima etapa, de 95,6 kil\u00f3metros entre el Circuito del Jarama y Madrid, en la que el eslovaco Peter Sagan consigui\u00f3 su tercer triunfo parcial.<\/p>\n","protected":false},"author":1,"featured_media":11164,"comment_status":"closed","ping_status":"open","sticky":false,"template":"","format":"standard","meta":{"footnotes":""},"categories":[28],"tags":[7701,1215,7562,7332,7293],"class_list":["post-11163","post","type-post","status-publish","format-standard","has-post-thumbnail","hentry","category-deportes","tag-bisonte","tag-ciclismo","tag-juan-jose-cobo","tag-vuelta","tag-vuelta-a-espana"],"_links":{"self":[{"href":"https:\/\/diarioelpopular.com\/index.php\/wp-json\/wp\/v2\/posts\/11163","targetHints":{"allow":["GET"]}}],"collection":[{"href":"https:\/\/diarioelpopular.com\/index.php\/wp-json\/wp\/v2\/posts"}],"about":[{"href":"https:\/\/diarioelpopular.com\/index.php\/wp-json\/wp\/v2\/types\/post"}],"author":[{"embeddable":true,"href":"https:\/\/diarioelpopular.com\/index.php\/wp-json\/wp\/v2\/users\/1"}],"replies":[{"embeddable":true,"href":"https:\/\/diarioelpopular.com\/index.php\/wp-json\/wp\/v2\/comments?post=11163"}],"version-history":[{"count":0,"href":"https:\/\/diarioelpopular.com\/index.php\/wp-json\/wp\/v2\/posts\/11163\/revisions"}],"wp:featuredmedia":[{"embeddable":true,"href":"https:\/\/diarioelpopular.com\/index.php\/wp-json\/"}],"wp:attachment":[{"href":"https:\/\/diarioelpopular.com\/index.php\/wp-json\/wp\/v2\/media?parent=11163"}],"wp:term":[{"taxonomy":"category","embeddable":true,"href":"https:\/\/diarioelpopular.com\/index.php\/wp-json\/wp\/v2\/categories?post=11163"},{"taxonomy":"post_tag","embeddable":true,"href":"https:\/\/diarioelpopular.com\/index.php\/wp-json\/wp\/v2\/tags?post=11163"}],"curies":[{"name":"wp","href":"https:\/\/api.w.org\/{rel}","templated":true}]}}