{"id":11172,"date":"2011-09-11T21:32:31","date_gmt":"2011-09-12T01:32:31","guid":{"rendered":"http:\/\/retrolab.ca\/elpopular\/?p=11172"},"modified":"2011-09-11T21:32:31","modified_gmt":"2011-09-12T01:32:31","slug":"las-estrellas-latinas-listas-para-asombrar-en-europa","status":"publish","type":"post","link":"https:\/\/diarioelpopular.com\/index.php\/2011\/09\/11\/las-estrellas-latinas-listas-para-asombrar-en-europa\/","title":{"rendered":"Las estrellas latinas, listas para asombrar en Europa"},"content":{"rendered":"<div id=\"attachment_11173\" style=\"width: 710px\" class=\"wp-caption aligncenter\"><a href=\"http:\/\/retrolab.ca\/elpopular\/wp-content\/uploads\/2011\/09\/Falcao-y-Messi.jpg\"><img loading=\"lazy\" decoding=\"async\" aria-describedby=\"caption-attachment-11173\" class=\"size-full wp-image-11173\" title=\"El argentino Leo Messi y el colombiano Radamel Falcao\" src=\"http:\/\/retrolab.ca\/elpopular\/wp-content\/uploads\/2011\/09\/Falcao-y-Messi.jpg\" alt=\"\" width=\"700\" height=\"420\" \/><\/a><p id=\"caption-attachment-11173\" class=\"wp-caption-text\">El argentino Leo Messi y el colombiano Radamel Falcao<\/p><\/div>\n<p><em><strong>Nemesio Rodr\u00edguez. Madrid.- <\/strong><\/em>Las\u00a0estrellas\u00a0latinas, comandados por el argentino Leo Messi y el colombiano Radamel Falcao, est\u00e1n listas para asombrar en las dos ligas europeas, la de Campeones y la Europa, con la mirada puesta en las finales de los estadios Arena de M\u00fanich y Nacional de Bucarest.<\/p>\n<p>La Liga de Campeones abre la fase de grupos con 32 equipos los d\u00edas 13 y 14 de septiembre y cierra el 6 y 7 de diciembre en la primera etapa del camino que conducir\u00e1 a la final del 19 de mayo en el Arena de M\u00fanich.<\/p>\n<p>La Liga Europa (ex Copa de la UEFA) comienza la fase de grupos con 48 equipos el 15 de este mes y concluye el 15 de diciembre. La final se celebrar\u00e1 el 9 de mayo en el estadio Nacional de Bucarest, inaugurado el pasado d\u00eda 6.<\/p>\n<p>Estrellas\u00a0de Argentina, Brasil, Colombia, Costa Rica, Chile, Ecuador, Honduras, M\u00e9xico, Paraguay, Per\u00fa, Uruguay y Venezuela conforman las plantillas de los equipos europeos para la temporada 2011-12.<\/p>\n<p>Messi, al que se ha unido en la ofensiva azulgrana el chileno Alexis S\u00e1nchez, aparece como el astro m\u00e1s brillante de la compa\u00f1\u00eda latina y espera conducir de nuevo al Barcelona a la final con su efectividad goleadora despu\u00e9s de concluir la pasada campa\u00f1a como m\u00e1ximo anotador, con 12 tantos, uno de ellos marcado en el 3-1 al Manchester United, en el que supuso su tercer t\u00edtulo.<\/p>\n<p>Por su parte Falcao conf\u00eda en ser la pieza anotadora que lleve al Atl\u00e9tico de Madrid a Bucarest, como hizo con el Oporto la pasada temporada con un r\u00e9cord de 17 dianas, la \u00faltima en el triunfo por 1-0 en la final contra el Sporting de Braga.<\/p>\n<p>En la Liga de Campeones, Messi y Falcao contar\u00e1n con buenos competidores en los campos europeos, donde se ver\u00e1n duelos latinos espectaculares como el de &#8220;La Pulga&#8221; y S\u00e1nchez con los brasile\u00f1os Robinho y Pato, del Mil\u00e1n, en el grupo &#8220;H&#8221;, o el del &#8220;Matador&#8221; uruguayo Edinson Cavani, del N\u00e1poles, con los argentinos Sergio &#8220;Kun&#8221; Ag\u00fcero y Carlos Tevez, del Manchester City, en el &#8220;A&#8221;.<\/p>\n<p>El Inter, situado en el &#8220;B&#8221; con el CSKA de Mosc\u00fa, el Lille franc\u00e9s y el Trabzonsport turco, surge como un temible adversario en las \u00e1reas rivales, ya que se ha hecho con los servicios de Diego Forl\u00e1n, procedente del Atl\u00e9tico de Madrid, para unir sus dotes anotadoras con las del argentino Diego Milito, si bien el uruguayo no podr\u00e1 debutar en el torneo este a\u00f1o.<\/p>\n<p>Otro duelo de clase se vivir\u00e1 en el grupo &#8220;C&#8221; con la presencia del Manchester United, con tres t\u00edtulos en su haber, y el Benfica, con dos, equipos que exhibir\u00e1n el arte futbol\u00edstico del mexicano &#8220;Chicharito&#8221; Hern\u00e1ndez y el argentino Pablo Aimar, al que respalda en la faceta atacante el paraguayo Oscar Cardozo.<\/p>\n<p>Los enfrentamientos entre el Real Madrid, el m\u00e1ximo acaparador de t\u00edtulos con nueve copas, dos m\u00e1s que el Mil\u00e1n, y el Olympique de Lyon animar\u00e1n el &#8220;D&#8221;. Los argentinos Angel Di Mar\u00eda y Gonzalo Higua\u00edan, del equipo blanco, ya miran en la distancia con respeto a su compatriota goleador Lisandro L\u00f3pez.<\/p>\n<p>Los argentinos Lucho Gonz\u00e1lez, del Marsella, Javier Zanetti, incombustible pilar del Inter a sus 38 a\u00f1os, y Ever Banega, del Valencia;los brasile\u00f1os &#8220;Hulk&#8221;, del Oporto, Dani Alves, del Barcelona, y Nilmar, del Villarreal; el colombiano Mario Yepes, del Mil\u00e1n;el paraguayo Lucas Barrios, del Borussia Dortmund y el uruguayo \u00c1lvaro &#8220;Palito&#8221; Pereira, del Oporto, esperan aportar a sus clubes la competitividad que necesitar\u00e1n para acceder a la siguiente fase.<\/p>\n<p>En la Liga Europa, Falcao encabeza el grupo de\u00a0estrellas\u00a0latinas, donde tambi\u00e9n est\u00e1n el argentino Javier Pastore (Paris Saint-Germain), el brasile\u00f1o Dudu (Dynamo Kiev), el colombiano Pablo Armero (Udinese), el costarricense Bryan Ruiz (Fulham), el ecuatoriano Felipe Caicedo (Lokomotiv Mosc\u00fa), el hondure\u00f1o Wilson Palacios (Stoke Cuity), el peruano Jefferson Farf\u00e1n (Schalke), el uruguayo Diego Lugano (Paris Saint-Germain) y el venezolano Jefren Su\u00e1rez (Sporting de Lisboa.<\/p>\n<p>Estrellas\u00a0afianzadas y\u00a0estrellas\u00a0en ciernes que quieren aprovechar la cita europea para ganarse, con goles, clase y espect\u00e1culo, un lugar fijo en sus equipos.<\/p>\n","protected":false},"excerpt":{"rendered":"<p>Las estrellas latinas, comandados por el argentino Leo Messi y el colombiano Radamel Falcao, est\u00e1n listas para asombrar en las dos ligas europeas, la de Campeones y la Europa, con la mirada puesta en las finales de los estadios Arena de M\u00fanich y Nacional de Bucarest.<\/p>\n","protected":false},"author":1,"featured_media":11173,"comment_status":"closed","ping_status":"open","sticky":false,"template":"","format":"standard","meta":{"footnotes":""},"categories":[28],"tags":[379,1002,179,990,571],"class_list":["post-11172","post","type-post","status-publish","format-standard","has-post-thumbnail","hentry","category-deportes","tag-europa","tag-falcao","tag-futbol-2","tag-latinoamericanos","tag-messi"],"_links":{"self":[{"href":"https:\/\/diarioelpopular.com\/index.php\/wp-json\/wp\/v2\/posts\/11172","targetHints":{"allow":["GET"]}}],"collection":[{"href":"https:\/\/diarioelpopular.com\/index.php\/wp-json\/wp\/v2\/posts"}],"about":[{"href":"https:\/\/diarioelpopular.com\/index.php\/wp-json\/wp\/v2\/types\/post"}],"author":[{"embeddable":true,"href":"https:\/\/diarioelpopular.com\/index.php\/wp-json\/wp\/v2\/users\/1"}],"replies":[{"embeddable":true,"href":"https:\/\/diarioelpopular.com\/index.php\/wp-json\/wp\/v2\/comments?post=11172"}],"version-history":[{"count":0,"href":"https:\/\/diarioelpopular.com\/index.php\/wp-json\/wp\/v2\/posts\/11172\/revisions"}],"wp:featuredmedia":[{"embeddable":true,"href":"https:\/\/diarioelpopular.com\/index.php\/wp-json\/"}],"wp:attachment":[{"href":"https:\/\/diarioelpopular.com\/index.php\/wp-json\/wp\/v2\/media?parent=11172"}],"wp:term":[{"taxonomy":"category","embeddable":true,"href":"https:\/\/diarioelpopular.com\/index.php\/wp-json\/wp\/v2\/categories?post=11172"},{"taxonomy":"post_tag","embeddable":true,"href":"https:\/\/diarioelpopular.com\/index.php\/wp-json\/wp\/v2\/tags?post=11172"}],"curies":[{"name":"wp","href":"https:\/\/api.w.org\/{rel}","templated":true}]}}