{"id":11176,"date":"2011-09-11T21:49:38","date_gmt":"2011-09-12T01:49:38","guid":{"rendered":"http:\/\/retrolab.ca\/elpopular\/?p=11176"},"modified":"2011-09-11T21:49:38","modified_gmt":"2011-09-12T01:49:38","slug":"toronto-acoge-el-estreno-del-primer-filme-zombies-cubano","status":"publish","type":"post","link":"https:\/\/diarioelpopular.com\/index.php\/2011\/09\/11\/toronto-acoge-el-estreno-del-primer-filme-zombies-cubano\/","title":{"rendered":"Toronto acoge el estreno del primer filme cubano de zombies"},"content":{"rendered":"<div id=\"attachment_11177\" style=\"width: 710px\" class=\"wp-caption aligncenter\"><a href=\"http:\/\/retrolab.ca\/elpopular\/wp-content\/uploads\/2011\/09\/Juan-de-los-muertos.jpg\"><img loading=\"lazy\" decoding=\"async\" aria-describedby=\"caption-attachment-11177\" class=\"size-full wp-image-11177\" title=\"Juan de los muertos\" src=\"http:\/\/retrolab.ca\/elpopular\/wp-content\/uploads\/2011\/09\/Juan-de-los-muertos.jpg\" alt=\"\" width=\"700\" height=\"420\" \/><\/a><p id=\"caption-attachment-11177\" class=\"wp-caption-text\">Detalle del cartel de la pel\u00edcula &#039;Juan de los muertos&#039;<\/p><\/div>\n<p><em><strong>Efe. Toronto.- <\/strong><\/em>La primera pel\u00edcula de\u00a0zombies\u00a0realizada en Cuba, &#8220;Juan de los muertos&#8221;, del realizador Alejandro Brugu\u00e9s, se estren\u00f3 en el Festival Internacional de Cine de Toronto (TIFF).<\/p>\n<p>&#8220;Estoy encantado. Se rieron donde ten\u00edan que reirse. Se rieron incluso en lugares donde yo ya no me re\u00eda. Y todo parece indicar que les gust\u00f3&#8221;, declar\u00f3 Brugu\u00e9s a Efe tras la proyecci\u00f3n de su film.<\/p>\n<p>La pel\u00edcula, coproducida con Espa\u00f1a, se desarrolla en La Habana y narra en clave de humor la lucha por la supervivencia de un grupo de cubanos que contempla como toda la isla se transforma en un territorio de\u00a0zombies.<\/p>\n<p>Tras la proyecci\u00f3n de la pel\u00edcula, Brugu\u00e9s se pas\u00f3 varios minutos firmando aut\u00f3grafos y contestando las preguntas del p\u00fablico que llenaba todo el aforo de la sala de cine.<\/p>\n<p>Brugu\u00e9s, que en 2007 dirigi\u00f3 &#8220;Pertenencias personales&#8221;, reconoci\u00f3 que se inspir\u00f3 en la pel\u00edcula brit\u00e1nica &#8220;Shaun of the Dead&#8221; pero matiz\u00f3 que la suya es una historia original que toma muchas escenas prestadas de la vida real del hermano mayor del director.<\/p>\n<p>&#8220;Mi primera pel\u00edcula tambi\u00e9n estaba basada en \u00e9l. As\u00ed que espero que pueda exprimirle otras dos pel\u00edculas&#8221; m\u00e1s, brome\u00f3 Brugu\u00e9s.<\/p>\n<p>Tanto Brugu\u00e9s como el productor espa\u00f1ol Gervasio Iglesias dijeron a Efe que no tuvieron problemas para rodar en Cuba una pel\u00edcula que contiene una fuerte cr\u00edtica al r\u00e9gimen pol\u00edtico de la isla.<\/p>\n<p>&#8220;Ellos (las autoridades cubanas) se leyeron el gui\u00f3n. Y no hubo ning\u00fan problema. La pel\u00edcula fue dif\u00edcil de hacer en t\u00e9rminos t\u00e9cnicos. Todo el mundo piensa en c\u00f3mo pudimos hacer la pel\u00edcula. Pues sin ning\u00fan problema&#8221;, declar\u00f3 Brugu\u00e9s.<\/p>\n<p>Por su parte Iglesias, que tambi\u00e9n expres\u00f3 su satisfacci\u00f3n con la acogida del p\u00fablico canadiense al film, dijo que &#8220;la verdad es que nos apoyaron. Nos apoyaron -a\u00f1adi\u00f3- porque en la pel\u00edcula hay un mont\u00f3n de cortes de calles y sali\u00f3 todo perfecto&#8221;.<\/p>\n<p>&#8220;Fue el momento, las circunstancias. Yo, ahora mismo, no s\u00e9 si ahora se podr\u00eda hacer pero en ese momento s\u00ed y la verdad es que todo fue absolutamente de cara&#8221;, a\u00f1adi\u00f3 Iglesias.<\/p>\n<p>Durante el coloquio con el p\u00fablico Brugu\u00e9s fue preguntado si hab\u00eda estado tentado de que en la pel\u00edcula, Fidel Castro apareciese como un zombi.<\/p>\n<p>&#8220;Obviamente cuando tienes una idea como esta, se te cruza por la mente&#8221;, respondi\u00f3 Brugu\u00e9s entre las risas del p\u00fablico.<\/p>\n<p>Y cuando se le insisti\u00f3 en qu\u00e9 le detuvo para incluir al comandante de la revoluci\u00f3n cubana, el realizador respondi\u00f3 con un sucinto: &#8220;bueno, es que es Castro&#8221;.<\/p>\n","protected":false},"excerpt":{"rendered":"<p>La primera pel\u00edcula de zombies realizada en Cuba, &#8220;Juan de los muertos&#8221;, del realizador Alejandro Brugu\u00e9s, se estren\u00f3 en el Festival Internacional de Cine de Toronto (TIFF).<\/p>\n","protected":false},"author":1,"featured_media":11177,"comment_status":"closed","ping_status":"open","sticky":false,"template":"","format":"standard","meta":{"footnotes":""},"categories":[80],"tags":[7703,7704,4513],"class_list":["post-11176","post","type-post","status-publish","format-standard","has-post-thumbnail","hentry","category-cine-2","tag-alejandro-brugues","tag-juan-de-los-muertos","tag-tiff-2011"],"_links":{"self":[{"href":"https:\/\/diarioelpopular.com\/index.php\/wp-json\/wp\/v2\/posts\/11176","targetHints":{"allow":["GET"]}}],"collection":[{"href":"https:\/\/diarioelpopular.com\/index.php\/wp-json\/wp\/v2\/posts"}],"about":[{"href":"https:\/\/diarioelpopular.com\/index.php\/wp-json\/wp\/v2\/types\/post"}],"author":[{"embeddable":true,"href":"https:\/\/diarioelpopular.com\/index.php\/wp-json\/wp\/v2\/users\/1"}],"replies":[{"embeddable":true,"href":"https:\/\/diarioelpopular.com\/index.php\/wp-json\/wp\/v2\/comments?post=11176"}],"version-history":[{"count":0,"href":"https:\/\/diarioelpopular.com\/index.php\/wp-json\/wp\/v2\/posts\/11176\/revisions"}],"wp:featuredmedia":[{"embeddable":true,"href":"https:\/\/diarioelpopular.com\/index.php\/wp-json\/"}],"wp:attachment":[{"href":"https:\/\/diarioelpopular.com\/index.php\/wp-json\/wp\/v2\/media?parent=11176"}],"wp:term":[{"taxonomy":"category","embeddable":true,"href":"https:\/\/diarioelpopular.com\/index.php\/wp-json\/wp\/v2\/categories?post=11176"},{"taxonomy":"post_tag","embeddable":true,"href":"https:\/\/diarioelpopular.com\/index.php\/wp-json\/wp\/v2\/tags?post=11176"}],"curies":[{"name":"wp","href":"https:\/\/api.w.org\/{rel}","templated":true}]}}