{"id":11185,"date":"2011-09-12T04:06:33","date_gmt":"2011-09-12T08:06:33","guid":{"rendered":"http:\/\/retrolab.ca\/elpopular\/?p=11185"},"modified":"2011-09-12T04:06:33","modified_gmt":"2011-09-12T08:06:33","slug":"emmerich-cuestiona-a-shakespeare-en-anonymous","status":"publish","type":"post","link":"https:\/\/diarioelpopular.com\/index.php\/2011\/09\/12\/emmerich-cuestiona-a-shakespeare-en-anonymous\/","title":{"rendered":"Emmerich cuestiona a Shakespeare en &#8220;Anonymous&#8221;"},"content":{"rendered":"<div id=\"attachment_11186\" style=\"width: 710px\" class=\"wp-caption aligncenter\"><a href=\"http:\/\/retrolab.ca\/elpopular\/wp-content\/uploads\/2011\/09\/Anonymous-del-alem\u00e1n-Roland-Emmerich.jpg\"><img loading=\"lazy\" decoding=\"async\" aria-describedby=\"caption-attachment-11186\" class=\"size-full wp-image-11186\" title=\"&quot;Anonymous&quot;, del alem\u00e1n Roland Emmerich\" src=\"http:\/\/retrolab.ca\/elpopular\/wp-content\/uploads\/2011\/09\/Anonymous-del-alem\u00e1n-Roland-Emmerich.jpg\" alt=\"\" width=\"700\" height=\"420\" \/><\/a><p id=\"caption-attachment-11186\" class=\"wp-caption-text\">Un fotograma de &quot;Anonymous&quot;, del director alem\u00e1n Roland Emmerich<\/p><\/div>\n<p><em><strong>Julio C\u00e9sar Rivas. Toronto.-<\/strong><\/em> &#8220;Anonymous&#8221;, el filme del alem\u00e1n Roland Emmerich que revive el debate sobre la autor\u00eda real de las obras atribuidas a William Shakespeare, y la \u00faltima pel\u00edcula del espa\u00f1ol Nacho Vigalondo, &#8220;Extraterrestre&#8221;, marcaron este domingo la cuarta jornada del Festival Internacional de Cine de Toronto (TIFF).<\/p>\n<p>En &#8220;Anonymous&#8221;, Emmerich explora la pol\u00e9mica sobre si William Shakespeare fue realmente el autor de las obras que est\u00e1n firmadas con su nombre.<\/p>\n<p>Algunos consideran que en realidad las obras de Shakespeare salieron de las plumas de Francis Bacon y Christopher Marlowe mientras que otros se las atribuyen a Edward de Vere.<\/p>\n<p>El alem\u00e1n Emmerich no es ajeno a la pol\u00e9mica. Dos de sus \u00faltimas tres pel\u00edculas &#8220;The Day After Tomorrow&#8221; (2004) y &#8220;2012&#8221; (2009) han sido criticadas por la tendencia del director al alarmismo y la exageraci\u00f3n. Y junto con &#8220;Independence Day&#8221; (1996) por su afici\u00f3n a destruir ciudades estadounidenses.<\/p>\n<p>Pero en &#8220;Anonymous&#8221;, Emmerich destruye poco y se entretiene m\u00e1s en la intrahistoria de la rebeli\u00f3n de Essex, capitaneada por Robert Devereaux, el conde de Oxford, durante el reinado de Isabel I.<\/p>\n<p>La pel\u00edcula est\u00e1 interpretada en sus principales papeles por Rhys Ifans (el conde de Oxford) as\u00ed como Vanessa Redgrave y su hija, Joely Richardson que interpretan ambas a Isabel I en distintos momentos de su vida.<\/p>\n<p>Por la parte espa\u00f1ola, el director Nacho Vigalondo realiz\u00f3 el estreno mundial de su segundo largometraje, &#8220;Extraterrestre&#8221;, una comedia rom\u00e1ntica enmarcada en un ambiente de ciencia ficci\u00f3n y protagonizada en sus principales papeles por Juli\u00e1n Villagr\u00e1n, Michelle Jenner, Raul Cimas y Carlos Areces.<\/p>\n<p>Poco antes de presentar el filme, Vigalondo declar\u00f3 a Efe su satisfacci\u00f3n por estrenar la pel\u00edcula en el Festival Internacional de Cine de Toronto.<\/p>\n<p>&#8220;A un nivel muy personal es un lujo porque nunca hab\u00eda estado en este festival. Es como poner un cromo nuevo en tu \u00e1lbum de sitios donde has estado y quer\u00edas estar. Es enfrentarme a una audiencia nueva y a unas expectativas nuevas. Tengo la sensaci\u00f3n de que es como volver a debutar en cierta manera&#8221;, afirm\u00f3 Vigalondo.<\/p>\n<p>TIFF\u00a0tambi\u00e9n program\u00f3 hoy el estreno en el festival de la \u00faltima pel\u00edcula del espa\u00f1ol Pedro Almod\u00f3var, &#8220;La piel en la que vivo&#8221;, en la que el director manchego recupera al actor Antonio Banderas tras m\u00e1s de dos d\u00e9cadas desde su \u00faltima colaboraci\u00f3n en pantalla.<\/p>\n<p>Hoy tambi\u00e9n se concentraron un buen n\u00famero de estrenos de pel\u00edculas latinoamericanas.<\/p>\n<p>El director Matias Meyer present\u00f3 la cinta mexicana &#8220;Los \u00faltimos cristeros&#8221;, un drama hist\u00f3rico que narra los \u00faltimos d\u00edas de una peque\u00f1a banda de cristeros, &#8220;soldados de Cristo&#8221;, que deciden continuar su lucha contra el Estado mexicano en defensa de sus creencias religiosas.<\/p>\n<p>El filme, que est\u00e1 protagonizado por Alejandro Lim\u00f3n, Antonio Garc\u00eda y Jes\u00fas Mois\u00e9s Rodr\u00edguez, y ambientado en la d\u00e9cada de 1930, es el tercer largometraje de Meyer.<\/p>\n<p>Otra pel\u00edcula mexicana que se estrena este domingo en\u00a0TIFF\u00a0es &#8220;Miss Bala&#8221; de Gerardo Naranjo, y en la que se mezclan el mundo de las competiciones de belleza y la guerra entre organizaciones criminales en el M\u00e9xico moderno.<\/p>\n<p>De Suram\u00e9rica,\u00a0TIFF\u00a0program\u00f3 hoy &#8220;Las piedras&#8221;, del director argentino Rom\u00e1n C\u00e1rdenas. El largometraje, protagonizado por Rom\u00e1n C\u00e1rdenas, Mariana Padial y Nicol\u00e1s Bellati, es parte del ciclo &#8220;City to City&#8221; que este a\u00f1o\u00a0TIFF\u00a0ha dedicado a la capital argentina, Buenos Aires.<\/p>\n<p>Finalmente, tambi\u00e9n hoy se estren\u00f3 la brasile\u00f1a &#8220;O abismo prateado&#8221;, de Karim A\u00efnouz, un drama rom\u00e1ntico situado en la noche de la ciudad de R\u00edo de Janeiro.<\/p>\n<p>Y por supuesto, el festival realiz\u00f3 su particular homenaje al aniversario de los ataques del 11 de septiembre de 2001.<\/p>\n<p>TIFF\u00a0marc\u00f3 el d\u00e9cimo aniversario con la proyecci\u00f3n, antes de cada pel\u00edcula programada para hoy, de un corto especialmente preparado por los organizadores de la muestra canadiense.<\/p>\n<p>Los ataques que demolieron las Torres Gemelas de Nueva York y causaron graves da\u00f1os en el Pent\u00e1gono de Washington han pasado a formar parte de la historia deTIFF.<\/p>\n<p>Hace 10 a\u00f1os, cuando el primer avi\u00f3n se estrell\u00f3 contra el primer edificio del World Trade Center, el festival se paraliz\u00f3 y centenares de empleados de productoras, distribuidoras, empresas de relaciones p\u00fablicas as\u00ed como los propios actores y directores estadounidenses se apresuraron a regresar a su pa\u00eds.<\/p>\n<p>Los organizadores de\u00a0TIFF\u00a0sopesaron la suspensi\u00f3n del festival pero finalmente se decidieron por cancelar las proyecciones del d\u00eda y continuar la muestra los restantes d\u00edas.<\/p>\n<p>El cortometraje producido por\u00a0TIFF\u00a0recoge precisamente los recuerdos que de ese d\u00eda tienen una multitud de personas relacionadas con el mundo del cine.<\/p>\n","protected":false},"excerpt":{"rendered":"<p>&#8220;Anonymous&#8221;, el filme del alem\u00e1n Roland Emmerich que revive el debate sobre la autor\u00eda real de las obras atribuidas a William Shakespeare, y la \u00faltima pel\u00edcula del espa\u00f1ol Nacho Vigalondo, &#8220;Extraterrestre&#8221;, marcaron la cuarta jornada del Festival Internacional de Cine de Toronto (TIFF).<\/p>\n","protected":false},"author":1,"featured_media":11186,"comment_status":"closed","ping_status":"open","sticky":false,"template":"","format":"standard","meta":{"footnotes":""},"categories":[80],"tags":[1086,7713,7714,7715,7716,4513,22],"class_list":["post-11185","post","type-post","status-publish","format-standard","has-post-thumbnail","hentry","category-cine-2","tag-anonymous","tag-extraterrestre","tag-festival-de-cine","tag-nacho-vigalondo","tag-roland-emmerich","tag-tiff-2011","tag-toronto"],"_links":{"self":[{"href":"https:\/\/diarioelpopular.com\/index.php\/wp-json\/wp\/v2\/posts\/11185","targetHints":{"allow":["GET"]}}],"collection":[{"href":"https:\/\/diarioelpopular.com\/index.php\/wp-json\/wp\/v2\/posts"}],"about":[{"href":"https:\/\/diarioelpopular.com\/index.php\/wp-json\/wp\/v2\/types\/post"}],"author":[{"embeddable":true,"href":"https:\/\/diarioelpopular.com\/index.php\/wp-json\/wp\/v2\/users\/1"}],"replies":[{"embeddable":true,"href":"https:\/\/diarioelpopular.com\/index.php\/wp-json\/wp\/v2\/comments?post=11185"}],"version-history":[{"count":0,"href":"https:\/\/diarioelpopular.com\/index.php\/wp-json\/wp\/v2\/posts\/11185\/revisions"}],"wp:featuredmedia":[{"embeddable":true,"href":"https:\/\/diarioelpopular.com\/index.php\/wp-json\/"}],"wp:attachment":[{"href":"https:\/\/diarioelpopular.com\/index.php\/wp-json\/wp\/v2\/media?parent=11185"}],"wp:term":[{"taxonomy":"category","embeddable":true,"href":"https:\/\/diarioelpopular.com\/index.php\/wp-json\/wp\/v2\/categories?post=11185"},{"taxonomy":"post_tag","embeddable":true,"href":"https:\/\/diarioelpopular.com\/index.php\/wp-json\/wp\/v2\/tags?post=11185"}],"curies":[{"name":"wp","href":"https:\/\/api.w.org\/{rel}","templated":true}]}}