{"id":11303,"date":"2011-09-12T22:55:57","date_gmt":"2011-09-13T02:55:57","guid":{"rendered":"http:\/\/retrolab.ca\/elpopular\/?p=11303"},"modified":"2011-09-12T22:55:57","modified_gmt":"2011-09-13T02:55:57","slug":"risas-con-fiennes-lagrimas-con-coppola-y-madonna","status":"publish","type":"post","link":"https:\/\/diarioelpopular.com\/index.php\/2011\/09\/12\/risas-con-fiennes-lagrimas-con-coppola-y-madonna\/","title":{"rendered":"Risas con Fiennes, l\u00e1grimas con Coppola. Y Madonna"},"content":{"rendered":"<div id=\"attachment_11304\" style=\"width: 710px\" class=\"wp-caption aligncenter\"><a href=\"http:\/\/retrolab.ca\/elpopular\/wp-content\/uploads\/2011\/09\/coppola.jpg\"><img loading=\"lazy\" decoding=\"async\" aria-describedby=\"caption-attachment-11304\" class=\"size-full wp-image-11304\" title=\"Francis Ford Coppola\" src=\"http:\/\/retrolab.ca\/elpopular\/wp-content\/uploads\/2011\/09\/coppola.jpg\" alt=\"\" width=\"700\" height=\"420\" \/><\/a><p id=\"caption-attachment-11304\" class=\"wp-caption-text\">El director estadounidense Francis Ford Coppola, durante la rueda de prensa que ofreci\u00f3 este lunes en el Festival de Cine de Toronto. Coppola tuvo que luchar para contener las l\u00e1grimas cuando se refiri\u00f3 a su hijo Gian-Carlo, fallecido en un accidente en 1986, al reconocer que se sent\u00eda responsable de su muerte. Foto: Warren Toda \/ Efe<\/p><\/div>\n<div id=\"attachment_11305\" style=\"width: 374px\" class=\"wp-caption alignright\"><a href=\"http:\/\/retrolab.ca\/elpopular\/wp-content\/uploads\/2011\/09\/Madonna-en-el-TIFF.jpeg\"><img loading=\"lazy\" decoding=\"async\" aria-describedby=\"caption-attachment-11305\" class=\"size-full wp-image-11305 \" title=\"Madonna, en el TIFF\" src=\"http:\/\/retrolab.ca\/elpopular\/wp-content\/uploads\/2011\/09\/Madonna-en-el-TIFF.jpeg\" alt=\"\" width=\"364\" height=\"360\" \/><\/a><p id=\"caption-attachment-11305\" class=\"wp-caption-text\">Madonna, en el estreno de su pel\u00edcula &quot;W.E.&quot; en el Festival de Toronto. Foto: Warren Toda \/ Efe<\/p><\/div>\n<p><em><strong>Julio C\u00e9sar Rivas. Toronto.-<\/strong><\/em> La quinta jornada del Festival Internacional de Cine de Toronto (TIFF) se destac\u00f3 por el humor que aport\u00f3 Ralph Fiennes, la emotividad de Francis Ford Coppola y la m\u00fasica que siempre rodea a la cantante Madonna.<\/p>\n<p>Si los primeros d\u00edas del\u00a0TIFF\u00a0estuvieron dominados por los actores, hoy el Festival de Toronto qued\u00f3 en las manos de los directores que han tra\u00eddo a la trig\u00e9sima sexta edici\u00f3n del certamen sus \u00faltimas obras.<\/p>\n<p>Fue un d\u00eda completo, con directores que est\u00e1n de vuelta del todo, como lo demostr\u00f3 Francis Ford Coppola, otros ambiciosos como Luc Besson, actores que debutan como directores, como Ralph Fiennes, y cantantes que dirigen (Madonna).<\/p>\n<p>El veterano Coppola estableci\u00f3 el tono desde el principio del d\u00eda con una conversaci\u00f3n franca y emocional sobre lo divino y lo humano de su historia como realizador.<\/p>\n<p>Con l\u00e1grimas en los ojos, Coppola (&#8220;El Padrino&#8221;, 1972, &#8220;Apocalypse Now&#8221;, 1979, &#8220;Rumble Fish&#8221;, 1983, &#8220;Tetro&#8221;, 2009) revel\u00f3 c\u00f3mo su \u00faltima pel\u00edcula, la que ha estrenado en este festival, &#8220;Twixt&#8221; le ha servido para bucear en una de sus mayores penas, la tr\u00e1gica muerte de su hijo mayor, Gian-Carlo, en un accidente.<\/p>\n<p>&#8220;No me di cuenta de que (la pel\u00edcula) me llevar\u00eda a algo que nunca hab\u00eda admitido que es mi propia vida (&#8230;) Todo padre siente que es responsable por lo que puede pasar a sus hijos. Y&#8230; No me di cuenta de cu\u00e1nto me sent\u00eda responsable personalmente por lo que pas\u00f3 hace 24 a\u00f1os. Deber\u00eda haber estado all\u00ed. Y no sab\u00eda&#8230;&#8221; dijo Coppola con los ojos vidriosos.<\/p>\n<div id=\"attachment_11307\" style=\"width: 321px\" class=\"wp-caption alignright\"><a href=\"http:\/\/retrolab.ca\/elpopular\/wp-content\/uploads\/2011\/09\/Ralph-Fiennes-en-el-TIFF.jpeg\"><img loading=\"lazy\" decoding=\"async\" aria-describedby=\"caption-attachment-11307\" class=\"size-full wp-image-11307\" title=\"Ralph Fiennes, en el TIFF\" src=\"http:\/\/retrolab.ca\/elpopular\/wp-content\/uploads\/2011\/09\/Ralph-Fiennes-en-el-TIFF.jpeg\" alt=\"\" width=\"311\" height=\"450\" \/><\/a><p id=\"caption-attachment-11307\" class=\"wp-caption-text\"> Ralph Fienes, durante la presentaci\u00f3n de la pel\u00edcula &quot;Coriolanus&quot;. Foto: Warren Toda \/ Efe<\/p><\/div>\n<p>Un Coppola filos\u00f3fico tambi\u00e9n expres\u00f3 la comodidad con la que afronta en la actualidad sus proyectos, despu\u00e9s de recibir varapalos durante a\u00f1os por filmes que ahora son considerados obras maestras.<\/p>\n<p>&#8220;Una de las cosas que oigo m\u00e1s frecuentemente es que los filmes que hago ahora no son tan buenos como los de hace 30 a\u00f1os. Mi respuesta es que hace 30 a\u00f1os, los filmes que piensas que son tan buenos no fueron recibidos bien&#8221; dijo el director.<\/p>\n<p>&#8220;Ahora me doy cuenta de que los filmes que estoy haciendo hoy tendr\u00e9 que esperar 30 a\u00f1os. Y la verdad es que no voy a estar vivo en 30 a\u00f1os as\u00ed que nunca voy a saber&#8221;, a\u00f1adi\u00f3.<\/p>\n<p>En el div\u00e1n de las confesiones, Madonna, que ha tra\u00eddo a Toronto su segundo film como directora, &#8220;W.E.&#8221;, sobre Wallis Simpson, la mujer que provoc\u00f3 la abdicaci\u00f3n de Eduardo VIII, tampoco se qued\u00f3 atr\u00e1s.<\/p>\n<p>Reconoci\u00f3 que su carrera como directora todav\u00eda no est\u00e1 al nivel que la de cantante. Y que lo que m\u00e1s le gusta cuando dirige es terminar de vestir a sus actores para poder tocarles.<\/p>\n<p>&#8220;Uno de los rituales m\u00e1s importantes era ayudar a terminar de vestir a los actores o actrices. Me gustaba ponerles los toques finales y sentir una conexi\u00f3n con ellos antes de empezar a rodar. Ponerles los collares y pulseras, ajustar sus peinados y vestidos. B\u00e1sicamente buscar una excusa para tocarlos era mi ritual&#8221; dijo.<\/p>\n<p>Y tambi\u00e9n revel\u00f3 que, durante el rodaje de &#8220;W.E.&#8221;, para animar a los actores durante los momentos de lluvia sacaba la guitarra e improvisaba canciones.<\/p>\n<p>Quien no parece improvisar como director es Ralph Fiennes. El actor brit\u00e1nico, conocido por &#8220;The English Patient&#8221;, entre otras pel\u00edculas, exhibi\u00f3 su buen humor junto con sus compa\u00f1eros de reparto, principalmente el escoc\u00e9s Gerard Butler.<\/p>\n<p>Butler revel\u00f3 que \u00e9l y Fiennes ensayaron &#8220;mucho&#8221; una escena de la pel\u00edcula, una pelea que, seg\u00fan Butler, &#8220;es lo m\u00e1s cerca que he vivido a una experiencia homosexual&#8221;.<\/p>\n<p>El d\u00eda estuvo redondeado por la presentaci\u00f3n de &#8220;The Lady&#8221;, la visi\u00f3n del director franc\u00e9s Luc Besson de la activista birmana y ganadora del premio Nobel de la Paz Aung San Suu Kyi, as\u00ed como el estreno mundial de &#8220;Intruders&#8221;, el largometraje del director espa\u00f1ol Juan Carlos Fresnadillo y protagonizado por Clive Owen.<\/p>\n<p><a title=\"ESPECIAL: TIFF 2011\" rel=\"bookmark\" href=\"https:\/\/diarioelpopular.com\/category\/tiff-2011\/\"><span style=\"color: #000d54\"><strong>\u00bb ESPECIAL: TIFF 2011<\/strong><\/span><\/a><\/p>\n","protected":false},"excerpt":{"rendered":"<p>La quinta jornada del Festival Internacional de Cine de Toronto (TIFF) se destac\u00f3 por el humor que aport\u00f3 Ralph Fiennes, la emotividad de Francis Ford Coppola y la m\u00fasica que siempre rodea a la cantante Madonna.<br \/>\n<a title=\"ESPECIAL: TIFF 2011\" rel=\"bookmark\" href=\"http:\/\/retrolab.ca\/elpopular\/category\/tiff-2011\/\"><span style=\"color: #000D54\"><strong>\u00bb ESPECIAL: TIFF 2011<\/strong><\/span><\/a><\/p>\n","protected":false},"author":1,"featured_media":11344,"comment_status":"closed","ping_status":"open","sticky":false,"template":"","format":"standard","meta":{"footnotes":""},"categories":[80],"tags":[7714,7726,1433,7727,2837,22],"class_list":["post-11303","post","type-post","status-publish","format-standard","has-post-thumbnail","hentry","category-cine-2","tag-festival-de-cine","tag-francis-ford-coppola","tag-madonna","tag-ralph-fiennes","tag-tiff","tag-toronto"],"_links":{"self":[{"href":"https:\/\/diarioelpopular.com\/index.php\/wp-json\/wp\/v2\/posts\/11303","targetHints":{"allow":["GET"]}}],"collection":[{"href":"https:\/\/diarioelpopular.com\/index.php\/wp-json\/wp\/v2\/posts"}],"about":[{"href":"https:\/\/diarioelpopular.com\/index.php\/wp-json\/wp\/v2\/types\/post"}],"author":[{"embeddable":true,"href":"https:\/\/diarioelpopular.com\/index.php\/wp-json\/wp\/v2\/users\/1"}],"replies":[{"embeddable":true,"href":"https:\/\/diarioelpopular.com\/index.php\/wp-json\/wp\/v2\/comments?post=11303"}],"version-history":[{"count":0,"href":"https:\/\/diarioelpopular.com\/index.php\/wp-json\/wp\/v2\/posts\/11303\/revisions"}],"wp:featuredmedia":[{"embeddable":true,"href":"https:\/\/diarioelpopular.com\/index.php\/wp-json\/"}],"wp:attachment":[{"href":"https:\/\/diarioelpopular.com\/index.php\/wp-json\/wp\/v2\/media?parent=11303"}],"wp:term":[{"taxonomy":"category","embeddable":true,"href":"https:\/\/diarioelpopular.com\/index.php\/wp-json\/wp\/v2\/categories?post=11303"},{"taxonomy":"post_tag","embeddable":true,"href":"https:\/\/diarioelpopular.com\/index.php\/wp-json\/wp\/v2\/tags?post=11303"}],"curies":[{"name":"wp","href":"https:\/\/api.w.org\/{rel}","templated":true}]}}