{"id":11488,"date":"2011-09-13T22:48:06","date_gmt":"2011-09-14T02:48:06","guid":{"rendered":"http:\/\/retrolab.ca\/elpopular\/?p=11488"},"modified":"2011-09-13T22:48:06","modified_gmt":"2011-09-14T02:48:06","slug":"el-milan-sorprende-al-barca-y-el-chelsea-toma-credito","status":"publish","type":"post","link":"https:\/\/diarioelpopular.com\/index.php\/2011\/09\/13\/el-milan-sorprende-al-barca-y-el-chelsea-toma-credito\/","title":{"rendered":"El Milan sorprende al Bar\u00e7a y el Chelsea toma cr\u00e9dito"},"content":{"rendered":"<div id=\"attachment_11489\" style=\"width: 710px\" class=\"wp-caption aligncenter\"><a href=\"http:\/\/retrolab.ca\/elpopular\/wp-content\/uploads\/2011\/09\/Barcelona-Milan.jpg\"><img loading=\"lazy\" decoding=\"async\" aria-describedby=\"caption-attachment-11489\" class=\"size-full wp-image-11489\" title=\"Barcelona - Milan\" src=\"http:\/\/retrolab.ca\/elpopular\/wp-content\/uploads\/2011\/09\/Barcelona-Milan.jpg\" alt=\"\" width=\"700\" height=\"420\" \/><\/a><p id=\"caption-attachment-11489\" class=\"wp-caption-text\">El jugador del Milan Nocerino disputa un bal\u00f3n con el defensor franc\u00e9s del FC Barcelona, Eric Abidal. Foto: Andreu Dalmau \/ Efe<\/p><\/div>\n<p><em><strong>Efe. Madrid.- <\/strong><\/em>El empate (2-2) a \u00faltima hora del Mil\u00e1n en el Camp Nou ante el FC Barcelona y el triunfo del Chelsea frente al Leverkusen (2-0) con la dupla Fernando Torres y Juan Mata de titulares centraron el inter\u00e9s de la primera jornada de la\u00a0Liga\u00a0de\u00a0Campeones.<\/p>\n<p>El AC Milan dio la campanada. Pone en estado de alerta al FC Barcelona tras su empate en Anoeta ante la Real Sociedad. Segunda igualada consecutiva del Barcelona, con nuevos desajustes defensivos que permitieron primero a Pato a los 24 segundos y luego a Thiago Silva en la recta final, poner al Barcelona contra las cuerdas.<\/p>\n<p>Remont\u00f3 Pedro el 0-1 con una soberbia acci\u00f3n de Leo Messi, se adelant\u00f3 luego Villa con un libre directo, pero el Mil\u00e1n nunca perdi\u00f3 la cara al partido. El Barcelona, adem\u00e1s se llev\u00f3 otra mala noticia. Andr\u00e9s Iniesta se lesion\u00f3 y se va a perder entre cuatro y ocho semanas de baja.<\/p>\n<p>En ese grupo H, Viktoria Plzen y Bate empataron 1-1. El grupo parte igualado con un punto. Mil\u00e1n y Barcelona son favoritos.<\/p>\n<p>Los dos internacionales espa\u00f1oles del Chelsea fueron protagonistas ante el Leverkusen en el grupo E. Vilas Boas, t\u00e9cnico del equipo londinense, aline\u00f3 de titular a Torres, al lado de Sturridge y Juan Mata. Era esperada su presencia tras una semana pol\u00e9mica. Vilas Boas confi\u00f3 en el delantero madrile\u00f1o y se acab\u00f3 el &#8216;culebr\u00f3n&#8217; que pon\u00eda en duda las relaci\u00f3n t\u00e9cnico-jugador. Mata y Torres se entienden con la mirada. David Luiz firm\u00f3 el 1-0, Juan Mata el 2-0 a pase de Torres. Fernando estuvo muy activo. El Chelsea est\u00e1 en manos de Torres y Mata.<\/p>\n<p>El Valencia empat\u00f3 (0-0) en Genk en el otro partido del grupo E. Tuvo posesi\u00f3n y control, pero sin definici\u00f3n. En el minuto 83, Diego Alves, el portero brasile\u00f1o del Valencia que hoy fue titular sac\u00f3 un bal\u00f3n de oro en el minuto 83 a Simaeys.<\/p>\n<p>En el grupo F se esperaba con atenci\u00f3n la visita del nuevo Arsenal de Mikel Arteta a Dortmund. Van Persie hizo el 0-1 y Perisic empat\u00f3 en el minuto 88. 1-1 al final. En el otro envite, el Marsella se llev\u00f3 el triunfo en Grecia ante Olympiakos. Lucho Gonz\u00e1lez dio aire al Olympique, atento en el \u00e1rea. Manda el Marsella, con Azpilicueta en el campo, en el grupo.<\/p>\n<p>Mientras, en el grupo G el Oporto, remont\u00f3 en casa un gol del Shakhtar Donetsk. Luiz Adriano puso por delante al equipo ucraniano, pero Hulk, con un soberbio gol, puso el 1-1 en el marcador y Kleber rubric\u00f3 el triunfo (2-1). Por su parte, el Apoel derrot\u00f3 al Zenit 2-1. Manduca y Ayolton Almeida levantaron el \u00e1nimo del Apoel.<\/p>\n","protected":false},"excerpt":{"rendered":"<p>El empate (2-2) a \u00faltima hora del Mil\u00e1n en el Camp Nou ante el FC Barcelona y el triunfo del Chelsea frente al Leverkusen (2-0) con la dupla Fernando Torres y Juan Mata de titulares centraron el inter\u00e9s de la primera jornada de la Liga de Campeones.<\/p>\n","protected":false},"author":1,"featured_media":11489,"comment_status":"closed","ping_status":"open","sticky":false,"template":"","format":"standard","meta":{"footnotes":""},"categories":[28],"tags":[1785,179,1786],"class_list":["post-11488","post","type-post","status-publish","format-standard","has-post-thumbnail","hentry","category-deportes","tag-champions","tag-futbol-2","tag-liga-de-campeones"],"_links":{"self":[{"href":"https:\/\/diarioelpopular.com\/index.php\/wp-json\/wp\/v2\/posts\/11488","targetHints":{"allow":["GET"]}}],"collection":[{"href":"https:\/\/diarioelpopular.com\/index.php\/wp-json\/wp\/v2\/posts"}],"about":[{"href":"https:\/\/diarioelpopular.com\/index.php\/wp-json\/wp\/v2\/types\/post"}],"author":[{"embeddable":true,"href":"https:\/\/diarioelpopular.com\/index.php\/wp-json\/wp\/v2\/users\/1"}],"replies":[{"embeddable":true,"href":"https:\/\/diarioelpopular.com\/index.php\/wp-json\/wp\/v2\/comments?post=11488"}],"version-history":[{"count":0,"href":"https:\/\/diarioelpopular.com\/index.php\/wp-json\/wp\/v2\/posts\/11488\/revisions"}],"wp:featuredmedia":[{"embeddable":true,"href":"https:\/\/diarioelpopular.com\/index.php\/wp-json\/"}],"wp:attachment":[{"href":"https:\/\/diarioelpopular.com\/index.php\/wp-json\/wp\/v2\/media?parent=11488"}],"wp:term":[{"taxonomy":"category","embeddable":true,"href":"https:\/\/diarioelpopular.com\/index.php\/wp-json\/wp\/v2\/categories?post=11488"},{"taxonomy":"post_tag","embeddable":true,"href":"https:\/\/diarioelpopular.com\/index.php\/wp-json\/wp\/v2\/tags?post=11488"}],"curies":[{"name":"wp","href":"https:\/\/api.w.org\/{rel}","templated":true}]}}