{"id":11613,"date":"2011-09-20T20:24:02","date_gmt":"2011-09-21T00:24:02","guid":{"rendered":"http:\/\/retrolab.ca\/elpopular\/?p=11613"},"modified":"2011-09-20T20:24:02","modified_gmt":"2011-09-21T00:24:02","slug":"chile-argentina-y-brasil-toman-san-sebastian-con-historias-intimas-y-bellas","status":"publish","type":"post","link":"https:\/\/diarioelpopular.com\/index.php\/2011\/09\/20\/chile-argentina-y-brasil-toman-san-sebastian-con-historias-intimas-y-bellas\/","title":{"rendered":"El cine latino desembarca en San Sebasti\u00e1n"},"content":{"rendered":"<div id=\"attachment_11614\" style=\"width: 710px\" class=\"wp-caption aligncenter\"><a href=\"http:\/\/retrolab.ca\/elpopular\/wp-content\/uploads\/2011\/09\/Sentados-frente-al-fuego.jpg\"><img loading=\"lazy\" decoding=\"async\" aria-describedby=\"caption-attachment-11614\" class=\"size-full wp-image-11614\" title=\"Sentados frente al fuego\" src=\"http:\/\/retrolab.ca\/elpopular\/wp-content\/uploads\/2011\/09\/Sentados-frente-al-fuego.jpg\" alt=\"\" width=\"700\" height=\"420\" \/><\/a><p id=\"caption-attachment-11614\" class=\"wp-caption-text\">Un fotograma de la pel\u00edcula &#039;Sentados frente al fuego&#039;, del director chileno Alejandro Fern\u00e1ndez Almendras<\/p><\/div>\n<p><em><strong>Alicia G. Arribas. San\u00a0Sebasti\u00e1n (Espa\u00f1a).-<\/strong><\/em> La argentina &#8220;Abrir puertas y ventanas&#8221;, la chilena &#8220;Sentados frente al fuego&#8221; y la brasile\u00f1a &#8220;Girimunho&#8221; llegaron este martes a\u00a0San Sebasti\u00e1n (norte de Espa\u00f1a) para mostrar la diversidad del cine latinoamericano, con sus historias \u00edntimas de amor y verdad, mezcladas al 50 por ciento.<\/p>\n<p>La historia de &#8220;Girimunho&#8221; parte de un hecho real ocurrido en una aldea perdida en el norte del Estado de Minas Ger\u00e1is, en el Sertao.<\/p>\n<p>Bastu, a sus 81 a\u00f1os, ha perdido a su esposo, Feliciano, y solo tiene a su nieta Branca como \u00fanica compa\u00f1\u00eda, una joven que sue\u00f1a con irse a la ciudad y estudiar.<\/p>\n<p>Los consejos de la abuela, las historias escuchadas, los peque\u00f1os actos cotidianos y los sucesos que acompa\u00f1aron el rodaje, explican sus responsables, Helv\u00e8cio Marins Jr. y Clarissa Campolina, fueron modulando la historia y proporcionando la naturalidad que precisaban.<\/p>\n<p>&#8220;No hab\u00eda planificaci\u00f3n cotidiana para el rodaje, pero s\u00ed lo hicimos en el tiempo de la protagonista, manteniendo el orden cronol\u00f3gico: era el tiempo de ellos, no el nuestro&#8221;, apunta Campolina.<\/p>\n<p>Ambos directores, que proceden del mundo documental, han hecho una bella historia a medio camino entre lo real y el cuento, llegando a tener como referencia, explica Marins, a &#8220;Gimar\u00e4es Rosa, o Gabriel Garc\u00eda M\u00e1rquez&#8221;.<\/p>\n<p>La naturaleza tambi\u00e9n es un personaje en &#8220;Sentados frente al fuego&#8221;, un drama est\u00e1tico que el chileno Alejandro Fern\u00e1ndez Almendras ha llevado a Monte Le\u00f3n,\u00a0SanNicol\u00e1s, Portezuelo, Chill\u00e1n, Yumbel, Concepci\u00f3n y Tom\u00e9.<\/p>\n<p>&#8220;La pel\u00edcula -dice el director en declaraciones a Efe- es ante todo una historia de amor, pero no en el sentido cl\u00e1sico, ya que no se ocupa del principio o del final de una relaci\u00f3n, sino que es la lucha cotidiana de un hombre contra lo inevitable&#8221;.<\/p>\n<p>Daniel es un pe\u00f3n que vive con su esposa enferma, Alejandra, a la que no le queda mucho tiempo de vida.<\/p>\n<p>Pero eso no es problema para que vivan intensos momentos de intimidad y de amor, y compartan los m\u00e1s peque\u00f1os detalles cotidianos: desde alimentar a un gatito abandonado a ir en busca de la nieve para probar un trineo, que jam\u00e1s cumplir\u00e1 su cometido.<\/p>\n<p>Durante la investigaci\u00f3n de &#8220;Huacho&#8221; (2009), el anterior largometraje de Almendras, &#8220;alguien&#8221; le cont\u00f3 la historia &#8220;de una pareja muy parecida a esta&#8221;. &#8220;Y -agrega- pens\u00e9 que Alejandra Ya\u00f1ez, que no es actriz profesional, ser\u00eda ideal para este trabajo&#8221;.<\/p>\n<p>Ya\u00f1ez apoya a &#8220;su&#8221; Alejandra: &#8220;ella est\u00e1 sufriendo, pero tiene el apoyo de la persona que quiere, entonces, tiene suerte y no, porque se muere, pero sabe que debe disfrutar a la contra. Sabe que llega al t\u00e9rmino, pero eso no le impide disfrutar&#8221;.<\/p>\n<p>El realizador, que se dio a conocer con &#8220;Lo que trae la lluvia&#8221; (2006) en el\u00a0Festival\u00a0de Berl\u00edn y est\u00e1 en\u00a0San\u00a0Sebasti\u00e1n en la secci\u00f3n Zabaltegi Nuevos directores, opina que lo que distingue al cine chileno de otros es la diversidad: &#8220;trabajamos todos los g\u00e9neros, la oferta es muy variada y eso me parece superinteresante&#8221;, ha dicho.<\/p>\n<p>Tambi\u00e9n se vio hoy &#8220;Abrir puertas y ventanas&#8221;, una delicada e intensa pel\u00edcula argentina que entra en competici\u00f3n en &#8220;Horizontes Latinos&#8221;, escrita y dirigida por Milagros Mumenthaler y protagonizada por las estupendas Mar\u00eda Canale, Martina Juncadella y Ail\u00edn Salas.<\/p>\n<p>Son tres nietas de una abuela reci\u00e9n fallecida que luchan por incorporar esa p\u00e9rdida a sus vidas sin que ninguna de ellas sea capaz de compartirlo abiertamente.<\/p>\n<p>La abuela, una profesora de universidad que las cri\u00f3 en ausencia de sus padres, es una presencia constante en la casa y en sus vidas, cada una de las cuales precisa su ritmo para asimilarlo.<\/p>\n<p>El tiempo, el cari\u00f1o, los celos de hermanas, la asunci\u00f3n del pasado a trav\u00e9s de peque\u00f1os detalles, retazos y, sobre todo, canciones -impresionante la escena de las hermanas en un sof\u00e1 escuchando la m\u00fasica favorita de la abuela muerta- van creando un tejido bello e \u00edntimo que define muy bien el nuevo cine argentino.<\/p>\n","protected":false},"excerpt":{"rendered":"<p>La argentina &#8220;Abrir puertas y ventanas&#8221;, la chilena &#8220;Sentados frente al fuego&#8221; y la brasile\u00f1a &#8220;Girimunho&#8221; llegaron este martes a San Sebasti\u00e1n (norte de Espa\u00f1a) para mostrar la diversidad del cine latinoamericano, con sus historias \u00edntimas de amor y verdad, mezcladas al 50 por ciento.<\/p>\n","protected":false},"author":1,"featured_media":11614,"comment_status":"closed","ping_status":"open","sticky":false,"template":"","format":"standard","meta":{"footnotes":""},"categories":[80],"tags":[444,7776],"class_list":["post-11613","post","type-post","status-publish","format-standard","has-post-thumbnail","hentry","category-cine-2","tag-espana","tag-festival-de-san-sebastian"],"_links":{"self":[{"href":"https:\/\/diarioelpopular.com\/index.php\/wp-json\/wp\/v2\/posts\/11613","targetHints":{"allow":["GET"]}}],"collection":[{"href":"https:\/\/diarioelpopular.com\/index.php\/wp-json\/wp\/v2\/posts"}],"about":[{"href":"https:\/\/diarioelpopular.com\/index.php\/wp-json\/wp\/v2\/types\/post"}],"author":[{"embeddable":true,"href":"https:\/\/diarioelpopular.com\/index.php\/wp-json\/wp\/v2\/users\/1"}],"replies":[{"embeddable":true,"href":"https:\/\/diarioelpopular.com\/index.php\/wp-json\/wp\/v2\/comments?post=11613"}],"version-history":[{"count":0,"href":"https:\/\/diarioelpopular.com\/index.php\/wp-json\/wp\/v2\/posts\/11613\/revisions"}],"wp:featuredmedia":[{"embeddable":true,"href":"https:\/\/diarioelpopular.com\/index.php\/wp-json\/"}],"wp:attachment":[{"href":"https:\/\/diarioelpopular.com\/index.php\/wp-json\/wp\/v2\/media?parent=11613"}],"wp:term":[{"taxonomy":"category","embeddable":true,"href":"https:\/\/diarioelpopular.com\/index.php\/wp-json\/wp\/v2\/categories?post=11613"},{"taxonomy":"post_tag","embeddable":true,"href":"https:\/\/diarioelpopular.com\/index.php\/wp-json\/wp\/v2\/tags?post=11613"}],"curies":[{"name":"wp","href":"https:\/\/api.w.org\/{rel}","templated":true}]}}