{"id":11837,"date":"2011-09-22T22:56:02","date_gmt":"2011-09-23T02:56:02","guid":{"rendered":"http:\/\/retrolab.ca\/elpopular\/?p=11837"},"modified":"2011-09-22T22:56:02","modified_gmt":"2011-09-23T02:56:02","slug":"color-colombiando-en-los-goles-en-europa","status":"publish","type":"post","link":"https:\/\/diarioelpopular.com\/index.php\/2011\/09\/22\/color-colombiando-en-los-goles-en-europa\/","title":{"rendered":"Color colombiando en los goles en Europa"},"content":{"rendered":"<div id=\"attachment_11832\" style=\"width: 710px\" class=\"wp-caption aligncenter\"><a href=\"http:\/\/retrolab.ca\/elpopular\/wp-content\/uploads\/2011\/09\/Falcao.jpg\"><img loading=\"lazy\" decoding=\"async\" aria-describedby=\"caption-attachment-11832\" class=\"size-full wp-image-11832\" title=\"Falcao\" src=\"http:\/\/retrolab.ca\/elpopular\/wp-content\/uploads\/2011\/09\/Falcao.jpg\" alt=\"\" width=\"700\" height=\"420\" \/><\/a><p id=\"caption-attachment-11832\" class=\"wp-caption-text\">Radamel Falcao, del Atl\u00e9tico de Madrid, celebra uno de sus dos goles al Sporting. Foto: V\u00edctor Lerena \/ Efe<\/p><\/div>\n<p><em><strong>Nemesio Rodr\u00edguez. Madrid.-<\/strong><\/em> Radamel\u00a0Falcao\u00a0y V\u00edctor Hugo Monta\u00f1o ti\u00f1eron de color colombiano los goles registrados en la jornada intermedia de las Ligas europeas, en la que tambi\u00e9n brillaron los argentinos Germ\u00e1n Denis y Rodrigo Palacio y el brasile\u00f1o &#8220;Marcelinho&#8221;.<\/p>\n<p>Goles argentinos, brasile\u00f1os, chilenos y colombianos desfilaron por los campos europeos.<\/p>\n<p>En Espa\u00f1a (quinta jornada),\u00a0Falcao\u00a0sum\u00f3 dos tantos en el 4-0 del Atl\u00e9tico de Madrid al colista Sporting de Gij\u00f3n para acumular cinco e igualar al argentino Leo Messi y al espa\u00f1ol Roberto Soldado en la cabeza de la lista de m\u00e1ximos artilleros.<\/p>\n<p>La prensa deportiva no escatim\u00f3 hoy elogios al delantero rojiblanco, de 25 a\u00f1os, que ha reemplazado al uruguayo Diego Forl\u00e1n y al argentino Sergio &#8220;Kun&#8221; Ag\u00fcero en los corazones de la hinchada del Vicente Calder\u00f3n.<\/p>\n<p>&#8220;Esc\u00e1ndalo&#8221;, &#8220;maravilla&#8221;, &#8220;barbaridad&#8221;, &#8220;realmente incre\u00edble&#8221;, &#8220;asombroso&#8221;, &#8220;sencillamente tremendo&#8221;, &#8220;pura dinamita&#8221;, son algunos de los elogios que se repiten en los titulares y cr\u00f3nicas al hablar de\u00a0Falcao.<\/p>\n<p>Messi no marc\u00f3 en el empate (2-2) que arranc\u00f3 el Barcelona en casa del Valencia, pero dio los dos pases de los tantos firmados por Pedro y Cesc.<\/p>\n<p>El brasile\u00f1o Nilmar se ali\u00f3 con su colega de ataque en el Villarreal, el italiano Giuseppe Rossi, para cerrar el 2-0 del Villarreal al Mallorca, primer triunfo liguero del &#8220;submarino amarillo&#8221; esta temporada.<\/p>\n<p>En el duelo sudamericano de t\u00e9cnicos, el chileno Manuel Pellegrini le gan\u00f3 al argentino Marcelo Bielsa. El M\u00e1laga se impuso por un tanto a cero al Athletic de Bilbao, que deambula por las \u00faltimas plazas con un s\u00f3lo punto en cuatro partidos (no se disput\u00f3 la primera jornada por la huelga de los futbolistas).<\/p>\n<p>En Italia (cuarta jornada), el argentino Rodrigo Palacio, de 29 a\u00f1os, fue el art\u00edfice de la victoria del G\u00e9nova sobre el Catania al aportar dos dianas y el pase del tercero al 3-0 final, un \u00e9xito que situ\u00f3 al club al frente de la clasificaci\u00f3n con siete puntos, los mismos que el Juventus y el Udinese<\/p>\n<p>Su compatriota Germ\u00e1n Denis, de 30 a\u00f1os, no quiso ser menos y sentenci\u00f3 con un doblete, el segundo consecutivo, la victoria a domicilio del Atalanta en Lecce (1-2), en un partido que no termin\u00f3 po expulsi\u00f3n el uruguayo Carlos Grossmuller.<\/p>\n<p>El tambi\u00e9n argentino Nicol\u00e1s Bertolo firm\u00f3 el segundo del Palermo en el 3-2 sobre el Cagliari y su compatriota Esteban Cambiasso realiz\u00f3 el del Inter en la derrota ante el modesto Novara que le cost\u00f3 el puesto al entrenador Giampiero Gasperini.<\/p>\n<p>El brasile\u00f1o Hernanes, de pena m\u00e1xima, igual\u00f3 el choque del Lazio con el Cesena, lo que abri\u00f3 la puerta al 1-2 final que vali\u00f3 tres puntos para el equipo de Roma<\/p>\n<p>En Francia (s\u00e9ptima jornada), el colombiano V\u00edctor Hugo Monta\u00f1o hizo dos de los seis tantos que el Rennes, segundo, con 14 puntos, anot\u00f3 en su visita al feudo del Sochaux (2-6)<\/p>\n<p>El chileno Marco Estrada logr\u00f3 uno de los tres tantos del triunfo del Montpellier en Ajaccio (1-3), que le sirvi\u00f3 para asumir el liderato con 16 puntos.<\/p>\n<p>El argentino Fabi\u00e1n Monz\u00f3n anot\u00f3 el tanto del Niza en casa del Par\u00eds Saint-Germain, que se impuso por 2-1, uno de ellos obra del brasile\u00f1o Nene, de penalti cometido sobre el argentino Javier Pastore.<\/p>\n<p>El defensa central brasile\u00f1o Paulao igual\u00f3 en el 89 para el Saint Etienne en el 1-1 con el Toulouse.<\/p>\n<p>En Inglaterra (copa Carling de la Liga), el argentino Fabio Coloccini, de cabeza, envi\u00f3 al Newcastle a la siguiente ronda con un tanto en los minutos finales de la pr\u00f3rroga en el basti\u00f3n del Nottingham (3-4).<\/p>\n<p>Un error del costarricense Bryan Ruiz, del Fulham, en la tanda de penaltis propici\u00f3 el pase del Chelsea a la siguiente ronda, tras el empate sin goles en el tiempo reglamentario.<\/p>\n","protected":false},"excerpt":{"rendered":"<p>Radamel Falcao y V\u00edctor Hugo Monta\u00f1o ti\u00f1eron de color colombiano los goles registrados en la jornada intermedia de las Ligas europeas, en la que tambi\u00e9n brillaron los argentinos Germ\u00e1n Denis y Rodrigo Palacio y el brasile\u00f1o &#8220;Marcelinho&#8221;.<\/p>\n","protected":false},"author":1,"featured_media":11832,"comment_status":"closed","ping_status":"open","sticky":false,"template":"","format":"standard","meta":{"footnotes":""},"categories":[28],"tags":[379,1002,179,7818],"class_list":["post-11837","post","type-post","status-publish","format-standard","has-post-thumbnail","hentry","category-deportes","tag-europa","tag-falcao","tag-futbol-2","tag-montano"],"_links":{"self":[{"href":"https:\/\/diarioelpopular.com\/index.php\/wp-json\/wp\/v2\/posts\/11837","targetHints":{"allow":["GET"]}}],"collection":[{"href":"https:\/\/diarioelpopular.com\/index.php\/wp-json\/wp\/v2\/posts"}],"about":[{"href":"https:\/\/diarioelpopular.com\/index.php\/wp-json\/wp\/v2\/types\/post"}],"author":[{"embeddable":true,"href":"https:\/\/diarioelpopular.com\/index.php\/wp-json\/wp\/v2\/users\/1"}],"replies":[{"embeddable":true,"href":"https:\/\/diarioelpopular.com\/index.php\/wp-json\/wp\/v2\/comments?post=11837"}],"version-history":[{"count":0,"href":"https:\/\/diarioelpopular.com\/index.php\/wp-json\/wp\/v2\/posts\/11837\/revisions"}],"wp:featuredmedia":[{"embeddable":true,"href":"https:\/\/diarioelpopular.com\/index.php\/wp-json\/"}],"wp:attachment":[{"href":"https:\/\/diarioelpopular.com\/index.php\/wp-json\/wp\/v2\/media?parent=11837"}],"wp:term":[{"taxonomy":"category","embeddable":true,"href":"https:\/\/diarioelpopular.com\/index.php\/wp-json\/wp\/v2\/categories?post=11837"},{"taxonomy":"post_tag","embeddable":true,"href":"https:\/\/diarioelpopular.com\/index.php\/wp-json\/wp\/v2\/tags?post=11837"}],"curies":[{"name":"wp","href":"https:\/\/api.w.org\/{rel}","templated":true}]}}