{"id":119037,"date":"2012-01-16T21:43:51","date_gmt":"2012-01-17T02:43:51","guid":{"rendered":"http:\/\/diarioelpopular.com\/?p=119037"},"modified":"2012-01-16T21:43:51","modified_gmt":"2012-01-17T02:43:51","slug":"maradona-jugara-en-la-despedida-de-martin-palermo","status":"publish","type":"post","link":"https:\/\/diarioelpopular.com\/index.php\/2012\/01\/16\/maradona-jugara-en-la-despedida-de-martin-palermo\/","title":{"rendered":"Maradona jugar\u00e1 en la despedida de Mart\u00edn Palermo"},"content":{"rendered":"<div id=\"attachment_119038\" style=\"width: 710px\" class=\"wp-caption aligncenter\"><a href=\"https:\/\/diarioelpopular.com\/wp-content\/uploads\/2012\/01\/Mart\u00edn-Palermo-y-Maradona.jpg\"><img loading=\"lazy\" decoding=\"async\" aria-describedby=\"caption-attachment-119038\" class=\"size-full wp-image-119038\" title=\"Mart\u00edn Palermo y Maradona\" src=\"https:\/\/diarioelpopular.com\/wp-content\/uploads\/2012\/01\/Mart\u00edn-Palermo-y-Maradona.jpg\" alt=\"\" width=\"700\" height=\"420\" \/><\/a><p id=\"caption-attachment-119038\" class=\"wp-caption-text\">Mart\u00edn Palermo y Maradona, durante un partido, en una imagen de archivo<\/p><\/div>\n<p><em><strong>Efe. Buenos Aires.-<\/strong><\/em> El exfutbolista argentino Mart\u00edn Palermo inform\u00f3 este lunes sobre la presencia de Diego Maradona en su partido de despedida, que se disputar\u00e1 el 4 de febrero pr\u00f3ximo en el estadio del Boca Juniors, equipo en el que se retir\u00f3 en junio pasado.<\/p>\n<p>&#8220;Fue una confirmaci\u00f3n sorpresiva y la verdad es que es un lujo que Diego pueda venir&#8221;, asegur\u00f3 Palermo al presentar el encuentro en una rueda de prensa que ofreci\u00f3 en un hotel de Buenos Aires.<\/p>\n<p>El exgoleador precis\u00f3 que Carlos Bianchi y Alfio Basile ser\u00e1n los t\u00e9cnicos de los equipos que se enfrentar\u00e1n en &#8216;La Bombonera&#8217;, por lo que dijo que se imagina &#8220;a Maradona como jugador&#8221; en ese partido.<\/p>\n<p>&#8220;Vi jugadores muy importantes retirarse en el Boca sin que tuvieran una despedida y yo no quiero pasar por la misma situaci\u00f3n&#8221;, destac\u00f3 Palermo, quien se lament\u00f3 de que futbolistas como Lionel Messi, Sergio Ag\u00fcero, Daniel D\u00edaz, Fernando Gago o Rodrigo Palacio no puedan estar presentes por sus compromisos en el f\u00fatbol europeo.<\/p>\n<p>Palermo confirm\u00f3 que la mayor\u00eda de la actual plantilla del Boca Juniors jugar\u00e1 en su despedida, lo mismo que exfutbolistas del equipo como Roberto Abbondanzieri, Diego Cagna y los colombianos \u00d3scar C\u00f3rdoba, Jorge Berm\u00fadez y Mauricio Serna, todos ya retirados de la actividad profesional.<\/p>\n<p>Tambi\u00e9n cit\u00f3 a Juan Sebasti\u00e1n Ver\u00f3n y Ariel Ortega como otros de los que confirmaron su presencia, y, por el contrario, no mencion\u00f3 entre los invitados a Juan Rom\u00e1n Riquelme, con quien estaba enfrentado en su \u00faltima \u00e9poca como futbolista.<\/p>\n<p>Palermo, de 38 a\u00f1os, es el m\u00e1ximo goleador de la historia del Boca, con 235 tantos logrados en competencias oficiales locales e internacionales.<\/p>\n<p>&#8216;El Tit\u00e1n&#8217;, que jug\u00f3 403 partidos con la camiseta &#8216;auriazul&#8217;, tiene adem\u00e1s el r\u00e9cord como m\u00e1ximo anotador en &#8216;La Bombonera&#8217;, con 129 tantos, y la marca como quinto goleador hist\u00f3rico de Argentina en torneos locales oficiales, con 227.<\/p>\n<p>Debut\u00f3 en el Estudiantes de La Plata, pero fue con el Boca Juniors con el que gan\u00f3 catorce t\u00edtulos de campe\u00f3n, seis locales y ocho internacionales.<\/p>\n<p>En Europa visti\u00f3 las camisetas del Villarreal, del Betis y del Alav\u00e9s, todos espa\u00f1oles.<\/p>\n<p>En el Mundial de Sud\u00e1frica 2010, Mart\u00edn Palermo anot\u00f3 un gol para la selecci\u00f3n argentina (contra Grecia).<\/p>\n","protected":false},"excerpt":{"rendered":"<p>El exfutbolista argentino Mart\u00edn Palermo inform\u00f3 este lunes sobre la presencia de Diego Maradona en su partido de despedida, que se disputar\u00e1 el 4 de febrero pr\u00f3ximo en el estadio del Boca Juniors, equipo en el que se retir\u00f3 en junio pasado.<\/p>\n","protected":false},"author":1,"featured_media":119038,"comment_status":"closed","ping_status":"open","sticky":false,"template":"","format":"standard","meta":{"footnotes":""},"categories":[28],"tags":[43,941,179,942,943],"class_list":["post-119037","post","type-post","status-publish","format-standard","has-post-thumbnail","hentry","category-deportes","tag-argentina","tag-boca-juniors","tag-futbol-2","tag-maradona","tag-martin-palermo"],"_links":{"self":[{"href":"https:\/\/diarioelpopular.com\/index.php\/wp-json\/wp\/v2\/posts\/119037","targetHints":{"allow":["GET"]}}],"collection":[{"href":"https:\/\/diarioelpopular.com\/index.php\/wp-json\/wp\/v2\/posts"}],"about":[{"href":"https:\/\/diarioelpopular.com\/index.php\/wp-json\/wp\/v2\/types\/post"}],"author":[{"embeddable":true,"href":"https:\/\/diarioelpopular.com\/index.php\/wp-json\/wp\/v2\/users\/1"}],"replies":[{"embeddable":true,"href":"https:\/\/diarioelpopular.com\/index.php\/wp-json\/wp\/v2\/comments?post=119037"}],"version-history":[{"count":0,"href":"https:\/\/diarioelpopular.com\/index.php\/wp-json\/wp\/v2\/posts\/119037\/revisions"}],"wp:featuredmedia":[{"embeddable":true,"href":"https:\/\/diarioelpopular.com\/index.php\/wp-json\/"}],"wp:attachment":[{"href":"https:\/\/diarioelpopular.com\/index.php\/wp-json\/wp\/v2\/media?parent=119037"}],"wp:term":[{"taxonomy":"category","embeddable":true,"href":"https:\/\/diarioelpopular.com\/index.php\/wp-json\/wp\/v2\/categories?post=119037"},{"taxonomy":"post_tag","embeddable":true,"href":"https:\/\/diarioelpopular.com\/index.php\/wp-json\/wp\/v2\/tags?post=119037"}],"curies":[{"name":"wp","href":"https:\/\/api.w.org\/{rel}","templated":true}]}}