{"id":1211,"date":"2011-06-08T20:57:37","date_gmt":"2011-06-09T00:57:37","guid":{"rendered":"http:\/\/retrolab.ca\/elpopular\/?p=1211"},"modified":"2011-06-08T20:57:37","modified_gmt":"2011-06-09T00:57:37","slug":"fitipaldi-comisario-de-carrera-en-el-gp-de-montreal","status":"publish","type":"post","link":"https:\/\/diarioelpopular.com\/index.php\/2011\/06\/08\/fitipaldi-comisario-de-carrera-en-el-gp-de-montreal\/","title":{"rendered":"Fitipaldi, comisario de carrera en el GP de Montreal"},"content":{"rendered":"<div id=\"attachment_1212\" style=\"width: 304px\" class=\"wp-caption alignright\"><a href=\"http:\/\/retrolab.ca\/elpopular\/wp-content\/uploads\/2011\/06\/fittipaldi_emerson.jpg\"><img loading=\"lazy\" decoding=\"async\" aria-describedby=\"caption-attachment-1212\" class=\"size-full wp-image-1212  \" title=\"Emerson Fitipaldi\" src=\"http:\/\/retrolab.ca\/elpopular\/wp-content\/uploads\/2011\/06\/fittipaldi_emerson.jpg\" alt=\"\" width=\"294\" height=\"176\" \/><\/a><p id=\"caption-attachment-1212\" class=\"wp-caption-text\">Emerson Fitipaldi<\/p><\/div>\n<p>8 jun.- El excampe\u00f3n del mundo de F\u00f3rmula Uno el brasile\u00f1o <a href=\"http:\/\/es.wikipedia.org\/wiki\/Emerson_Fittipaldi\" target=\"_blank\">Emerson Fittipaldi<\/a> ser\u00e1 el comisario de carrera, en representaci\u00f3n de los pilotos, el pr\u00f3ximo domingo en el circuito de Montreal, seg\u00fan anunci\u00f3 este mi\u00e9rcoles la Federaci\u00f3n Internacional de Automovilismo (FIA).<\/p>\n<p>Fittipaldi, de 64 a\u00f1os, aportar\u00e1 su experiencia en la toma de decisiones en los momentos oportunos cuando ocurra alguna incidencia durante la carrera, con lo que repetir\u00e1 la experiencia del a\u00f1o pasado en el mismo circuito.<\/p>\n<p>El excampe\u00f3n brasile\u00f1o, doble campe\u00f3n del mundo y ganador de 14 grandes premios en su carrera, fue, en su momento el m\u00e1s joven campe\u00f3n de F\u00f3rmula Uno en 1972, con el equipo Lotus, a la edad de 25 a\u00f1os y 273 d\u00edas, un r\u00e9cord roto por Fernando Alonso en 2005, Lewis Hamilton en 2008 y ahora en manos de Sebastian Vettel, que gan\u00f3 el t\u00edtulo de pilotos en 2010 a los 23 a\u00f1os y 133 d\u00edas.<\/p>\n<p>El segundo t\u00edtulo mundial lo consigui\u00f3 Emerson Fittipaldi en 1974 con McLaren. Tras su retirada de la F\u00f3rmula Uno sigui\u00f3 compitiendo en Estados Unidos consiguiendo dos victorias de la Indy 500 en 1989 y 1993, y el t\u00edtulo de la Champ Car en 1989. EFE<\/p>\n","protected":false},"excerpt":{"rendered":"<p>El excampe\u00f3n del mundo de F\u00f3rmula Uno el brasile\u00f1o Emerson Fittipaldi ser\u00e1 el comisario de carrera, en representaci\u00f3n de los pilotos, el pr\u00f3ximo domingo en el circuito de Montreal. Aportar\u00e1 su experiencia en la toma de decisiones cuando ocurra alguna incidencia.<\/p>\n","protected":false},"author":1,"featured_media":1212,"comment_status":"closed","ping_status":"open","sticky":false,"template":"","format":"standard","meta":{"footnotes":""},"categories":[28],"tags":[6210,6211,3420,400],"class_list":["post-1211","post","type-post","status-publish","format-standard","has-post-thumbnail","hentry","category-deportes","tag-fitipaldi","tag-formula-1","tag-gp","tag-montreal"],"_links":{"self":[{"href":"https:\/\/diarioelpopular.com\/index.php\/wp-json\/wp\/v2\/posts\/1211","targetHints":{"allow":["GET"]}}],"collection":[{"href":"https:\/\/diarioelpopular.com\/index.php\/wp-json\/wp\/v2\/posts"}],"about":[{"href":"https:\/\/diarioelpopular.com\/index.php\/wp-json\/wp\/v2\/types\/post"}],"author":[{"embeddable":true,"href":"https:\/\/diarioelpopular.com\/index.php\/wp-json\/wp\/v2\/users\/1"}],"replies":[{"embeddable":true,"href":"https:\/\/diarioelpopular.com\/index.php\/wp-json\/wp\/v2\/comments?post=1211"}],"version-history":[{"count":0,"href":"https:\/\/diarioelpopular.com\/index.php\/wp-json\/wp\/v2\/posts\/1211\/revisions"}],"wp:featuredmedia":[{"embeddable":true,"href":"https:\/\/diarioelpopular.com\/index.php\/wp-json\/"}],"wp:attachment":[{"href":"https:\/\/diarioelpopular.com\/index.php\/wp-json\/wp\/v2\/media?parent=1211"}],"wp:term":[{"taxonomy":"category","embeddable":true,"href":"https:\/\/diarioelpopular.com\/index.php\/wp-json\/wp\/v2\/categories?post=1211"},{"taxonomy":"post_tag","embeddable":true,"href":"https:\/\/diarioelpopular.com\/index.php\/wp-json\/wp\/v2\/tags?post=1211"}],"curies":[{"name":"wp","href":"https:\/\/api.w.org\/{rel}","templated":true}]}}