{"id":12353,"date":"2011-09-28T10:34:48","date_gmt":"2011-09-28T14:34:48","guid":{"rendered":"http:\/\/retrolab.ca\/elpopular\/?p=12353"},"modified":"2011-09-28T10:34:48","modified_gmt":"2011-09-28T14:34:48","slug":"notas-del-futbol-hispano-13","status":"publish","type":"post","link":"https:\/\/diarioelpopular.com\/index.php\/2011\/09\/28\/notas-del-futbol-hispano-13\/","title":{"rendered":"Notas del f\u00fatbol hispano"},"content":{"rendered":"<div id=\"attachment_12354\" style=\"width: 310px\" class=\"wp-caption alignright\"><a href=\"http:\/\/retrolab.ca\/elpopular\/wp-content\/uploads\/2011\/09\/FOTO-1-NOTAS1.jpg\"><img loading=\"lazy\" decoding=\"async\" aria-describedby=\"caption-attachment-12354\" class=\"size-medium wp-image-12354\" title=\"Eleazar Garc\u00eda y Librado Morales\" src=\"http:\/\/retrolab.ca\/elpopular\/wp-content\/uploads\/2011\/09\/FOTO-1-NOTAS1-300x211.jpg\" alt=\"\" width=\"300\" height=\"211\" \/><\/a><p id=\"caption-attachment-12354\" class=\"wp-caption-text\">Los jugadores Eleazar Garc\u00eda y Librado Morales, de los equipos Ecuador United y Azteca con muchas oportunidades de campeonar en la Liga Hispana<\/p><\/div>\n<p>Siguen llegando a su fin los torneos veraniegos 2011, la semana anterior concluy\u00f3 el campeonato infantil Copa Diario El Popular en las canchas Remberto Navia, despu\u00e9s vendr\u00e1n dos torneos m\u00e1s y la Liga Hispanoamericana finalizar\u00e1 posiblemente el s\u00e1bado 8 de octubre. Rodrigo anda preocupado porque varios de equipos semifinalistas no han cumplido con tesorer\u00eda de la hispana, entonces a lo mejor quedan fuera de las etapas finales del actual torneo, y quien sabe pasan la queja a la Metropolitan Toronto Soccer Association por sus deudas\u2026<\/p>\n<p>Sa\u00fal Varela, ya viene trabajando con su Liga Centro Sur Original, en la organizaci\u00f3n de d\u00e9cimo quinto torneo invernal con divisiones juveniles, adultos, veteranos, masters y super masters, a partir del s\u00e1bado 29 de octubre en el gimnasio West Humber Colleagiate\u2026<\/p>\n<p>Alberto \u201cpuma\u201d Mat\u00edas, lamentaba que los equipos peruanos desde hace muchos a\u00f1os no clasifican a las semifinales de los torneos hispanos, hace falta m\u00e1s uni\u00f3n entre los dirigentes y futbolistas para levantar a los equipos peruanos tal como suced\u00eda cuando dirig\u00eda a la Asociaci\u00f3n Peruana-Canadiense, comentaba el \u201cpuma\u201d que siempre asiste a los partidos de diferentes ligas: \u201cNo veo a \u201cMotorcito\u201d Guzm\u00e1n ni tampoco a \u201cPaloca\u201d Giuria, por ninguna liga\u201d, agregaba\u2026<\/p>\n<p>Toronto FC cada vez m\u00e1s cerca de quedar fuera de los \u201cplay offs\u201d de la MSL, despu\u00e9s de su reciente goleada de 3-0 ante Chivas USA. Al Toronto FC, tiene alguna posibilidad de avanzar en la Concachampions para salvar la temporada, aunque es dif\u00edcil que Toronto FC avance en este torneo internacional porque los \u201cpumas\u201d campeones mexicanos, ya despertaron y desean clasificar a la pr\u00f3xima ronda de la justa de Norte, Centro y Caribe de Am\u00e9rica\u2026<\/p>\n<div id=\"attachment_12355\" style=\"width: 310px\" class=\"wp-caption alignright\"><a href=\"http:\/\/retrolab.ca\/elpopular\/wp-content\/uploads\/2011\/09\/FOTO-2-NOTAS1.jpg\"><img loading=\"lazy\" decoding=\"async\" aria-describedby=\"caption-attachment-12355\" class=\"size-medium wp-image-12355\" title=\"Joao Plata\" src=\"http:\/\/retrolab.ca\/elpopular\/wp-content\/uploads\/2011\/09\/FOTO-2-NOTAS1-300x169.jpg\" alt=\"\" width=\"300\" height=\"169\" \/><\/a><p id=\"caption-attachment-12355\" class=\"wp-caption-text\">Joao Plata se recupera de una lesi\u00f3n, pero reaparece en breve por Toronto FC, eliminado del torneo MSL<\/p><\/div>\n<p>El joven ecuatoriano Joao Plata, sigue lesionado y por eso no lo ven en la alineaci\u00f3n titular del Toronto FC, a lo mejor vuelve en las primeras semanas de octubre. Del que sabe poco es del juvenil Oscar Cordon, m\u00e1s bien el equipo local siguen trayendo m\u00e1s jugadores pero no pasa nada con ellos\u2026<\/p>\n<p>La selecci\u00f3n canadiense, puntero de su grupo en la primera etapa eliminatoria mundialista de la CONCACAF, tendr\u00e1 dos partidos en breve, primeramente en la fecha FIFA del 7 de octubre, se mide a la isla caribe\u00f1a de San Kitts &amp; Nevis, en calidad de visitante, luego en 11 de octubre en el BMO ante Puerto Rico. Si gana ambos juegos Canad\u00e1, es virtual clasificado la pr\u00f3xima serie de la zona de CONCACAF en donde tendr\u00eda como rivales Honduras y Cuba, de ah\u00ed pasan dos a un hexagonal y luego clasifican los 3 primeros y un medio pasaje a jugar ante una selecci\u00f3n de Ocean\u00eda rumbo al Mundial Brasil 2014\u2026<\/p>\n<div id=\"attachment_12356\" style=\"width: 264px\" class=\"wp-caption alignright\"><a href=\"http:\/\/retrolab.ca\/elpopular\/wp-content\/uploads\/2011\/09\/FOTO-3-NOTAS1.jpg\"><img loading=\"lazy\" decoding=\"async\" aria-describedby=\"caption-attachment-12356\" class=\"size-medium wp-image-12356\" title=\"Napier Macpersons\" src=\"http:\/\/retrolab.ca\/elpopular\/wp-content\/uploads\/2011\/09\/FOTO-3-NOTAS1-254x300.jpg\" alt=\"\" width=\"254\" height=\"300\" \/><\/a><p id=\"caption-attachment-12356\" class=\"wp-caption-text\">El r\u00e9feri Napier Macpersons, de buena labor en los partidos de Copa Diario El Popular<\/p><\/div>\n<p>El calendario oficial de la Confederaci\u00f3n Sudamericana para las eliminatorias mundialistas Brasil 2014 se encuentra a la vuelta de la esquina, en las dos primeras fechas son los siguientes: primera jornada viernes 7 de octubre: URUGUAY vs. BOLIVIA; ECUADOR vs. VENEZUELA; ARGENTINA vs. CHILE y PER\u00da vs. PARAGUAY. Segunda fecha, martes 11 de octubre: BOLIVIA vs. COLOMBIA; CHILE vs. PER\u00da; PARAGUAY vs. URUGUAY y VENEZUELA vs. ARGENTINA. Los primeros equipos mencionados son locales\u2026<\/p>\n<p>Oscar Tab\u00e1rez, t\u00e9cnico de la selecci\u00f3n uruguaya, afirm\u00f3 que le sorprendi\u00f3 el cuarto puesto del equipo charr\u00faa. Tambi\u00e9n anticip\u00f3 que estas eliminatorias ser\u00e1n muy complicadas. \u2018Lo estoy mirando todos los d\u00edas para ver si es cierto\u2019, dijo el entrenador uruguayo, al saber que la selecci\u00f3n que dirige es cuarto del mundo. \u2018Lo del sexto puesto lo hab\u00edan anunciado desde antes, en la Copa Am\u00e9rica, pero esto me tom\u00f3 por sorpresa. Me produjo una emoci\u00f3n grande\u2019. Luego afirm\u00f3 que esta eliminatoria va ser complicada. \u2018Es la Eliminatoria m\u00e1s dif\u00edcil del mundo, sobre todo para los rioplatenses, porque nos obliga a jugar en lugares donde no tenemos m\u00ednimas posibilidades de adaptaci\u00f3n\u2019\u2026<\/p>\n<div id=\"attachment_12357\" style=\"width: 310px\" class=\"wp-caption alignright\"><a href=\"http:\/\/retrolab.ca\/elpopular\/wp-content\/uploads\/2011\/09\/FOTO-4-NOTAS.jpg\"><img loading=\"lazy\" decoding=\"async\" aria-describedby=\"caption-attachment-12357\" class=\"size-medium wp-image-12357\" title=\"Azteca y Copihues Rojos\" src=\"http:\/\/retrolab.ca\/elpopular\/wp-content\/uploads\/2011\/09\/FOTO-4-NOTAS-300x217.jpg\" alt=\"\" width=\"300\" height=\"217\" \/><\/a><p id=\"caption-attachment-12357\" class=\"wp-caption-text\">Jugadores de Azteca y Copihues Rojos, en un partido del regular igualado a dos goles por lado, ahora jugar\u00e1n una de las semifinales de la Liga Hispana<\/p><\/div>\n<p>El t\u00e9cnico de la selecci\u00f3n peruana de f\u00fatbol, Sergio Markari\u00e1n, no ocult\u00f3 su preocupaci\u00f3n por los partidos de las Eliminatorias al Mundial Brasil 2014, especialmente por el cronograma de los encuentros que, seg\u00fan su parecer, no favorece a Per\u00fa. \u201cNo voy hablar de los rivales. Los tres son buenos. El problema es que tenemos un fixture muy feo. Quisimos que se sorteara de nuevo, quer\u00edamos un calendario m\u00e1s justo, pero no se pudo. En esta eliminatoria, para Per\u00fa todo es dif\u00edcil\u201d, indic\u00f3 a la prensa. No obstante, el \u2018Mago\u2019 no le huye a nada y afirma que cada partido tendr\u00e1 que pelearse como una final. \u201cLa eliminatoria es el torneo m\u00e1s dif\u00edcil, tenemos tres partidos muy dif\u00edciles por delante. Quiero jugar cada partido a muerte y ganar los puntos que pueda\u201d, agreg\u00f3. Finalmente, el DT de la blanquirroja resalt\u00f3 la importancia de que tanto los jugadores como los hinchas deben evitar sentirse en las nubes por el tercer puesto en la Copa Am\u00e9rica. \u201cA nuestra gente hay que pedirles que ponga los pies sobre la tierra. Las cuatro primeras fechas del fixture es complejo. Para la quinta fecha, si se da la l\u00f3gica, nuestra posici\u00f3n podr\u00eda ser triste. Por eso hay que estar juntos y unidos\u201d, precis\u00f3\u2026<\/p>\n<div id=\"attachment_12358\" style=\"width: 310px\" class=\"wp-caption alignright\"><a href=\"http:\/\/retrolab.ca\/elpopular\/wp-content\/uploads\/2011\/09\/FOTO-5-NOTAS1.jpg\"><img loading=\"lazy\" decoding=\"async\" aria-describedby=\"caption-attachment-12358\" class=\"size-medium wp-image-12358\" title=\"Pichincha\" src=\"http:\/\/retrolab.ca\/elpopular\/wp-content\/uploads\/2011\/09\/FOTO-5-NOTAS1-300x151.jpg\" alt=\"\" width=\"300\" height=\"151\" \/><\/a><p id=\"caption-attachment-12358\" class=\"wp-caption-text\">Pichincha, por su buen cierre de campa\u00f1a, jugar\u00e1 la Copa Consuelo ante el equipo Santa Lucia<\/p><\/div>\n<p>El entrenador de la selecci\u00f3n de Bolivia, el argentino Gustavo Quinteros, admiti\u00f3 que intenta convencer al uruguayo William Ferreira para que juegue por el equipo boliviano. Ferreira, que juega desde hace varias temporadas en el Bol\u00edvar, es el m\u00e1ximo goleador de la liga local, superando a\u00f1o tras a\u00f1o sus marcas. Sin chances en la selecci\u00f3n uruguaya, Quinteros busca convencerlo para que juegue por Bolivia, que debutar\u00e1 en la Eliminatoria ante Uruguay el siete de octubre en el Centenario. &#8220;A William yo lo conozco muy bien porque yo soy el que lo trajo a jugar a Bolivia. Le cost\u00f3 un mes y medio adaptarse a la altura y ese mismo a\u00f1o sali\u00f3 goleador. Desde entonces hace m\u00e1s de 30 goles todos los a\u00f1os&#8221;, comenz\u00f3 Quinteros, entrevistado por Radio 1010. &#8220;Es un gran profesional, una gran persona y un jugador muy bueno. Adentro del \u00e1rea no te perdona&#8221;, sigui\u00f3. Sobre sus chances por jugar por Bolivia, dijo que la decisi\u00f3n depende ahora del jugador. &#8220;A m\u00ed me gustar\u00eda mucho tenerlo en la selecci\u00f3n. Tenemos que ver c\u00f3mo est\u00e1 la situaci\u00f3n de \u00e9l, porque jug\u00f3 por Uruguay en juveniles. Yo habl\u00e9 dos o tres veces con William y le hice saber de mi inter\u00e9s. Ahora le di la pelota para que la tenga \u00e9l. La decisi\u00f3n depende de \u00e9l&#8221;, asegur\u00f3\u2026<\/p>\n<div id=\"attachment_12359\" style=\"width: 310px\" class=\"wp-caption alignright\"><a href=\"http:\/\/retrolab.ca\/elpopular\/wp-content\/uploads\/2011\/09\/FOTO-6-NOTAS1.jpg\"><img loading=\"lazy\" decoding=\"async\" aria-describedby=\"caption-attachment-12359\" class=\"size-medium wp-image-12359\" title=\"Andr\u00e9s Arango\" src=\"http:\/\/retrolab.ca\/elpopular\/wp-content\/uploads\/2011\/09\/FOTO-6-NOTAS1-300x199.jpg\" alt=\"\" width=\"300\" height=\"199\" \/><\/a><p id=\"caption-attachment-12359\" class=\"wp-caption-text\">Andr\u00e9s Arango, zaguero del FC Tampa, clasificado a los play offs de la NASL, la segunda divisi\u00f3n de la MSL<\/p><\/div>\n<p>Sir Alex Ferguson, entrenador del Manchester United, asegur\u00f3 que el poder de la televisi\u00f3n sobre el futbol ingl\u00e9s es excesivo y que el calendario de la Premier League se fija a placer de las cadenas. &#8220;Es rid\u00edculo jugar el mi\u00e9rcoles por la noche en Europa y luego el siguiente s\u00e1bado al medio d\u00eda. Ning\u00fan entrenador al que le preguntes dir\u00eda que s\u00ed a esto&#8221;. &#8220;Cuando haces tratos con el diablo hay que pagar el precio. Ellos (las televisoras) pueden elegir las fechas en las que quieren que los equipos grandes est\u00e9n en televisi\u00f3n. Adem\u00e1s, el t\u00e9cnico escoc\u00e9s dijo que, dado que la Premier se exporta a m\u00e1s de 200 pa\u00edses, la cifra que paga la televisi\u00f3n por los derechos de transmitir los partidos en vivo es insuficiente. &#8220;Cuando piensas en eso, yo no creo que recibamos suficiente dinero&#8221;, a\u00f1adi\u00f3. El \u00faltimo contrato de televisi\u00f3n firmado le ha dejado a la Liga ganancias del alrededor de 3.5 billones de libras, dicho acuerdo terminar\u00e1 a finales de la Temporada 2012-2013. De esta cantidad, 2.1 billones son por venta dom\u00e9stica de derechos, mientras 1.8 provienen del mercado internacional. Ante las cr\u00edticas de Ferguson, el ex Director Ejecutivo de la FA y administrador de deportes de la cadena brit\u00e1nica ITV, Brian Barwick, afirm\u00f3 que el club de Old Trafford siempre ha sido favorecido por los convenios televisivos, e incluso dijo que gracias a ellos pudieron construirse un estadio y contratar a varias figuras. &#8220;Los comentarios de Sir Alex siempre deben tomarse en serio, \u00e9l es un hombre sabio y experimentado en el futbol. Pero esta vez, creo que el Manchester ha gozado durante cierto tiempo de una porci\u00f3n importante de las ganancias de televisi\u00f3n, la cual a su vez les ayud\u00f3 a construir un estadio fant\u00e1stico en Old Trafford y formar un equipo de estrellas&#8221;, sentenci\u00f3 el ahora profesor de universidad\u2026<\/p>\n<div id=\"attachment_12360\" style=\"width: 310px\" class=\"wp-caption alignright\"><a href=\"http:\/\/retrolab.ca\/elpopular\/wp-content\/uploads\/2011\/09\/FOTO-7-NOTAS1.jpg\"><img loading=\"lazy\" decoding=\"async\" aria-describedby=\"caption-attachment-12360\" class=\"size-medium wp-image-12360\" title=\"Juan M\u00e1rquez\" src=\"http:\/\/retrolab.ca\/elpopular\/wp-content\/uploads\/2011\/09\/FOTO-7-NOTAS1-300x296.jpg\" alt=\"\" width=\"300\" height=\"296\" \/><\/a><p id=\"caption-attachment-12360\" class=\"wp-caption-text\">Juan M\u00e1rquez, jugador de gran rendimiento en Copihues Rojos<\/p><\/div>\n<p>Romario declar\u00f3 que se considera mejor que el argentino Diego Maradona, y deplor\u00f3 la ley, apoyada por la presidenta Dilma Rousseff, que establece los criterios para las licitaciones de cara a la Copa del Mundo de 2014. Al ser consultado sobre cu\u00e1les son los mayores jugadores de la historia del mundo Romario respondi\u00f3 &#8220;Pel\u00e9, Romario y Maradona&#8221; y luego, entre sonrisas, agreg\u00f3 &#8220;lo salt\u00e9 a Maradona, \u00e9l no hizo nada, quien hizo fui yo&#8221;. Lo afirm\u00f3 en una entrevista al canal de televisi\u00f3n del sitio UOL, cuya versi\u00f3n completa ser\u00e1 emitida esta semana, y en la que tambi\u00e9n habl\u00f3 de los &#8220;travecas&#8221; (apodo de travestis) que mantuvieron un encuentro con Ronaldo a\u00f1os atr\u00e1s en un motel de Rio de Janeiro\u2026<\/p>\n<p>El presidente del Santos, Luis \u00c1lvaro Ribeiro, afirma que mantener a Neymar en el club \u201ces de inter\u00e9s nacional\u201d. De hecho, el dirigente incluso avanz\u00f3 que est\u00e1 buscando nuevos patrocinadores con los que poder contar con el futbolista, al menos, hasta el 2013. El m\u00e1ximo responsable del Santos neg\u00f3 que Neymar sea ya jugador del Real Madrid. De todas formas, s\u00ed confes\u00f3 que \u201cexisten indicios de que el club espa\u00f1ol hizo una jugada bonita\u201d. La jugada bonita se refiere al acuerdo que tendr\u00eda cerrado el club blanco con el entorno del futbolista para que jugase en el Santiago Bernab\u00e9u tras los Juegos Ol\u00edmpicos de Londres de 2012 y tras el centenario del club `peixe\u00bf: \u201cEl partido est\u00e1 cero a cero, no termin\u00f3, porque Neymar sigue en el equipo\u201d, coment\u00f3 el presidente del club. El empe\u00f1o por mantener al jugador es tal que Ribeiro ya ha hablado con Dilma Roussef, presidenta de Brasil, para pedirle ayuda con el fin de retener al futbolista y no tener que venderle al Real Madrid ni a cualquier otro club europeo. \u201cSi con 19 a\u00f1os ya vale millones, en poco tiempo, tras el Mundial de Clus y los Juegos Ol\u00edmpicos, su precio aumentar\u00e1\u201d, admite Ribeiro, cuyo inter\u00e9s parece m\u00e1s econ\u00f3mico que no futbol\u00edstico\u2026<\/p>\n<div id=\"attachment_12361\" style=\"width: 235px\" class=\"wp-caption alignright\"><a href=\"http:\/\/retrolab.ca\/elpopular\/wp-content\/uploads\/2011\/09\/FOTO-8-NOTAS1.jpg\"><img loading=\"lazy\" decoding=\"async\" aria-describedby=\"caption-attachment-12361\" class=\"size-medium wp-image-12361\" title=\"Rodrigo Ponce\" src=\"http:\/\/retrolab.ca\/elpopular\/wp-content\/uploads\/2011\/09\/FOTO-8-NOTAS1-225x300.jpg\" alt=\"\" width=\"225\" height=\"300\" \/><\/a><p id=\"caption-attachment-12361\" class=\"wp-caption-text\">Rodrigo Ponce, dirigente de la liga hispana, casi tiene lista la programaci\u00f3n de semis y la final de la liga hispana<\/p><\/div>\n<p>El delantero del Barcelona David Villa cree que si su compa\u00f1ero Leo Messi es el mejor del mundo, &#8220;en parte es por jugadores como Xavi&#8221;, a quien considera &#8220;el mejor futbolista que hay en su posici\u00f3n&#8221; Sin embargo, el &#8216;Guaje&#8217; ve l\u00f3gico que el &#8216;crack&#8217; argentino acapare todas las portadas: &#8220;Es normal, porque es el mejor del mundo. Est\u00e1 haciendo cosas incre\u00edbles, cada d\u00eda sorprende con un nuevo r\u00e9cord en el que se bate a s\u00ed mismo. Hoy en d\u00eda no se puede comparar con nadie y todos estamos encantados de verle cada d\u00eda con esta camiseta&#8221;. &#8220;Feliz&#8221; en el Bar\u00e7a y &#8220;con la ilusi\u00f3n&#8221; de seguir en el club catal\u00e1n &#8220;durante mucho tiempo&#8221;, Villa ha reconoce que con la llegada de Cesc F\u00e0bregas y Alexis S\u00e1nchez le costar\u00e1 aun m\u00e1s mantener su estatus en el equipo. &#8220;Aqu\u00ed hay 15 \u00f3 16 jugadores que no est\u00e1n acostumbrados a ser suplentes, jugadores con unas condiciones incre\u00edbles, muchos m\u00e1s de los que permite el once inicial. Pero lo importante es que, cuando te toque salir, hagas lo m\u00e1ximo posible para el que se beneficie sea el equipo&#8221;, ha argumentado\u2026<\/p>\n<p>Los centrocampistas Mario Bolatti, Pablo Gui\u00f1az\u00fa, Andr\u00e9s D&#8217;Alessandro y Walter Montillo, que militan en el f\u00fatbol brasile\u00f1o, fueron convocados por el seleccionador argentino, Alejandro Sabella, para la revancha del &#8220;Supercl\u00e1sico de las Am\u00e9ricas&#8221; entre Brasil y Argentina. El encuentro entre las dos m\u00e1ximas potencias futbol\u00edsticas de Suram\u00e9rica se jugar\u00e1n hoy mi\u00e9rcoles en la ciudad brasile\u00f1a de Bel\u00e9m. El partido de ida, disputado hace diez d\u00edas en la ciudad argentina de C\u00f3rdoba, termin\u00f3 empatado sin goles\u2026<\/p>\n<p>Dwayne De Rosario, mediocampista de D.C. United fue escogido como el Jugador de la Semana de la Major League Soccer de la jornada 28 por el North American Soccer Reporters (NASR) despu\u00e9s de anotar el \u2018hat-trick\u2019 m\u00e1s r\u00e1pido en la historia de MLS y dar una asistencia en la victoria de su equipo de 4-1 sobre Real Salt Lake. De Rosario solo necesit\u00f3 31 minutos para anotar tres goles y contribuir una impresionante asistencia, mientras que D.C. United obtuvo una esencial victoria como local en el camino a los Playoffs. El jugador canadiense tambi\u00e9n se impuso como el m\u00e1ximo goleador en la liga con 13 goles esta temporada. Desde que se uni\u00f3 a D.C. United a los comienzos de julio, De Rosario ha disfrutado un incre\u00edble rendimiento, anotando diez goles y sumando seis asistencias. De Rosario recibi\u00f3 13 de los 16 votos para el primer puesto para obtener su tercer galard\u00f3n del Jugador de la Semana como miembro del D.C. United, previamente habiendo sido galardonado en la jornada 20 y 21. Los jugadores de D.C. United \u00faltimamente han dominado el galard\u00f3n del Jugador de la Semana, habiendo ganado el galard\u00f3n en cinco de las \u00faltimas ocho jornadas\u2026<\/p>\n<p>Ahora que finaliz\u00f3 el torneo de los ni\u00f1os, Ignacio Pisco, tendr\u00e1 tiempo para dirigir en diversas ligas de la ciudad, al igual que su colega Walter Ingles, quien hace tiempo no arbitran en los campeonatos hispanos\u2026<\/p>\n<p>En cambio, Carlitos Navia se va de vacaciones a Ecuador, al lado de su familia, y retornar\u00e1 d\u00edas antes de comenzar la nueva temporada invernal de Copa Diario El Popular, en la primera semana de noviembre con record de equipos participantes\u2026.<\/p>\n<p>Hasta la pr\u00f3xima\u2026<\/p>\n","protected":false},"excerpt":{"rendered":"<p>Siguen llegando a su fin los torneos veraniegos 2011, la semana anterior concluy\u00f3 el campeonato infantil Copa Diario El Popular en las canchas Remberto Navia,&hellip;<\/p>\n","protected":false},"author":1,"featured_media":12376,"comment_status":"closed","ping_status":"open","sticky":false,"template":"","format":"standard","meta":{"footnotes":""},"categories":[28],"tags":[657],"class_list":["post-12353","post","type-post","status-publish","format-standard","has-post-thumbnail","hentry","category-deportes","tag-futbol-hispano"],"_links":{"self":[{"href":"https:\/\/diarioelpopular.com\/index.php\/wp-json\/wp\/v2\/posts\/12353","targetHints":{"allow":["GET"]}}],"collection":[{"href":"https:\/\/diarioelpopular.com\/index.php\/wp-json\/wp\/v2\/posts"}],"about":[{"href":"https:\/\/diarioelpopular.com\/index.php\/wp-json\/wp\/v2\/types\/post"}],"author":[{"embeddable":true,"href":"https:\/\/diarioelpopular.com\/index.php\/wp-json\/wp\/v2\/users\/1"}],"replies":[{"embeddable":true,"href":"https:\/\/diarioelpopular.com\/index.php\/wp-json\/wp\/v2\/comments?post=12353"}],"version-history":[{"count":0,"href":"https:\/\/diarioelpopular.com\/index.php\/wp-json\/wp\/v2\/posts\/12353\/revisions"}],"wp:featuredmedia":[{"embeddable":true,"href":"https:\/\/diarioelpopular.com\/index.php\/wp-json\/"}],"wp:attachment":[{"href":"https:\/\/diarioelpopular.com\/index.php\/wp-json\/wp\/v2\/media?parent=12353"}],"wp:term":[{"taxonomy":"category","embeddable":true,"href":"https:\/\/diarioelpopular.com\/index.php\/wp-json\/wp\/v2\/categories?post=12353"},{"taxonomy":"post_tag","embeddable":true,"href":"https:\/\/diarioelpopular.com\/index.php\/wp-json\/wp\/v2\/tags?post=12353"}],"curies":[{"name":"wp","href":"https:\/\/api.w.org\/{rel}","templated":true}]}}