{"id":1238,"date":"2011-06-09T00:53:14","date_gmt":"2011-06-09T04:53:14","guid":{"rendered":"http:\/\/retrolab.ca\/elpopular\/?p=1238"},"modified":"2011-06-09T00:53:14","modified_gmt":"2011-06-09T04:53:14","slug":"las-farc-secuestran-a-4-extranjeros-en-el-sur-de-colombia","status":"publish","type":"post","link":"https:\/\/diarioelpopular.com\/index.php\/2011\/06\/09\/las-farc-secuestran-a-4-extranjeros-en-el-sur-de-colombia\/","title":{"rendered":"Las FARC secuestran a cuatro extranjeros"},"content":{"rendered":"<div id=\"attachment_1239\" style=\"width: 262px\" class=\"wp-caption alignright\"><a href=\"http:\/\/retrolab.ca\/elpopular\/wp-content\/uploads\/2011\/06\/farc.jpg\"><img loading=\"lazy\" decoding=\"async\" aria-describedby=\"caption-attachment-1239\" class=\"size-full wp-image-1239  \" title=\"farc\" src=\"http:\/\/retrolab.ca\/elpopular\/wp-content\/uploads\/2011\/06\/farc.jpg\" alt=\"\" width=\"252\" height=\"151\" \/><\/a><p id=\"caption-attachment-1239\" class=\"wp-caption-text\">Miembros de las FARC<\/p><\/div>\n<p>Bogot\u00e1, 8 jun.- Cuatro\u00a0ciudadanos\u00a0extranjeros, tres de ellos de nacionalidad china y vinculados con una compa\u00f1\u00eda petrolera, fueron secuestrados por presuntos guerrilleros de las FARC\u00a0en el departamento colombiano de Caquet\u00e1 (sur), inform\u00f3 a Efe una fuente policial.<\/p>\n<p>El plagio ocurri\u00f3 cuando los trabajadores de la compa\u00f1\u00eda petrolera Emerald Energy se movilizaban en una camioneta en las sure\u00f1as localidades de San Vicente del Cagu\u00e1n y Los Pozos, agreg\u00f3 la fuente.<\/p>\n<p>El secretario de Gobierno de Caquet\u00e1, Edilberto Ram\u00f3n Endo, se\u00f1al\u00f3 a periodistas que el secuestro fue perpetrado por guerrilleros de la columna m\u00f3vil &#8220;Te\u00f3filo Forero&#8221;, de las Fuerzas Armadas Revolucionarias de\u00a0Colombia\u00a0(FARC).<\/p>\n<p>Seg\u00fan la p\u00e1gina electr\u00f3nica del diario &#8220;El Tiempo&#8221;, la Gobernaci\u00f3n de Caquet\u00e1 inform\u00f3 que los\u00a0ciudadanos\u00a0chinos secuestrados fueron identificados como Zhau Hong, Yang Jing y Tang Guo Fu.<\/p>\n<p>El cuarto extranjero es el traductor de los chinos, pero no se ha indicado ni su nombre ni su nacionalidad.<\/p>\n<p>En marzo pasado, las\u00a0FARC\u00a0secuestraron a 23 empleados colombianos subcontratados por la petrolera canadiense Talisman, en hechos registrados en el departamento de Vichada, fronterizo con Venezuela.<\/p>\n<p>D\u00edas despu\u00e9s y ante la presi\u00f3n de las Fuerzas Militares, 22 de los 23 secuestrados fueron dejados en libertad. EFE<\/p>\n","protected":false},"excerpt":{"rendered":"<p>Cuatro ciudadanos extranjeros, tres de ellos de nacionalidad china y vinculados con una compa\u00f1\u00eda petrolera, fueron secuestrados por presuntos guerrilleros de las FARC en el departamento colombiano de Caquet\u00e1 (sur).<\/p>\n","protected":false},"author":1,"featured_media":1239,"comment_status":"closed","ping_status":"open","sticky":false,"template":"","format":"standard","meta":{"footnotes":""},"categories":[24],"tags":[486,580,1781],"class_list":["post-1238","post","type-post","status-publish","format-standard","has-post-thumbnail","hentry","category-mundo","tag-colombia","tag-farc","tag-secuestro"],"_links":{"self":[{"href":"https:\/\/diarioelpopular.com\/index.php\/wp-json\/wp\/v2\/posts\/1238","targetHints":{"allow":["GET"]}}],"collection":[{"href":"https:\/\/diarioelpopular.com\/index.php\/wp-json\/wp\/v2\/posts"}],"about":[{"href":"https:\/\/diarioelpopular.com\/index.php\/wp-json\/wp\/v2\/types\/post"}],"author":[{"embeddable":true,"href":"https:\/\/diarioelpopular.com\/index.php\/wp-json\/wp\/v2\/users\/1"}],"replies":[{"embeddable":true,"href":"https:\/\/diarioelpopular.com\/index.php\/wp-json\/wp\/v2\/comments?post=1238"}],"version-history":[{"count":0,"href":"https:\/\/diarioelpopular.com\/index.php\/wp-json\/wp\/v2\/posts\/1238\/revisions"}],"wp:featuredmedia":[{"embeddable":true,"href":"https:\/\/diarioelpopular.com\/index.php\/wp-json\/"}],"wp:attachment":[{"href":"https:\/\/diarioelpopular.com\/index.php\/wp-json\/wp\/v2\/media?parent=1238"}],"wp:term":[{"taxonomy":"category","embeddable":true,"href":"https:\/\/diarioelpopular.com\/index.php\/wp-json\/wp\/v2\/categories?post=1238"},{"taxonomy":"post_tag","embeddable":true,"href":"https:\/\/diarioelpopular.com\/index.php\/wp-json\/wp\/v2\/tags?post=1238"}],"curies":[{"name":"wp","href":"https:\/\/api.w.org\/{rel}","templated":true}]}}