{"id":12754,"date":"2011-10-02T20:31:55","date_gmt":"2011-10-03T00:31:55","guid":{"rendered":"http:\/\/retrolab.ca\/elpopular\/?p=12754"},"modified":"2011-10-02T20:31:55","modified_gmt":"2011-10-03T00:31:55","slug":"enrique-morente-encandila-a-vancouver","status":"publish","type":"post","link":"https:\/\/diarioelpopular.com\/index.php\/2011\/10\/02\/enrique-morente-encandila-a-vancouver\/","title":{"rendered":"Enrique Morente encandila a Vancouver"},"content":{"rendered":"<div id=\"attachment_12755\" style=\"width: 710px\" class=\"wp-caption aligncenter\"><a href=\"http:\/\/retrolab.ca\/elpopular\/wp-content\/uploads\/2011\/10\/Morente.jpeg\"><img loading=\"lazy\" decoding=\"async\" aria-describedby=\"caption-attachment-12755\" class=\"size-full wp-image-12755\" title=\"Morente\" src=\"http:\/\/retrolab.ca\/elpopular\/wp-content\/uploads\/2011\/10\/Morente.jpeg\" alt=\"\" width=\"700\" height=\"420\" \/><\/a><p id=\"caption-attachment-12755\" class=\"wp-caption-text\">El documental del cantaor Enrique Morente sigue los \u00faltimos pasos del m\u00fasico antes de que fuera ingresado en una cl\u00ednica para tratar el c\u00e1ncer de es\u00f3fago que padec\u00eda<\/p><\/div>\n<p><em><strong>N\u00faria Mel\u00e9ndez, Vancouver.-<\/strong><\/em> Rara vez m\u00e1s de la mitad de los espectadores se quedan hasta el final de los t\u00edtulos de una pel\u00edcula, cuando las luces iluminan los rostros y los acomodadores abren las puertas para que poco a poco se vac\u00ede la sala. El documental <em>Morente, <\/em>proyectado este fin de semana en el <a href=\"http:\/\/www.viff.org\/\" target=\"_blank\">Festival Internacional de Cine de Vancouver<\/a> (VIFF), no solo consigui\u00f3 eso tras una larga ovaci\u00f3n, sino logr\u00f3 que la gente se animara a dar palmas para seguir el ritmo de la canci\u00f3n del cantaor Enrique Morente que acompa\u00f1a los t\u00edtulos de este largometraje, dirigido y escrito por Emilio Ruiz Barrachina.<\/p>\n<p>A pesar de que el trabajo deb\u00eda ser lanzado junto con un nuevo disco titulado <em>El barbero de Picasso,<\/em> en el que Enrique Morente homenajeaba al pintor malague\u00f1o, la inesperada muerte del cantaor en diciembre del a\u00f1o pasado convirti\u00f3 al documental de Barrachina en un homenaje al propio Morente y a su legado a la m\u00fasica espa\u00f1ola.<\/p>\n<p>En un tono familiar, acurado y humilde, Morente narra su contribuci\u00f3n al flamenco y c\u00f3mo consigui\u00f3 sin buscarlo convertirse en una de las figuras m\u00e1s representativas del g\u00e9nero, gracias a las fusiones con otros estilos. El documental sigue los \u00faltimos conciertos del artista, donde interpret\u00f3 las canciones basadas en la vida y la obra de Picasso, as\u00ed como tambi\u00e9n muestra las reflexiones del cantaor sobre c\u00f3mo se inspir\u00f3 para poder trasladar a las palabras y al cante los poemas y los cuadros de Picasso, como el <em>Guernica.<\/em><\/p>\n<p>Una reacci\u00f3n totalmente opuesta a <em>Morente<\/em> obtuvo la pel\u00edcula mexicana <em>El Velador,<\/em> donde el p\u00fablico empez\u00f3 a abandonar la sala antes de que terminara el documental dirigido por Natalia Almada, en el que toda la acci\u00f3n sucede en un cementerio de M\u00e9xico. Sin apenas di\u00e1logo, este largometraje ense\u00f1a c\u00f3mo es el d\u00eda a d\u00eda del velador, la persona encargada de vigilar las tumbas del camposanto de Culiacan, donde yacen en majestuosos mausoleos los cuerpos de los cabecillas m\u00e1s importantes del narcotr\u00e1fico.<\/p>\n<p>Durante el primer fin de semana del VIFF tambi\u00e9n se proyect\u00f3 el largometraje <em>Abrir puertas y ventanas,<\/em> debut de Milagros Mumenthaler, donde tres hermanas cuyos padres fallecieron en un accidente deben enfrentarse a la muerte de su abuela y aprender a vivir por s\u00ed mismas.<\/p>\n<p>Otro filme en el que la muerte est\u00e1 presente es <em>Amador,<\/em> de Fernando Le\u00f3n de Aranoa. Con dosis de humor negro que ayudan a digerir el drama, el largometraje cuenta la resignaci\u00f3n de una inmigrante en Madrid que justo el d\u00eda en que iba a dejar a su novio descubre que est\u00e1 embarazada y se ve obligada a quedarse y a trabajar cuidando de un anciano.<\/p>\n<p>La programaci\u00f3n del Festival Internacional de Cine de Vancouver incluye m\u00e1s de 350 pel\u00edculas que se proyectar\u00e1n en la ciudad hasta el viernes 14 de octubre. Durante la pr\u00f3xima semana se podr\u00e1 ver <em>El Bulli: Cooking in Progress,<\/em> el documental sobre el restaurante del cocinero Ferran Adri\u00e0; y la pel\u00edcula<em> Las Acacias,<\/em> que ante la demanda del p\u00fablico se ha a\u00f1adido un pase m\u00e1s para el mi\u00e9rcoles 5 a las 8:45 de la noche.<\/p>\n","protected":false},"excerpt":{"rendered":"<p>El Festival Internacional de Cine de Vancouver, VIFF, proyect\u00f3 en su primer fin de semana el documental \u2018Morente\u2019, y el filme argentino \u2018Abrir puertas y ventanas\u2019, entre otras pel\u00edculas hispanas.<\/p>\n","protected":false},"author":1,"featured_media":12755,"comment_status":"closed","ping_status":"open","sticky":false,"template":"","format":"standard","meta":{"footnotes":""},"categories":[80],"tags":[7997,463,7998],"class_list":["post-12754","post","type-post","status-publish","format-standard","has-post-thumbnail","hentry","category-cine-2","tag-morente","tag-vancouver","tag-viff"],"_links":{"self":[{"href":"https:\/\/diarioelpopular.com\/index.php\/wp-json\/wp\/v2\/posts\/12754","targetHints":{"allow":["GET"]}}],"collection":[{"href":"https:\/\/diarioelpopular.com\/index.php\/wp-json\/wp\/v2\/posts"}],"about":[{"href":"https:\/\/diarioelpopular.com\/index.php\/wp-json\/wp\/v2\/types\/post"}],"author":[{"embeddable":true,"href":"https:\/\/diarioelpopular.com\/index.php\/wp-json\/wp\/v2\/users\/1"}],"replies":[{"embeddable":true,"href":"https:\/\/diarioelpopular.com\/index.php\/wp-json\/wp\/v2\/comments?post=12754"}],"version-history":[{"count":0,"href":"https:\/\/diarioelpopular.com\/index.php\/wp-json\/wp\/v2\/posts\/12754\/revisions"}],"wp:featuredmedia":[{"embeddable":true,"href":"https:\/\/diarioelpopular.com\/index.php\/wp-json\/"}],"wp:attachment":[{"href":"https:\/\/diarioelpopular.com\/index.php\/wp-json\/wp\/v2\/media?parent=12754"}],"wp:term":[{"taxonomy":"category","embeddable":true,"href":"https:\/\/diarioelpopular.com\/index.php\/wp-json\/wp\/v2\/categories?post=12754"},{"taxonomy":"post_tag","embeddable":true,"href":"https:\/\/diarioelpopular.com\/index.php\/wp-json\/wp\/v2\/tags?post=12754"}],"curies":[{"name":"wp","href":"https:\/\/api.w.org\/{rel}","templated":true}]}}