{"id":130616,"date":"2012-01-18T10:31:36","date_gmt":"2012-01-18T15:31:36","guid":{"rendered":"http:\/\/diarioelpopular.com\/?p=130616"},"modified":"2012-01-18T10:31:36","modified_gmt":"2012-01-18T15:31:36","slug":"notas-del-futbol-hispano-26","status":"publish","type":"post","link":"https:\/\/diarioelpopular.com\/index.php\/2012\/01\/18\/notas-del-futbol-hispano-26\/","title":{"rendered":"Notas del f\u00fatbol hispano"},"content":{"rendered":"<div id=\"attachment_130619\" style=\"width: 810px\" class=\"wp-caption aligncenter\"><a href=\"https:\/\/diarioelpopular.com\/wp-content\/uploads\/2012\/01\/FOTO-1-PUBLICO-14-ENE.jpg\"><img loading=\"lazy\" decoding=\"async\" aria-describedby=\"caption-attachment-130619\" class=\"size-full wp-image-130619\" title=\"P\u00fablico en el West Humber Collegiate\" src=\"https:\/\/diarioelpopular.com\/wp-content\/uploads\/2012\/01\/FOTO-1-PUBLICO-14-ENE.jpg\" alt=\"\" width=\"800\" height=\"524\" \/><\/a><p id=\"caption-attachment-130619\" class=\"wp-caption-text\">Una gran cantidad de p\u00fablico pr\u00e1cticamente llen\u00f3 las grader\u00edas del gimnasio \u2018West Humber Collegiate\u201d el s\u00e1bado pasado, donde se juega el torneo \u201cTaca Airlines\u201d<\/p><\/div>\n<div id=\"attachment_130620\" style=\"width: 224px\" class=\"wp-caption alignright\"><a href=\"https:\/\/diarioelpopular.com\/wp-content\/uploads\/2012\/01\/FOTO-2-REF-M-ORELLANA-SILVIO-PETRESCU-14-ENE.jpg\"><img loading=\"lazy\" decoding=\"async\" aria-describedby=\"caption-attachment-130620\" class=\"size-medium wp-image-130620\" title=\"Don Sa\u00fal Varela, con los r\u00e9feris Manuel Orellana (derecha) y Silvio Petrescu (arbitro FIFA)\" src=\"https:\/\/diarioelpopular.com\/wp-content\/uploads\/2012\/01\/FOTO-2-REF-M-ORELLANA-SILVIO-PETRESCU-14-ENE-214x300.jpg\" alt=\"\" width=\"214\" height=\"300\" \/><\/a><p id=\"caption-attachment-130620\" class=\"wp-caption-text\">Don Sa\u00fal Varela, con los r\u00e9feris Manuel Orellana (derecha) y Silvio Petrescu (arbitro FIFA)<\/p><\/div>\n<p>A pesar del intenso frio del fin de semana reci\u00e9n pasado, una gran cantidad de hinchas del indoor soccer lleg\u00f3 hasta los gimnasios donde se juegan los torneos que se anuncian en nuestro diario. As\u00ed lo pudimos confirmar quienes cubrimos los torneos de la liga \u201cCentro Sur La Original\u201d, liga \u201cBurocr\u00e1tica Comercial\u201d, \u201cClub Atl\u00e9tico Ecuador\u201d, \u201cLiga Salvadore\u00f1a\u201d y el torneo infantil \u201cCopa Diario El Popular\u201d. Las buenas programaciones, y atractivos partidos que se han transformado en verdaderos cl\u00e1sicos, son el \u201cgancho\u201d propicio para que los que gustan del deporte del bal\u00f3n lleguen hasta los calefaccionados gimnasios, para pasar un rato entretenido los fines de semana.<\/p>\n<p>Los gimnasios en los que se juegan los torneos son los siguientes: Liga \u201cCentro Sur La Original\u201d \u2013 West Humber Collegiate (Martin Grove una luz al sur de Finch), Liga \u201cBurocr\u00e1tica Comercial\u201d \u2013 St. Basil The Great College (Weston una luz al sur de Sheppard), \u201cClub Atl\u00e9tico Ecuador\u201d \u2013 Nelson Boylen High School (155 Falstalf entre Jane y Keele) y \u201cTorneo Copa Diario El Popular\u201d &#8211; Driftwood Community Centre (4401 Jane Street y Driftwood).<\/p>\n<p>Mencionamos, m\u00e1s arriba, en estas notas que se hab\u00edan programado atractivos enfrentamiento que se transformaban en verdaderos cl\u00e1sicos, los hinchas asist\u00edan en gran cantidad a presenciarlos, fue el caso del partido entre \u201cArgentina Mza\u201d con \u201cJane y Finch\u201d, lance de alto riesgo que se jug\u00f3 en el torneo \u201cTaca Airlines\u201d para el cual la organizaci\u00f3n design\u00f3 a dos r\u00e9feris (normalmente es solo uno) Manuel Orellana y el \u00e1rbitro FIFA Silvio Petrescu, ambos de excelente desempe\u00f1o.<\/p>\n<div id=\"attachment_130621\" style=\"width: 168px\" class=\"wp-caption alignleft\"><a href=\"https:\/\/diarioelpopular.com\/wp-content\/uploads\/2012\/01\/FOTO-3-RAFA-MARQUEZ.jpg\"><img loading=\"lazy\" decoding=\"async\" aria-describedby=\"caption-attachment-130621\" class=\" wp-image-130621 \" title=\"RAFA MARQUEZ\" src=\"https:\/\/diarioelpopular.com\/wp-content\/uploads\/2012\/01\/FOTO-3-RAFA-MARQUEZ-225x300.jpg\" alt=\"\" width=\"158\" height=\"210\" \/><\/a><p id=\"caption-attachment-130621\" class=\"wp-caption-text\">El jugador mexicano Rafael M\u00e1rquez, posiblemente al \u201cFlamenco\u201d de Brasil<\/p><\/div>\n<p>El seleccionado mexicano Rafael M\u00e1rquez, podr\u00eda jugar con su ex compa\u00f1ero, el brasile\u00f1o Ronaldinho, debido a que est\u00e1 en la mira del Flamengo que volvi\u00f3 a la carga para hacerse de sus servicios. El conjunto sudamericano no quiere darse por vencido y afirm\u00f3 a medios brasile\u00f1os que el salario anual de 4.6 millones de d\u00f3lares que recibe el mexicano no ser\u00eda ning\u00fan problema. M\u00e1rquez ha tenido momentos pol\u00e9micos en su actual club, debido a que en el 2011 declar\u00f3 que el nivel que sus compa\u00f1eros mostraban en la chancha estaba por debajo del suyo, as\u00ed como el pleito suscitado ante el Galaxy de Los \u00c1ngeles, lo que le acarre\u00f3 sanciones internas y econ\u00f3micas. Debido a que el zaguero mexicano es due\u00f1o de sus derechos, el club carioca est\u00e1 negociando directamente con el zaguero, por lo tanto no se descarta la posibilidad de que el seleccionado nacional comparta de nuevo el terreno de juego con su ex compa\u00f1ero Ronaldinho.<\/p>\n<div id=\"attachment_130623\" style=\"width: 178px\" class=\"wp-caption alignright\"><a href=\"https:\/\/diarioelpopular.com\/wp-content\/uploads\/2012\/01\/FOTO-4-JOHNNY-BUSTAMANTE-PURO-TOQUE-14-ENE.jpg\"><img loading=\"lazy\" decoding=\"async\" aria-describedby=\"caption-attachment-130623\" class=\"size-medium wp-image-130623\" title=\"Johnny Bustamante, un h\u00e1bil jugador del elenco \u201cPuro Toque\u201d en el torneo \u201cT\u00edpico Centroamericano\u201d \" src=\"https:\/\/diarioelpopular.com\/wp-content\/uploads\/2012\/01\/FOTO-4-JOHNNY-BUSTAMANTE-PURO-TOQUE-14-ENE-168x300.jpg\" alt=\"\" width=\"168\" height=\"300\" \/><\/a><p id=\"caption-attachment-130623\" class=\"wp-caption-text\">Johnny Bustamante, un h\u00e1bil jugador del elenco \u201cPuro Toque\u201d en el torneo \u201cT\u00edpico Centroamericano\u201d<\/p><\/div>\n<p>En la liga \u201cBurocr\u00e1tica Comercial\u201d la escuadra de la categor\u00eda Adultos, Grupo B, \u201cPuro Toque\u201d no pudo alcanzar en la punta de la tabla de posiciones al elenco de \u201cSport Abadence\u201d a pesar de haber ganado su compromiso ante el \u201cV. Construcci\u00f3n\u201d.<\/p>\n<div id=\"attachment_130624\" style=\"width: 160px\" class=\"wp-caption alignleft\"><a href=\"https:\/\/diarioelpopular.com\/wp-content\/uploads\/2012\/01\/FOTO-5-ALFREDO-DI-STEFANO.jpg\"><img loading=\"lazy\" decoding=\"async\" aria-describedby=\"caption-attachment-130624\" class=\"size-thumbnail wp-image-130624\" title=\"ALFREDO DI STEFANO\" src=\"https:\/\/diarioelpopular.com\/wp-content\/uploads\/2012\/01\/FOTO-5-ALFREDO-DI-STEFANO-150x150.jpg\" alt=\"\" width=\"150\" height=\"150\" \/><\/a><p id=\"caption-attachment-130624\" class=\"wp-caption-text\">Alfredo Di Stefano<\/p><\/div>\n<p>El presidente de honor del Real Madrid, Alfredo Di St\u00e9fano, dijo que la consecuci\u00f3n del Bal\u00f3n de Oro &#8220;es un m\u00e9rito del conjunto de compa\u00f1eros&#8221; porque &#8220;uno solo no gana los partidos&#8221;. &#8220;Yo tengo dos balones de oro. Es un m\u00e9rito del conjunto de compa\u00f1eros. Se da por ganar partidos, pero no pensemos que uno solo gana los partidos&#8221;, dijo Di St\u00e9fano en respuesta a su opini\u00f3n sobre el tercer Bal\u00f3n de Oro entregado a Messi esta semana tras la presentaci\u00f3n del Consejo Asesor de la Asociaci\u00f3n de Futbolistas Espa\u00f1oles (AFE) del que forma parte. Di St\u00e9fano, que no quiso aventurar nada sobre el posible enfrentamiento en cuartos de final de la Copa del Rey entre el Real Madrid y el Barcelona, dijo que &#8220;el p\u00fablico tiene derecho a hacer lo que quiera porque es el que paga&#8221; en respuesta a los silbidos dirigidos a Cristiano Ronaldo en el Santiago Bernab\u00e9u. &#8220;El p\u00fablico siempre tiene la raz\u00f3n y lo que quiere es el esfuerzo del jugador. Estamos hablando de Ronaldo que es jugador del Real Madrid&#8221;, a\u00f1adi\u00f3.<\/p>\n<div id=\"attachment_130625\" style=\"width: 208px\" class=\"wp-caption alignright\"><a href=\"https:\/\/diarioelpopular.com\/wp-content\/uploads\/2012\/01\/FOTO-6-ANDRES-LUPALIER-YERBA-BRAVA-14-ENE.jpg\"><img loading=\"lazy\" decoding=\"async\" aria-describedby=\"caption-attachment-130625\" class=\"size-medium wp-image-130625\" title=\"Andr\u00e9s Lupalier, goleador del equipo \u201cYerba Brava\u201d\" src=\"https:\/\/diarioelpopular.com\/wp-content\/uploads\/2012\/01\/FOTO-6-ANDRES-LUPALIER-YERBA-BRAVA-14-ENE-198x300.jpg\" alt=\"\" width=\"198\" height=\"300\" \/><\/a><p id=\"caption-attachment-130625\" class=\"wp-caption-text\">Andr\u00e9s Lupalier, goleador del equipo \u201cYerba Brava\u201d convirti\u00f3 diez goles en el \u00faltimo compromiso ante \u201cBrampton F.C.\u201d<\/p><\/div>\n<p>La escuadra de Willie Cardozo \u201cYerba Brava\u201d en su \u00faltimo partido, en la liga \u201cBurocr\u00e1tica Comercial\u201d le propin\u00f3 una goleada de proporciones al elenco \u201cBrampton F.C.\u201d al ganarle por diecinueve a dos y asegurarse el primer lugar en el Grupo A de la categor\u00eda de Adultos. Cabe destacar que el puntero en toda esta fase del torneo hab\u00eda sido el equipo de \u201cJohnnie Walker\u201d.<\/p>\n<div id=\"attachment_130626\" style=\"width: 160px\" class=\"wp-caption alignleft\"><a href=\"https:\/\/diarioelpopular.com\/wp-content\/uploads\/2012\/01\/FOTO-7-CUAUTHEMOC-BLANCO.jpg\"><img loading=\"lazy\" decoding=\"async\" aria-describedby=\"caption-attachment-130626\" class=\"size-thumbnail wp-image-130626 \" title=\"CUAUTHEMOC BLANCO\" src=\"https:\/\/diarioelpopular.com\/wp-content\/uploads\/2012\/01\/FOTO-7-CUAUTHEMOC-BLANCO-150x150.jpg\" alt=\"\" width=\"150\" height=\"150\" \/><\/a><p id=\"caption-attachment-130626\" class=\"wp-caption-text\">El exseleccionado mexicano Cuauht\u00e9moc Blanco, con 39 a\u00f1os, no quiere abandonar el f\u00fatbol<\/p><\/div>\n<p>Cuauht\u00e9moc Blanco, el futbolista mexicano m\u00e1s admirado de las dos \u00faltimas d\u00e9cadas, el \u00eddolo de Tepito, el \u00fanico con un programa de televisi\u00f3n propio, sigue empe\u00f1ado en regresar al &#8216;Olimpo&#8217; del f\u00fatbol. A punto de cumplir 39 a\u00f1os, Blanco debuto con su nuevo equipo, los Dorados de Sinaloa, en la segunda jornada del Torneo Clausura de la Liga de Ascenso, equivalente a la Segunda Divisi\u00f3n. Los Dorados, que anunciaron la contrataci\u00f3n del &#8216;Temo&#8217; el pasado 22 de diciembre, intentar\u00e1n volver a la Primera Divisi\u00f3n con la ayuda de Blanco, el segundo m\u00e1ximo goleador de la selecci\u00f3n mexicana con 39 tantos y el \u00fanico en marcar en tres Mundiales con el &#8216;Tri&#8217;. El club &#8216;culiche&#8217; disputo su primer partido de la temporada frente a los Toros de Neza despu\u00e9s de descansar la primera jornada. Es la tercera aventura consecutiva del &#8216;Temo&#8217; en la Liga de Ascenso despu\u00e9s de pasar fugazmente por los Tiburones Rojos de Veracruz y los Freseros de Irapuato, con los que no logr\u00f3 su prop\u00f3sito de ascender a la Primera Divisi\u00f3n.<\/p>\n<p>El delantero brasile\u00f1o Rivaldo anunci\u00f3 que, a los 39 a\u00f1os, ha fichado por el Kabuscorp de Angola. En su extensa carrera, Rivaldo ha jugado en 13 equipos de seis pa\u00edses y de cuatro continentes. &#8220;Estoy muy feliz en esta nueva etapa de mi carrera&#8221;, dijo escuetamente en una red social Rivaldo, quien ha vestido la camiseta del Deportivo de La Coru\u00f1a y Barcelona (Espa\u00f1a), Mil\u00e1n (Italia), Olympiacos y AEK (Grecia) y Bunyodkor (Uzbekist\u00e1n). En la Liga de 2011 Rivaldo jug\u00f3 30 partidos con el Sao Paulo, uno de los equipos grandes de Brasil, pero al final de la temporada perdi\u00f3 la titularidad debido a su edad, que le ha restado velocidad y resistencia. La semana pasada, medios belgas dijeron que el Genk rechaz\u00f3 una oferta del agente de Rivaldo para ficharlo, aunque el jugador brasile\u00f1o desminti\u00f3 esa informaci\u00f3n. Rivaldo V\u00edtor Borba Ferreira fue una de las estrellas de Brasil en la conquista del Mundial de Corea del Sur y Jap\u00f3n 2002 y tambi\u00e9n un \u00eddolo del Barcelona.<\/p>\n<div id=\"attachment_130629\" style=\"width: 810px\" class=\"wp-caption aligncenter\"><a href=\"https:\/\/diarioelpopular.com\/wp-content\/uploads\/2012\/01\/FOTO-8-CHINAMECA-95-96-14-ENE.jpg\"><img loading=\"lazy\" decoding=\"async\" aria-describedby=\"caption-attachment-130629\" class=\"size-full wp-image-130629\" title=\"CHINAMECA 95-96\" src=\"https:\/\/diarioelpopular.com\/wp-content\/uploads\/2012\/01\/FOTO-8-CHINAMECA-95-96-14-ENE.jpg\" alt=\"\" width=\"800\" height=\"591\" \/><\/a><p id=\"caption-attachment-130629\" class=\"wp-caption-text\">\u201cChinameca F.C.\u201d, escuadra del la categor\u00eda juvenil 95-96 en el torneo de la liga \u201cCentro Sur La Original\u201d<\/p><\/div>\n<p>Ver a los equipos juveniles de la categor\u00eda 95-96 en el torneo \u201cTaca Airlines\u201d es un verdadero agrado. Partidos jugados a gran velocidad con muchachos que se atreven hacer algunos \u201clujos\u201d y jugadas preconcebidas, adem\u00e1s que hay j\u00f3venes que son realmente el futuro de nuestro deporte hispano. Cuatro elencos participan en esta categor\u00eda, \u201cEagles 96\u201d, \u201cChinameca F.C.\u201d, \u201cBrampton United\u201d y \u201cDeportivo Cuenca\u201d. Los partidos son muy atractivos y se juegan en los dos primeros juegos de la jornada sabatina.<\/p>\n<div id=\"attachment_130630\" style=\"width: 810px\" class=\"wp-caption aligncenter\"><a href=\"https:\/\/diarioelpopular.com\/wp-content\/uploads\/2012\/01\/FOTO-9-SONSONATE-14-ENE.jpg\"><img loading=\"lazy\" decoding=\"async\" aria-describedby=\"caption-attachment-130630\" class=\"size-full wp-image-130630\" title=\"SONSONATE\" src=\"https:\/\/diarioelpopular.com\/wp-content\/uploads\/2012\/01\/FOTO-9-SONSONATE-14-ENE.jpg\" alt=\"\" width=\"800\" height=\"692\" \/><\/a><p id=\"caption-attachment-130630\" class=\"wp-caption-text\">\u201cSonsonate\u201d le dio un duro trabajo al \u201cEstrella Roja\u201d en la pasada fecha del torneo \u201cT\u00edpico Centroamericano\u201d<\/p><\/div>\n<p>Ya se termin\u00f3 la primera rueda en el Grupo B de la categor\u00eda adultos en el torneo \u201cT\u00edpico Centroamericano\u201d, seg\u00fan nos dice don Carlos Brizuela este pr\u00f3ximo fin de semana se jugar\u00edan los \u00faltimos partidos del Grupo A, para saber qui\u00e9nes ser\u00e1n los equipos que integren las nominas para la segunda rueda y ver tambi\u00e9n quien ser\u00eda el campe\u00f3n de la primera etapa, donde ya esta confirmado el elenco \u201cYerba Brava\u201d.<\/p>\n<div id=\"attachment_130631\" style=\"width: 310px\" class=\"wp-caption alignright\"><a href=\"https:\/\/diarioelpopular.com\/wp-content\/uploads\/2012\/01\/FOTO-10-PABLO-AIMAR.jpg\"><img loading=\"lazy\" decoding=\"async\" aria-describedby=\"caption-attachment-130631\" class=\"size-medium wp-image-130631\" title=\"PABLO AIMAR\" src=\"https:\/\/diarioelpopular.com\/wp-content\/uploads\/2012\/01\/FOTO-10-PABLO-AIMAR-300x250.jpg\" alt=\"\" width=\"300\" height=\"250\" \/><\/a><p id=\"caption-attachment-130631\" class=\"wp-caption-text\">El argentino Pablo Aimar, \u201cEl Mago de la Luz\u201d, es un buen jugador del \u201cBenfica\u201d de Portugal, y no lo quieren dejar partir<\/p><\/div>\n<p>El entrenador del Benfica, el portugu\u00e9s Jorge Jes\u00fas, asever\u00f3 que el mediocampista argentino Pablo Aimar, \u00eddolo del club lisboeta, es &#8220;un entrenador m\u00e1s&#8221; que tiene en el terreno de juego y dese\u00f3 que contin\u00fae en la disciplina encarnada. &#8220;Estamos interesados en que Pablo contin\u00fae en el Benfica. Es un excelente jugador, \u00f3ptimo profesional y es un entrenador m\u00e1s que tengo en el campo. Todo eso es importante, pero las cuestiones financieras no dependen de m\u00ed&#8221;, explic\u00f3 Jes\u00fas en conferencia de prensa. Aimar, apodado &#8220;El Mago de La Luz&#8221; por su creatividad dentro de la cancha, acaba contrato el pr\u00f3ximo junio y algunos medios locales han especulado con que el River Plate argentino -el club de sus or\u00edgenes-, el Cruzeiro brasile\u00f1o o el f\u00fatbol qatar\u00ed tienen inter\u00e9s en contratarle. El futbolista, de 32 a\u00f1os, cumple su cuarta temporada en La Luz encumbrado por la afici\u00f3n lisboeta -que le ha dedicado un c\u00e1ntico- y como un fijo en el esquema de Jorge Jes\u00fas, que aprecia tanto su calidad t\u00e9cnica y t\u00e1ctica como su empe\u00f1o.<\/p>\n<div id=\"attachment_130632\" style=\"width: 810px\" class=\"wp-caption aligncenter\"><a href=\"https:\/\/diarioelpopular.com\/wp-content\/uploads\/2012\/01\/FOTO-11-ESTRELLA-ROJA-14-ENE.jpg\"><img loading=\"lazy\" decoding=\"async\" aria-describedby=\"caption-attachment-130632\" class=\"size-full wp-image-130632\" title=\"ESTRELLA ROJA\" src=\"https:\/\/diarioelpopular.com\/wp-content\/uploads\/2012\/01\/FOTO-11-ESTRELLA-ROJA-14-ENE.jpg\" alt=\"\" width=\"800\" height=\"600\" \/><\/a><p id=\"caption-attachment-130632\" class=\"wp-caption-text\">\u201cEstrella Roja\u201d, un equipo de buenos partidos en la liga \u201cBurocr\u00e1tica Comercial\u201d, tienen un juego fuerte pero no mal intencionado<\/p><\/div>\n<div id=\"attachment_130633\" style=\"width: 810px\" class=\"wp-caption aligncenter\"><a href=\"https:\/\/diarioelpopular.com\/wp-content\/uploads\/2012\/01\/FOTO-12-SPORT-BOYS-14-ENE.jpg\"><img loading=\"lazy\" decoding=\"async\" aria-describedby=\"caption-attachment-130633\" class=\"size-full wp-image-130633\" title=\"SPORT BOYS\" src=\"https:\/\/diarioelpopular.com\/wp-content\/uploads\/2012\/01\/FOTO-12-SPORT-BOYS-14-ENE.jpg\" alt=\"\" width=\"800\" height=\"591\" \/><\/a><p id=\"caption-attachment-130633\" class=\"wp-caption-text\">Con altos y bajos ha sido la participaci\u00f3n del buen equipo peruano \u201cSport Boys\u201d<\/p><\/div>\n<p>No le ha ido muy bien al elenco peruano de \u201cSport Boys\u201d aunque tienen una nomina de buenos jugadores no han logrado los resultados que esperaban, este s\u00e1bado pr\u00f3ximo se deber\u00e1n enfrentar al equipo puntero e invicto \u201cEsmeralda Sporting\u201d.<\/p>\n<div id=\"attachment_130634\" style=\"width: 310px\" class=\"wp-caption alignleft\"><a href=\"https:\/\/diarioelpopular.com\/wp-content\/uploads\/2012\/01\/FOTO-13-JORGE-VALDANO.jpg\"><img loading=\"lazy\" decoding=\"async\" aria-describedby=\"caption-attachment-130634\" class=\"size-medium wp-image-130634\" title=\"Jos\u00e9 Pekerman\" src=\"https:\/\/diarioelpopular.com\/wp-content\/uploads\/2012\/01\/FOTO-13-JORGE-VALDANO-300x225.jpg\" alt=\"\" width=\"300\" height=\"225\" \/><\/a><p id=\"caption-attachment-130634\" class=\"wp-caption-text\">Jorge Valdano elogi\u00f3 la presencia de Jos\u00e9 Pekerman en el seleccionado de futbol colombiano<\/p><\/div>\n<p>El exfutbolista y ext\u00e9cnico Jorge Valdano elogi\u00f3 las habilidades de Jos\u00e9 Pekerman y afirm\u00f3 que es una garant\u00eda como t\u00e9cnico. Valdano habl\u00f3 de la llegada de Pekerman a Bogot\u00e1, para dirigir a Colombia al Mundial de Brasil 2014. &#8220;Para m\u00ed, Pekerman es una garant\u00eda. Se trata de un entrenador de primer\u00edsimo nivel, una buena persona del futbol, con una visi\u00f3n cl\u00e1sica de este juego que gusta jugar con enganche, tiene aprecio por el futbol de ataque&#8221;, destac\u00f3 Valdano. Pekerman, de 62 a\u00f1os de edad, y la Federaci\u00f3n Colombiana de Futbol llegaron a un principio de acuerdo en Miami el 5 de enero y los abogados del entrenador ahora est\u00e1n enfrascados en la cuesti\u00f3n tributaria, seg\u00fan su agente Pascual Lezcano. Colombia particip\u00f3 en los mundiales de 1990, 1994 y 1998 y no clasific\u00f3 a los tres \u00faltimos. El seleccionado tiene pautados partidos de fogueo contra M\u00e9xico en Estados Unidos el 29 de febrero y ante Costa Rica en casa, as\u00ed como otros afuera en marzo y abril. Reanudar\u00e1 la campa\u00f1a en las eliminatorias como visitante con Per\u00fa y Ecuador en junio y esperar\u00e1 a Uruguay el 7 de septiembre.<\/p>\n<div id=\"attachment_130635\" style=\"width: 810px\" class=\"wp-caption aligncenter\"><a href=\"https:\/\/diarioelpopular.com\/wp-content\/uploads\/2012\/01\/FOTO-14-ARGENTINA-MZA-14-ENE.jpg\"><img loading=\"lazy\" decoding=\"async\" aria-describedby=\"caption-attachment-130635\" class=\"size-full wp-image-130635\" title=\"ARGENTINA MZA\" src=\"https:\/\/diarioelpopular.com\/wp-content\/uploads\/2012\/01\/FOTO-14-ARGENTINA-MZA-14-ENE.jpg\" alt=\"\" width=\"800\" height=\"678\" \/><\/a><p id=\"caption-attachment-130635\" class=\"wp-caption-text\">\u201cArgentina Mza\u201d, un elenco de primer orden que participa en la liga \u201cCentro Sur La Original\u201d<\/p><\/div>\n<p>\u201cArgentina Mza\u201d un equipo de buenos jugadores lucha por mantenerse entre los punteros, va detr\u00e1s de \u201cJane y Finch\u201d y \u201cCopihues Rojos\u201d. Este s\u00e1bado le corresponde enfrentar a \u201cDeportivo St. Clair\u201d.<\/p>\n<div id=\"attachment_130636\" style=\"width: 310px\" class=\"wp-caption alignright\"><a href=\"https:\/\/diarioelpopular.com\/wp-content\/uploads\/2012\/01\/FOTO-15-JOSE-ROJAS.jpg\"><img loading=\"lazy\" decoding=\"async\" aria-describedby=\"caption-attachment-130636\" class=\"size-medium wp-image-130636\" title=\"JOSE ROJAS\" src=\"https:\/\/diarioelpopular.com\/wp-content\/uploads\/2012\/01\/FOTO-15-JOSE-ROJAS-300x180.jpg\" alt=\"\" width=\"300\" height=\"180\" \/><\/a><p id=\"caption-attachment-130636\" class=\"wp-caption-text\">Jos\u00e9 Rojas, excapit\u00e1n de \u201cUniversidad de Chile\u201d fue fichado por el \u201cBotafogo\u201d de Rio de Janeiro<\/p><\/div>\n<p>&#8220;Estoy con un poco de sentimientos encontrados. Dentro de todo feliz, feliz por mi familia, por lo que se puede venir en cuanto a desaf\u00edos\u201d dijo el defensa y capit\u00e1n de la Universidad de Chile, Jos\u00e9 Rojas, que ha sido fichado por el club Botafogo, de R\u00edo de Janeiro por las pr\u00f3ximas tres temporadas. &#8220;Con sentimientos encontrados por el cari\u00f1o del hincha y por todos los momentos que he vivido en la U, los malos, que son los que te hacen madurar y crecer y los buenos, donde todos se quieren subir al carro&#8221;, a\u00f1adi\u00f3 el jugador, de 28 a\u00f1os y 1,76 de estatura. Rojas, que ha estado en la U desde los 13 a\u00f1os, salvo una pasada por el Independiente argentino en 2006, fue uno de los pilares del equipo que en 2011 gan\u00f3 los torneos chilenos de Apertura y Clausura y, de forma invicta, la Copa Sudamericana, campa\u00f1a que le signific\u00f3 ser convocado, despu\u00e9s de varios a\u00f1os, a la selecci\u00f3n de Chile.<\/p>\n<p>El director t\u00e9cnico del Monterrey, el mexicano V\u00edctor Manuel Vucetich, declar\u00f3 que con la ausencia del chileno Humberto Suazo el equipo pierde, deportivamente hablando, a un hombre que sabe resolver en el \u00e1rea. &#8220;Es un hombre que sabe resolver, es un hombre de \u00e1rea y ese es un valor que pocos jugadores tienen, por eso valen los jugadores&#8221;, explic\u00f3 Vucetich en una conferencia de prensa. El estratega dijo que el asunto de Suazo, quien fue castigado por reportar tarde a la pretemporada, al buscar su transferencia al Boca Juniros argentino, solo le concierne a la directiva. &#8220;Es cuesti\u00f3n de la directiva. Hay que esperar la resoluci\u00f3n que se toma en todo esto&#8221;, apunt\u00f3 el entrenador, quien dijo que no hab\u00eda hablado con el chileno, pero con el tiempo lo tendr\u00e1 que hacer. Coment\u00f3 que en estos momentos no se trata de convencer al jugador para que se quede sino de resolver su situaci\u00f3n. &#8220;Primero tenemos que esperar que se resuelva esto a nivel directivo y luego veremos lo que se tiene que hacer. Primero se tiene que cerrar una cosa para ver la otra&#8221;, agreg\u00f3.<\/p>\n<div id=\"attachment_130637\" style=\"width: 810px\" class=\"wp-caption aligncenter\"><a href=\"https:\/\/diarioelpopular.com\/wp-content\/uploads\/2012\/01\/FOTO-16-MEXICO-F.C.-14-ENE.jpg\"><img loading=\"lazy\" decoding=\"async\" aria-describedby=\"caption-attachment-130637\" class=\"size-full wp-image-130637\" title=\"MEXICO F.C.\" src=\"https:\/\/diarioelpopular.com\/wp-content\/uploads\/2012\/01\/FOTO-16-MEXICO-F.C.-14-ENE.jpg\" alt=\"\" width=\"800\" height=\"701\" \/><\/a><p id=\"caption-attachment-130637\" class=\"wp-caption-text\">La escuadra de \u201cM\u00e9xico F.C.\u201d, protagonista de grandes partidos en la liga \u201cCentro Sur La Original\u201d FOTO 17<\/p><\/div>\n<p>\u201cM\u00e9xico F.C.\u201d va en cuarta posici\u00f3n en la categor\u00eda M\u00e1ster en la liga \u201cCentro Sur La Original\u201d sus jugadores est\u00e1n empe\u00f1ados en no dejar de estar en los primeros lugares, este s\u00e1bado se enfrentan al \u201cValdez Sporting Club\u201d, en lo que promete ser un gran partido.<\/p>\n<p><a href=\"https:\/\/diarioelpopular.com\/wp-content\/uploads\/2012\/01\/RAUL-GONZALEZ.jpg\"><img loading=\"lazy\" decoding=\"async\" class=\"alignleft size-medium wp-image-130642\" title=\"RAUL GONZALEZ\" src=\"https:\/\/diarioelpopular.com\/wp-content\/uploads\/2012\/01\/RAUL-GONZALEZ-300x206.jpg\" alt=\"\" width=\"300\" height=\"206\" \/><\/a>Que Ra\u00fal Gonz\u00e1lez Blanco no haya estado en el Mundial de Sud\u00e1frica pudo haber sido un castigo muy grande del destino. El que fuera goleador hist\u00f3rico de Espa\u00f1a ten\u00eda competencia en su puesto y no atravesaba el mejor momento de su carrera. Pero a fuerza de goles en el Schalke 04 vuelve a ponerse en boca de la prensa y de la gente. Sobre todo ahora David Villa se ha lesionado de gravedad y posiblemente no est\u00e9 en la Eurocopa 2012, premio que bien podr\u00eda recibir el ex ariete madridista. La baja del Guaje le abre las puertas de La Roja a quienes tal vez no esperaban el llamado de Vicente Del Bosque. Aunque Roberto Soldado, del Valencia, parece ser quien lleva las de ganar, pocos olvidan a Ra\u00fal. Con 33 a\u00f1os (tendr\u00e1 34 al momento de la Eurocopa), algunos opinan que ha pasado su cuarto de hora.<\/p>\n<p>Nos vemos la pr\u00f3xima semana en las notas del futbol hispano.<\/p>\n","protected":false},"excerpt":{"rendered":"<p>A pesar del intenso frio del fin de semana reci\u00e9n pasado, una gran cantidad de hinchas del indoor soccer lleg\u00f3 hasta los gimnasios donde se&hellip;<\/p>\n","protected":false},"author":1,"featured_media":130636,"comment_status":"closed","ping_status":"open","sticky":false,"template":"","format":"standard","meta":{"footnotes":""},"categories":[28],"tags":[179,657],"class_list":["post-130616","post","type-post","status-publish","format-standard","has-post-thumbnail","hentry","category-deportes","tag-futbol-2","tag-futbol-hispano"],"_links":{"self":[{"href":"https:\/\/diarioelpopular.com\/index.php\/wp-json\/wp\/v2\/posts\/130616","targetHints":{"allow":["GET"]}}],"collection":[{"href":"https:\/\/diarioelpopular.com\/index.php\/wp-json\/wp\/v2\/posts"}],"about":[{"href":"https:\/\/diarioelpopular.com\/index.php\/wp-json\/wp\/v2\/types\/post"}],"author":[{"embeddable":true,"href":"https:\/\/diarioelpopular.com\/index.php\/wp-json\/wp\/v2\/users\/1"}],"replies":[{"embeddable":true,"href":"https:\/\/diarioelpopular.com\/index.php\/wp-json\/wp\/v2\/comments?post=130616"}],"version-history":[{"count":0,"href":"https:\/\/diarioelpopular.com\/index.php\/wp-json\/wp\/v2\/posts\/130616\/revisions"}],"wp:featuredmedia":[{"embeddable":true,"href":"https:\/\/diarioelpopular.com\/index.php\/wp-json\/"}],"wp:attachment":[{"href":"https:\/\/diarioelpopular.com\/index.php\/wp-json\/wp\/v2\/media?parent=130616"}],"wp:term":[{"taxonomy":"category","embeddable":true,"href":"https:\/\/diarioelpopular.com\/index.php\/wp-json\/wp\/v2\/categories?post=130616"},{"taxonomy":"post_tag","embeddable":true,"href":"https:\/\/diarioelpopular.com\/index.php\/wp-json\/wp\/v2\/tags?post=130616"}],"curies":[{"name":"wp","href":"https:\/\/api.w.org\/{rel}","templated":true}]}}