{"id":13117,"date":"2011-10-04T21:34:40","date_gmt":"2011-10-05T01:34:40","guid":{"rendered":"http:\/\/retrolab.ca\/elpopular\/?p=13117"},"modified":"2011-10-04T21:34:40","modified_gmt":"2011-10-05T01:34:40","slug":"por-el-camino-lleva-a-vancouver-la-crisis-de-los-30","status":"publish","type":"post","link":"https:\/\/diarioelpopular.com\/index.php\/2011\/10\/04\/por-el-camino-lleva-a-vancouver-la-crisis-de-los-30\/","title":{"rendered":"&#8216;Por el camino&#8217; lleva a Vancouver la crisis de los 30"},"content":{"rendered":"<div id=\"attachment_13118\" style=\"width: 710px\" class=\"wp-caption aligncenter\"><a href=\"http:\/\/retrolab.ca\/elpopular\/wp-content\/uploads\/2011\/10\/Por-el-camino.jpeg\"><img loading=\"lazy\" decoding=\"async\" aria-describedby=\"caption-attachment-13118\" class=\"size-full wp-image-13118\" title=\"Por el camino\" src=\"http:\/\/retrolab.ca\/elpopular\/wp-content\/uploads\/2011\/10\/Por-el-camino.jpeg\" alt=\"\" width=\"700\" height=\"420\" \/><\/a><p id=\"caption-attachment-13118\" class=\"wp-caption-text\">Esteban Feune de Colombi y Jill Mulleady, protagonistas del filme &#039;Por el camino&#039;<\/p><\/div>\n<div id=\"attachment_13119\" style=\"width: 310px\" class=\"wp-caption alignright\"><a href=\"http:\/\/retrolab.ca\/elpopular\/wp-content\/uploads\/2011\/10\/Viff-miercoles-foto-2.jpeg\"><img loading=\"lazy\" decoding=\"async\" aria-describedby=\"caption-attachment-13119\" class=\"size-medium wp-image-13119\" title=\"Charly Braun\" src=\"http:\/\/retrolab.ca\/elpopular\/wp-content\/uploads\/2011\/10\/Viff-miercoles-foto-2-300x199.jpg\" alt=\"\" width=\"300\" height=\"199\" \/><\/a><p id=\"caption-attachment-13119\" class=\"wp-caption-text\">El director Charly Braun tras recibir el premio a la mejor direcci\u00f3n en el Festival de R\u00edo de Janeiro, en 2010<\/p><\/div>\n<p><em><strong>N\u00faria Mel\u00e9ndez. Vancouver.-<\/strong><\/em> <em><a title=\"Por el camino\" href=\"http:\/\/www.porelcamino.com\/\" target=\"_blank\">Por el camino<\/a>,<\/em> la \u00f3pera prima de Charly Braun,\u00a0proyectada en el <a title=\"VIFF\" href=\"http:\/\/www.viff.org\/\" target=\"_blank\">Festival Internacional de Cine de Vancouver<\/a> (VIFF), es un viaje por carretera a Uruguay en el que el espectador tendr\u00e1 la irrefrenable necesidad de viajar al pa\u00eds latinoamericano para ver con sus propios ojos los espl\u00e9ndidos paisajes y los asombrosos lugares que visitan los dos protagonistas del filme, en el que tambi\u00e9n aparece la modelo Naomi Campbell. Ganadora del premio a la mejor direcci\u00f3n en el Festival de R\u00edo de Janeiro, la pel\u00edcula sigue los pasos de Santiago y de Juliette, dos j\u00f3venes a punto de alcanzar los 30 que llegan a Uruguay en busca de algo que llene sus existencias. Su realizador habl\u00f3 con <em><a href=\"https:\/\/diarioelpopular.com\/\">El Popular<\/a>:<\/em><\/p>\n<p><strong>\u00bfC\u00f3mo surgi\u00f3 la idea de hacer una pel\u00edcula de carretera en Uruguay?<\/strong><\/p>\n<p>Yo soy un poco uruguayo y he pasado todas mis vacaciones all\u00ed, con lo que tengo una relaci\u00f3n afectiva muy fuerte con el pa\u00eds y por eso quise hacerla all\u00ed. Hab\u00eda diferentes temas que quer\u00eda tratar en la pel\u00edcula. No sab\u00eda si hacer una fusi\u00f3n, o un documental, o exactamente qu\u00e9 historia contar. Pero de repente me di cuenta que para hacer todo lo que quer\u00eda ten\u00eda que rodar una \u2018road movie\u2019 con una narrativa m\u00e1s libre, y que incorporase elementos de los documentales.<\/p>\n<p><strong>Santiago y Juliette son los protagonistas del filme y se encuentran por casualidad. \u00bfQu\u00e9 les une?<\/strong><\/p>\n<p>Hay algo bastante universal en ellos y me sorprende que mucha gente joven e incluso m\u00e1s grande se sienta identificada con ellos, ya que est\u00e1n haciendo algo que muchos querr\u00edan: Salir e ir a descubrirse. Escaparse para encontrarse a si mismos. El filme tambi\u00e9n muestra, como dice un personaje de la pel\u00edcula, el momento de la vida en que todo el mundo va a buscar sus ra\u00edces para descubrir m\u00e1s tarde que tambi\u00e9n se deben crear de nuevas. La pel\u00edcula termina bastante abierta. No sabemos qu\u00e9 va a pasar al d\u00eda siguiente.<\/p>\n<p><strong>\u00bfHar\u00eda lo mismo que Santiago y lo dejar\u00eda todo para emprender un viaje?<\/strong><\/p>\n<p>Creo que no me atrever\u00eda. Adem\u00e1s, los dos protagonistas est\u00e1n un poco sin rumbo y van a buscar lo que creen que es su camino. Santiago y Juliette tambi\u00e9n representan a una generaci\u00f3n, la de las personas que est\u00e1n llegando a los 30 y que empiezan a plantearse varias cosas de su vida, especialmente el rumbo de sus vidas. Estos son los pilares de los personajes, que est\u00e1n en un momento donde reval\u00faan sus existencias. Es una \u00e9poca en la que por primer vez se mira al pasado y se hace una lista con todo lo que uno quer\u00eda, y hasta d\u00f3nde se ha llegado.<\/p>\n<p><strong>Las localizaciones de \u2018Por el camino\u2019 son espectaculares, especialmente la casa donde vive el padrino de Santiago. \u00bfEse lugar existe?<\/strong><\/p>\n<p>Era la casa de mi padre que se vendi\u00f3 y ahora es un hotel, pero quer\u00eda aprovechar este elemento biogr\u00e1fico de mi vida. Antes era un campo muy sencillo que a lo largo de los a\u00f1os y con la ayuda de un casero que trabajaba con \u00e9l fueron construyendo y creando el paisaje que se ve. Por ejemplo, la piscina que aparece en la pel\u00edcula se construy\u00f3 en unas rocas que dinamitaron.<\/p>\n<p><strong>\u00bfQu\u00e9 Uruguay muestra la pel\u00edcula?<\/strong><\/p>\n<p>Es un Uruguay desde la mirada de un extranjero porque los personajes principales son de fuera, pero tambi\u00e9n por ser una pel\u00edcula de ruta hay como un panorama bastante amplio. La casa de mi padre, por ejemplo, queda cerca de Punta del Este y durante esa parte de la pel\u00edcula los protagonistas circulan por ese lugar que es el m\u00e1s tur\u00edstico del pa\u00eds. Hay otras localizaciones que est\u00e1n m\u00e1s escondidas, pero es un pa\u00eds muy peque\u00f1o y no es dif\u00edcil andar por \u00e9l.<\/p>\n<p><strong>Como por ejemplo la comuna donde va Juliette&#8230;<\/strong><\/p>\n<p>No conozco muchas pero la que aparece en la pel\u00edcula es real y es tal cual se muestra. En ella viven sobre todo gente joven y de muchos pa\u00edses y que de alguna manera quieren vivir con otro estilo de vida diferente al habitual, o fuera del sistema, o como lo quieras llamar.<\/p>\n<p><strong>Tras estrenarse como director de largometrajes con \u2018Por el camino\u2019, \u00bfqu\u00e9 otros proyectos tiene en marcha?<\/strong><\/p>\n<p>Actualmente estamos preparando el gui\u00f3n de dos pel\u00edculas. En una de ellas la acci\u00f3n transcurre en Rusia y es la historia de dos j\u00f3venes actrices brasile\u00f1as que van al pa\u00eds para estudiar teatro durante el invierno.<\/p>\n","protected":false},"excerpt":{"rendered":"<p>Ganadora del premio a la mejor direcci\u00f3n en el Festival de R\u00edo de Janeiro, la pel\u00edcula &#8216;Por el camino&#8217;, proyectada en el Festival Internacional de Cine de Vancouver, sigue los pasos de Santiago y de Juliette, dos j\u00f3venes a punto de alcanzar los 30 que llegan a Uruguay en busca de algo que llene sus existencias.<\/p>\n","protected":false},"author":1,"featured_media":13118,"comment_status":"closed","ping_status":"open","sticky":false,"template":"","format":"standard","meta":{"footnotes":""},"categories":[80],"tags":[8029,641,8030,463,7998],"class_list":["post-13117","post","type-post","status-publish","format-standard","has-post-thumbnail","hentry","category-cine-2","tag-charly-braun","tag-entrevista","tag-por-el-camino","tag-vancouver","tag-viff"],"_links":{"self":[{"href":"https:\/\/diarioelpopular.com\/index.php\/wp-json\/wp\/v2\/posts\/13117","targetHints":{"allow":["GET"]}}],"collection":[{"href":"https:\/\/diarioelpopular.com\/index.php\/wp-json\/wp\/v2\/posts"}],"about":[{"href":"https:\/\/diarioelpopular.com\/index.php\/wp-json\/wp\/v2\/types\/post"}],"author":[{"embeddable":true,"href":"https:\/\/diarioelpopular.com\/index.php\/wp-json\/wp\/v2\/users\/1"}],"replies":[{"embeddable":true,"href":"https:\/\/diarioelpopular.com\/index.php\/wp-json\/wp\/v2\/comments?post=13117"}],"version-history":[{"count":0,"href":"https:\/\/diarioelpopular.com\/index.php\/wp-json\/wp\/v2\/posts\/13117\/revisions"}],"wp:featuredmedia":[{"embeddable":true,"href":"https:\/\/diarioelpopular.com\/index.php\/wp-json\/"}],"wp:attachment":[{"href":"https:\/\/diarioelpopular.com\/index.php\/wp-json\/wp\/v2\/media?parent=13117"}],"wp:term":[{"taxonomy":"category","embeddable":true,"href":"https:\/\/diarioelpopular.com\/index.php\/wp-json\/wp\/v2\/categories?post=13117"},{"taxonomy":"post_tag","embeddable":true,"href":"https:\/\/diarioelpopular.com\/index.php\/wp-json\/wp\/v2\/tags?post=13117"}],"curies":[{"name":"wp","href":"https:\/\/api.w.org\/{rel}","templated":true}]}}