{"id":13379,"date":"2011-10-06T20:52:08","date_gmt":"2011-10-07T00:52:08","guid":{"rendered":"http:\/\/retrolab.ca\/elpopular\/?p=13379"},"modified":"2011-10-06T20:52:08","modified_gmt":"2011-10-07T00:52:08","slug":"shakira-se-estrena-como-asesora-de-obama","status":"publish","type":"post","link":"https:\/\/diarioelpopular.com\/index.php\/2011\/10\/06\/shakira-se-estrena-como-asesora-de-obama\/","title":{"rendered":"Shakira se estrena como asesora de Obama"},"content":{"rendered":"<div id=\"attachment_13328\" style=\"width: 710px\" class=\"wp-caption aligncenter\"><a href=\"http:\/\/retrolab.ca\/elpopular\/wp-content\/uploads\/2011\/10\/Shakira-la-nueva-asesora-de-Obama.jpg\"><img loading=\"lazy\" decoding=\"async\" aria-describedby=\"caption-attachment-13328\" class=\"size-full wp-image-13328\" title=\"Shakira, la nueva asesora de Obama\" src=\"http:\/\/retrolab.ca\/elpopular\/wp-content\/uploads\/2011\/10\/Shakira-la-nueva-asesora-de-Obama.jpg\" alt=\"\" width=\"700\" height=\"420\" \/><\/a><p id=\"caption-attachment-13328\" class=\"wp-caption-text\">La cantante colombiana Shakira, con un ni\u00f1o durante un evento ben\u00e9fico en R\u00edo de Janeiro. Shakira y la actriz y presentadora brasile\u00f1a Xuxa se unieron a trav\u00e9s de las fundaciones que comandan para ayudar a los ni\u00f1os menores de seis a\u00f1os de las comunidades m\u00e1s pobres de Brasil. Foto: Xavi Menos \/ Efe<\/p><\/div>\n<p><em><strong>Efe. Washington.-<\/strong><\/em> La cantante colombiana\u00a0Shakira\u00a0se estren\u00f3 este jueves en el consejo que asesora en materia de educaci\u00f3n hispana al presidente de EE UU, Barack Obama, con el deseo de aportar nuevas claves que mejoren la educaci\u00f3n preescolar en el pa\u00eds.<\/p>\n<p>En su primer d\u00eda en la Comisi\u00f3n para la Excelencia Educativa de los Hispanos,\u00a0Shakira\u00a0se mostr\u00f3 &#8220;encantada&#8221; de compartir las lecciones aprendidas en los 15 a\u00f1os que han pasado desde que cre\u00f3 la fundaci\u00f3n Pies Descalzos, que proporciona educaci\u00f3n y alimentos a ni\u00f1os de zonas pobres de Colombia y Hait\u00ed, entre otros pa\u00edses.<\/p>\n<p>&#8220;Mi gran reto en esta comisi\u00f3n es el de compartir la experiencia que he tenido trabajando con poblaci\u00f3n infantil que vive en la extrema pobreza&#8221;, asegur\u00f3 en la Casa Blanca la cantante, que fue nombrada oficialmente para el cargo el mi\u00e9rcoles.<\/p>\n<p>Shakira\u00a0puso el acento en la importancia de la educaci\u00f3n de los menores de 6 a\u00f1os, un periodo &#8220;vital para garantizar que tengan una vida exitosa como adultos&#8221;.<\/p>\n<p>&#8220;No hay ninguna inversi\u00f3n mejor ni m\u00e1s r\u00e1pida que la que repercute en la educaci\u00f3n de nuestros ni\u00f1os cuando son muy peque\u00f1os&#8221;, subray\u00f3 la artista, que pidi\u00f3 m\u00e1s programas y m\u00e1s centros dirigidos a mejorar la formaci\u00f3n en esas edades.<\/p>\n<p>Preguntada sobre su inter\u00e9s en implicarse en la educaci\u00f3n dentro de Estados Unidos, la cantante colombiana asegur\u00f3 que el pa\u00eds norteamericano le &#8220;importa&#8221;.<\/p>\n<p>&#8220;A mi manera, yo tambi\u00e9n vivo mi propio sue\u00f1o americano&#8221;, dijo\u00a0Shakira, que cuenta con una residencia en Miami (Florida).<\/p>\n<p>La int\u00e9rprete de \u00e9xitos como &#8220;La tortura&#8221; y el himno del Mundial de F\u00fatbol de Sud\u00e1frica record\u00f3 lo mucho que le marc\u00f3 &#8220;el hecho de haber crecido expuesta a tanta desigualdad&#8221; durante su infancia en Barranquilla (Colombia).<\/p>\n<p>&#8220;Estoy convencida de que podemos salir de ello, de que hay una forma de romper el ciclo de la pobreza. Y creo que la educaci\u00f3n es clave para ello&#8221;, indic\u00f3.<\/p>\n<p>La cantante, que tambi\u00e9n colabora en la fundaci\u00f3n ALAS en Brasil y es embajadora de buena voluntad de Unicef desde 2003, ha tenido una relaci\u00f3n estrecha con el Gobierno de Barack Obama, desde que actu\u00f3 en su gala de investidura en enero de 2009.<\/p>\n<p>A comienzos de 2010, la artista mantuvo una reuni\u00f3n privada con el mandatario, en la que trataron temas educativos y que, seg\u00fan record\u00f3 hoy, le dio la idea de organizar una cumbre a nivel nacional centrada en los programas de formaci\u00f3n preescolar, una idea que la Comisi\u00f3n asesora planea llevar a cabo el a\u00f1o que viene.<\/p>\n<p>Otros 27 miembros integran junto a\u00a0Shakira\u00a0la comisi\u00f3n presidencial, que celebr\u00f3 su primera reuni\u00f3n en mayo en la Casa Blanca y en la que participan tanto acad\u00e9micos como figuras del sector privado.<\/p>\n<p>La int\u00e9rprete, siete veces ganadora del premio Grammy Latino y de dos Grammy, se traslad\u00f3 despu\u00e9s de la sesi\u00f3n al Capitolio estadounidense, donde jur\u00f3 su cargo como asesora.<\/p>\n","protected":false},"excerpt":{"rendered":"<p>La cantante colombiana Shakira se estren\u00f3 este jueves en el consejo que asesora en materia de educaci\u00f3n hispana al presidente de EE UU, Barack Obama, con el deseo de aportar nuevas claves que mejoren la educaci\u00f3n preescolar en el pa\u00eds.<\/p>\n","protected":false},"author":1,"featured_media":13328,"comment_status":"closed","ping_status":"open","sticky":false,"template":"","format":"standard","meta":{"footnotes":""},"categories":[23],"tags":[8050,700,1736,123,2006],"class_list":["post-13379","post","type-post","status-publish","format-standard","has-post-thumbnail","hentry","category-latinoamerica","tag-asesora","tag-casa-blanca","tag-hispanos","tag-obama","tag-shakira"],"_links":{"self":[{"href":"https:\/\/diarioelpopular.com\/index.php\/wp-json\/wp\/v2\/posts\/13379","targetHints":{"allow":["GET"]}}],"collection":[{"href":"https:\/\/diarioelpopular.com\/index.php\/wp-json\/wp\/v2\/posts"}],"about":[{"href":"https:\/\/diarioelpopular.com\/index.php\/wp-json\/wp\/v2\/types\/post"}],"author":[{"embeddable":true,"href":"https:\/\/diarioelpopular.com\/index.php\/wp-json\/wp\/v2\/users\/1"}],"replies":[{"embeddable":true,"href":"https:\/\/diarioelpopular.com\/index.php\/wp-json\/wp\/v2\/comments?post=13379"}],"version-history":[{"count":0,"href":"https:\/\/diarioelpopular.com\/index.php\/wp-json\/wp\/v2\/posts\/13379\/revisions"}],"wp:featuredmedia":[{"embeddable":true,"href":"https:\/\/diarioelpopular.com\/index.php\/wp-json\/"}],"wp:attachment":[{"href":"https:\/\/diarioelpopular.com\/index.php\/wp-json\/wp\/v2\/media?parent=13379"}],"wp:term":[{"taxonomy":"category","embeddable":true,"href":"https:\/\/diarioelpopular.com\/index.php\/wp-json\/wp\/v2\/categories?post=13379"},{"taxonomy":"post_tag","embeddable":true,"href":"https:\/\/diarioelpopular.com\/index.php\/wp-json\/wp\/v2\/tags?post=13379"}],"curies":[{"name":"wp","href":"https:\/\/api.w.org\/{rel}","templated":true}]}}