{"id":1351,"date":"2011-06-10T02:36:33","date_gmt":"2011-06-10T06:36:33","guid":{"rendered":"http:\/\/retrolab.ca\/elpopular\/?p=1351"},"modified":"2011-06-10T02:36:33","modified_gmt":"2011-06-10T06:36:33","slug":"fernando-alonso-en-montreal-tenemos-mas-opciones","status":"publish","type":"post","link":"https:\/\/diarioelpopular.com\/index.php\/2011\/06\/10\/fernando-alonso-en-montreal-tenemos-mas-opciones\/","title":{"rendered":"Alonso: &#8220;En Montreal tenemos m\u00e1s opciones&#8221;"},"content":{"rendered":"<div id=\"attachment_1352\" style=\"width: 262px\" class=\"wp-caption alignright\"><a href=\"http:\/\/retrolab.ca\/elpopular\/wp-content\/uploads\/2011\/06\/20110609_634432426727233879.jpg\"><img loading=\"lazy\" decoding=\"async\" aria-describedby=\"caption-attachment-1352\" class=\"size-full wp-image-1352  \" title=\"Fernando Alonso, en Montreal\" src=\"http:\/\/retrolab.ca\/elpopular\/wp-content\/uploads\/2011\/06\/20110609_634432426727233879.jpg\" alt=\"\" width=\"252\" height=\"151\" \/><\/a><p id=\"caption-attachment-1352\" class=\"wp-caption-text\">El piloto espa\u00f1ol de F\u00f3rmula Uno Fernando Alonso, de la escuder\u00eda Ferrari, llega al circuito de Gille Villeneuve, en Montreal, donde este domingo se disputa el Gran Premio de Canad\u00e1. Foto: Andre Pichette \/ EFE<\/p><\/div>\n<p>Roma\/Montreal, 9 jun.- El piloto espa\u00f1ol\u00a0Fernando\u00a0Alonso\u00a0ha asegurado que en el pr\u00f3ximo Gran Premio de Canad\u00e1 los monoplazas de la escuder\u00eda Ferrari tendr\u00e1n mayores opciones de &#8220;luchar por los primeros puestos&#8221;.<\/p>\n<p>&#8220;En Montreal la influencia de la aerodin\u00e1mica, por el momento nuestro tal\u00f3n de Aquiles, es menos relevante y por lo tanto pensamos que podemos tener m\u00e1s oportunidades&#8221; de luchar por acabar la carrera en los primeros puestos, explic\u00f3\u00a0Alonso\u00a0en su &#8216;blog&#8217; en la p\u00e1gina oficial de Ferrari.<\/p>\n<p>El piloto se\u00f1al\u00f3 que &#8220;pese a tener tramos muy r\u00e1pidos, en el circuito canadiense funcionan bien los monoplaza que suben sobre los &#8216;pianos'&#8221; sin desequilibrarse demasiado y que son capaces de tener una buena tracci\u00f3n a la salida de las curvas lentas, caracter\u00edsticas que forman parte de los puntos fuertes del (Ferrari) 150\u00ba Italia&#8221;.<\/p>\n<p>Alonso\u00a0se refiri\u00f3 tambi\u00e9n a los frenos, &#8220;un elemento fundamental&#8221; en el Gran Premio de Canad\u00e1, por lo que ser\u00e1 necesario &#8220;trabajar bien durante los entrenamientos libres para entender cu\u00e1l ser\u00e1 el nivel exacto de enfriamiento a fin de evitar el riesgo de tener problemas en la carrera&#8221;.<\/p>\n<p>&#8220;En M\u00f3naco, hace diez d\u00edas, ten\u00edamos la posibilidad de ganar; ser\u00eda bonito lograrlo (en Montreal) porque la victoria nos falta desde hace demasiado tiempo&#8221;, subray\u00f3 el piloto espa\u00f1ol, que admiti\u00f3 que ser\u00e1 dif\u00edcil lograrlo, puesto que se espera un McLaren y un Red Bull &#8220;muy fuertes&#8221;.<\/p>\n<p>El espa\u00f1ol admiti\u00f3, por otro lado, que con un tercio de la temporada ya disputado la situaci\u00f3n en la clasificaci\u00f3n &#8220;no es favorable&#8221; para Ferrari.<\/p>\n<p>&#8220;Es verdad que quedan todav\u00eda muchos Grandes Premios pero est\u00e1 claro que tenemos que buscar un vuelco en t\u00e9rmino de puntos en este campeonato. Intentemos empezar en un circuito que lleva el nombre de uno de los pilotos m\u00e1s queridos por los seguidores de Ferrari, Gilles Villeneuve&#8221;, concluy\u00f3.<\/p>\n<p><strong>Vettel: &#8220;Conf\u00edo en luchar por la victoria este a\u00f1o en Montreal&#8221;<\/strong><\/p>\n<p>El alem\u00e1n Sebastian Vettel (Red Bull), actual campe\u00f3n del Mundo de F\u00f3rmula Uno y l\u00edder del actual certamen, se mostr\u00f3 este jueves confiado en poder luchar por la victoria este a\u00f1o en el Gran Premio de Canad\u00e1, que se disputa este fin de semana, tras la aciaga carrera de 2010.<\/p>\n<p>&#8220;Estoy muy confiado en poder pelear por la victoria este a\u00f1o. En 2010 ten\u00edamos un buen coche aqu\u00ed, pero no estuvimos en el podio, ya que comenzamos la carrera con una estrategia diferente que no result\u00f3&#8221;, dijo Vettel, quien asegur\u00f3 haber aprendido la lecci\u00f3n.<\/p>\n<p>Vettel reconoci\u00f3 que la configuraci\u00f3n del circuito de Montreal, que cuenta con largas rectas y curvas de media velocidad, no son muy favorables a Red Bull, pero advirti\u00f3 de que el equipo tiene mejoras adicionales para introducir en el coche que espera que les permitir\u00e1 estar en la pelea.<\/p>\n<p>&#8220;Sabemos que las rectas largas rectas no siempre nos favorecen. Nuestro coche es muy bueno en las curvas r\u00e1pidas, pero no tenemos ninguna de esas en Montreal, as\u00ed que habr\u00e1 que esperar&#8221;, coment\u00f3.<\/p>\n<p>Desvel\u00f3 que el equipo ha trabajado para a\u00f1adir algunos elementos al monoplaza para la carrera de Canad\u00e1 y que, aunque no son muchas, s\u00ed que cree que son peque\u00f1os pasos que ma\u00f1ana viernes sabr\u00e1n si son efectivos.<\/p>\n<p>&#8220;\u00c9ste es uno de los fines de semana m\u00e1s dif\u00edciles para nosotros, porque la pista es muy diferente y el asfalto es muy liso, as\u00ed que el rendimiento de los neum\u00e1ticos ser\u00e1 importante&#8221;, dijo.<\/p>\n<p>Vettel considera que, a pesar de la ventaja de 58 puntos sobre su perseguidor inmediato, su objetivo se mantiene en lograr la victoria en cada carrera en lugar de adoptar una posici\u00f3n conservadora.<\/p>\n<p>EFE<\/p>\n","protected":false},"excerpt":{"rendered":"<p>El piloto espa\u00f1ol Fernando Alonso ha asegurado que en el pr\u00f3ximo Gran Premio de Canad\u00e1 los monoplazas de la escuder\u00eda Ferrari tendr\u00e1n mayores opciones de &#8220;luchar por los primeros puestos&#8221;.<\/p>\n","protected":false},"author":1,"featured_media":1352,"comment_status":"closed","ping_status":"open","sticky":false,"template":"","format":"standard","meta":{"footnotes":""},"categories":[28],"tags":[6232,6233,6211,6148,3420,400,5856],"class_list":["post-1351","post","type-post","status-publish","format-standard","has-post-thumbnail","hentry","category-deportes","tag-automovilismo","tag-fernando-alonso","tag-formula-1","tag-formula-uno","tag-gp","tag-montreal","tag-vettel"],"_links":{"self":[{"href":"https:\/\/diarioelpopular.com\/index.php\/wp-json\/wp\/v2\/posts\/1351","targetHints":{"allow":["GET"]}}],"collection":[{"href":"https:\/\/diarioelpopular.com\/index.php\/wp-json\/wp\/v2\/posts"}],"about":[{"href":"https:\/\/diarioelpopular.com\/index.php\/wp-json\/wp\/v2\/types\/post"}],"author":[{"embeddable":true,"href":"https:\/\/diarioelpopular.com\/index.php\/wp-json\/wp\/v2\/users\/1"}],"replies":[{"embeddable":true,"href":"https:\/\/diarioelpopular.com\/index.php\/wp-json\/wp\/v2\/comments?post=1351"}],"version-history":[{"count":0,"href":"https:\/\/diarioelpopular.com\/index.php\/wp-json\/wp\/v2\/posts\/1351\/revisions"}],"wp:featuredmedia":[{"embeddable":true,"href":"https:\/\/diarioelpopular.com\/index.php\/wp-json\/"}],"wp:attachment":[{"href":"https:\/\/diarioelpopular.com\/index.php\/wp-json\/wp\/v2\/media?parent=1351"}],"wp:term":[{"taxonomy":"category","embeddable":true,"href":"https:\/\/diarioelpopular.com\/index.php\/wp-json\/wp\/v2\/categories?post=1351"},{"taxonomy":"post_tag","embeddable":true,"href":"https:\/\/diarioelpopular.com\/index.php\/wp-json\/wp\/v2\/tags?post=1351"}],"curies":[{"name":"wp","href":"https:\/\/api.w.org\/{rel}","templated":true}]}}