{"id":13765,"date":"2011-10-11T23:49:28","date_gmt":"2011-10-12T03:49:28","guid":{"rendered":"http:\/\/retrolab.ca\/elpopular\/?p=13765"},"modified":"2011-10-11T23:49:28","modified_gmt":"2011-10-12T03:49:28","slug":"el-huracan-jova-golpea-el-litoral-del-pacifico-mexicano","status":"publish","type":"post","link":"https:\/\/diarioelpopular.com\/index.php\/2011\/10\/11\/el-huracan-jova-golpea-el-litoral-del-pacifico-mexicano\/","title":{"rendered":"El hurac\u00e1n &#8216;Jova&#8217; golpea el Pac\u00edfico mexicano"},"content":{"rendered":"<div id=\"attachment_13766\" style=\"width: 710px\" class=\"wp-caption aligncenter\"><a href=\"http:\/\/retrolab.ca\/elpopular\/wp-content\/uploads\/2011\/10\/Hurac%C3%A1n-Jova.gif\"><img loading=\"lazy\" decoding=\"async\" aria-describedby=\"caption-attachment-13766\" class=\"size-full wp-image-13766\" title=\"Hurac\u00e1n Jova\" src=\"http:\/\/retrolab.ca\/elpopular\/wp-content\/uploads\/2011\/10\/Hurac%C3%A1n-Jova.gif\" alt=\"\" width=\"700\" height=\"420\" \/><\/a><p id=\"caption-attachment-13766\" class=\"wp-caption-text\">Evoluci\u00f3n prevista del hurac\u00e1n &#039;Jova&#039;, en una mapa del Centro Nacional de Huracanes de EE UU<\/p><\/div>\n<p><em><strong>Efe. Ciudad de M\u00e9xico.-<\/strong><\/em> La &#8220;muralla&#8221; del hurac\u00e1n &#8220;Jova&#8221;, de categor\u00eda 2 en la escala Saffir-Simpson (de un m\u00e1ximo de 5), comenz\u00f3 a golpear la noche de este martes el litoral del Pac\u00edfico mexicano y se preve\u00eda que el ojo del cicl\u00f3n est\u00e9 en territorio en las siguientes dos o tres horas.<\/p>\n<p>El Servicio Meteorol\u00f3gico Nacional (SMN) explic\u00f3 a Efe que la &#8220;muralla&#8221; (frente) del hurac\u00e1n se encontraba a las 23.00 hora local (04.00 GMT del mi\u00e9rcoles) golpeando, con lluvia y vientos, los estados de Jalisco y Nayarit y que el ojo del hurac\u00e1n entrar\u00e1 por el territorio de Jalisco, oeste.<\/p>\n<p>El meteoro, que se form\u00f3 como tormenta tropical el pasado jueves y se convirti\u00f3 en hurac\u00e1n el s\u00e1bado, presenta esta noche vientos m\u00e1ximos de 160 kil\u00f3metros por hora y rachas de 195 kil\u00f3metros.<\/p>\n<p>El cicl\u00f3n tiene un \u00edndice de peligrosidad &#8220;fuerte&#8221; y en las zonas costeras de los estados de Michoac\u00e1n, Colima, Jalisco, Nayarit y sur de Sinaloa provoca lluvia, viento y oleaje elevado, se\u00f1al\u00f3 el informe m\u00e1s reciente del SMN.<\/p>\n<p>&#8220;Jova&#8221; se desplaza hacia el nor-noreste a 13 kil\u00f3metros por hora, de acuerdo con el reporte del SMN.<\/p>\n<p>&#8220;De continuar su actual direcci\u00f3n y velocidad de desplazamiento, se espera que el centro del hurac\u00e1n &#8220;Jova&#8221; entre a tierra entre las 01.00 y 02.00 del mi\u00e9rcoles (06.00 y 07.00 GMT)&#8221;, indic\u00f3 el SMN.<\/p>\n<p>El Servicio Meteorol\u00f3gico pronostic\u00f3 que en las pr\u00f3ximas horas, cuando se encuentre ya en territorio del estado de Jalisco, &#8220;Jova&#8221; bajar\u00e1 a categor\u00eda uno, con vientos m\u00e1ximos de 120 kil\u00f3metros y rachas de 150.<\/p>\n<p>Jalisco, con una poblaci\u00f3n de 7,1 millones de personas, inaugura el pr\u00f3ximo viernes en Guadalajara, su capital, los XVI Juegos Panamericanos y tiene varios atractivos de playa como la ciudad de Puerto Vallarta.<\/p>\n<p>Las autoridades de Jalisco y Colima instalaron los albergues necesarios para recibir a la poblaci\u00f3n que lo requiera.<\/p>\n<p>Las autoridades mexicanas establecieron una zona de alerta que va desde el Roblito, en el estado de Sinaloa, a Punta San Telmo, en el estado de Michoac\u00e1n, por &#8220;lluvias intensas en los estados de Michoac\u00e1n, Colima, Jalisco, Guerrero y Nayarit&#8221;.<\/p>\n<p>El SMN recomend\u00f3 a la navegaci\u00f3n mar\u00edtima en las inmediaciones del sistema &#8220;tomar precauciones por efectos intensos de lluvia, viento y oleaje&#8221; y pidi\u00f3 a la poblaci\u00f3n de los cinco estados con eventuales afectaciones &#8220;atender las indicaciones&#8221; de las autoridades de protecci\u00f3n civil ante la presencia del hurac\u00e1n.<\/p>\n<p>&#8220;Jova&#8221; es el noveno hurac\u00e1n de la actual temporada de ciclones en el Pac\u00edfico, despu\u00e9s de &#8220;Adri\u00e1n&#8221;, que alcanz\u00f3 la categor\u00eda 4, &#8220;Beatriz&#8221; (1), &#8220;Calvin&#8221; (1), &#8220;Dora&#8221; (4), &#8220;Eugene&#8221; (4), &#8220;Greg&#8221; (1), &#8220;Hilary&#8221; (4) e &#8220;Irwin&#8221; (1), y el primero que toca tierra.<\/p>\n","protected":false},"excerpt":{"rendered":"<p>La &#8220;muralla&#8221; del hurac\u00e1n &#8220;Jova&#8221;, de categor\u00eda 2 en la escala Saffir-Simpson (de un m\u00e1ximo de 5), comenz\u00f3 a golpear la noche de este martes el litoral del Pac\u00edfico mexicano y se preve\u00eda que el ojo del cicl\u00f3n est\u00e9 en territorio en las siguientes dos o tres horas.<\/p>\n","protected":false},"author":1,"featured_media":13766,"comment_status":"closed","ping_status":"open","sticky":false,"template":"","format":"standard","meta":{"footnotes":""},"categories":[23],"tags":[5486,8100,167],"class_list":["post-13765","post","type-post","status-publish","format-standard","has-post-thumbnail","hentry","category-latinoamerica","tag-huracan","tag-jova","tag-mexico"],"_links":{"self":[{"href":"https:\/\/diarioelpopular.com\/index.php\/wp-json\/wp\/v2\/posts\/13765","targetHints":{"allow":["GET"]}}],"collection":[{"href":"https:\/\/diarioelpopular.com\/index.php\/wp-json\/wp\/v2\/posts"}],"about":[{"href":"https:\/\/diarioelpopular.com\/index.php\/wp-json\/wp\/v2\/types\/post"}],"author":[{"embeddable":true,"href":"https:\/\/diarioelpopular.com\/index.php\/wp-json\/wp\/v2\/users\/1"}],"replies":[{"embeddable":true,"href":"https:\/\/diarioelpopular.com\/index.php\/wp-json\/wp\/v2\/comments?post=13765"}],"version-history":[{"count":0,"href":"https:\/\/diarioelpopular.com\/index.php\/wp-json\/wp\/v2\/posts\/13765\/revisions"}],"wp:featuredmedia":[{"embeddable":true,"href":"https:\/\/diarioelpopular.com\/index.php\/wp-json\/"}],"wp:attachment":[{"href":"https:\/\/diarioelpopular.com\/index.php\/wp-json\/wp\/v2\/media?parent=13765"}],"wp:term":[{"taxonomy":"category","embeddable":true,"href":"https:\/\/diarioelpopular.com\/index.php\/wp-json\/wp\/v2\/categories?post=13765"},{"taxonomy":"post_tag","embeddable":true,"href":"https:\/\/diarioelpopular.com\/index.php\/wp-json\/wp\/v2\/tags?post=13765"}],"curies":[{"name":"wp","href":"https:\/\/api.w.org\/{rel}","templated":true}]}}