{"id":13837,"date":"2011-10-12T11:07:10","date_gmt":"2011-10-12T15:07:10","guid":{"rendered":"http:\/\/retrolab.ca\/elpopular\/?p=13837"},"modified":"2011-10-12T11:07:10","modified_gmt":"2011-10-12T15:07:10","slug":"notas-del-futbol-hispano-15","status":"publish","type":"post","link":"https:\/\/diarioelpopular.com\/index.php\/2011\/10\/12\/notas-del-futbol-hispano-15\/","title":{"rendered":"Notas del f\u00fatbol hispano"},"content":{"rendered":"<div id=\"attachment_13845\" style=\"width: 310px\" class=\"wp-caption alignright\"><a href=\"http:\/\/retrolab.ca\/elpopular\/wp-content\/uploads\/2011\/10\/FOTO-1-NOTAS.jpg\"><img loading=\"lazy\" decoding=\"async\" aria-describedby=\"caption-attachment-13845\" class=\"size-medium wp-image-13845\" title=\"Jugadores del Pichincha, con la bandera de Ecuador\" src=\"http:\/\/retrolab.ca\/elpopular\/wp-content\/uploads\/2011\/10\/FOTO-1-NOTAS-300x199.jpg\" alt=\"\" width=\"300\" height=\"199\" \/><\/a><p id=\"caption-attachment-13845\" class=\"wp-caption-text\">Jugadores del Pichincha, con la bandera de Ecuador, dispuestos a llevarse la Copa Consuelo ante Santa Lucia, este s\u00e1bado en la hispana<\/p><\/div>\n<p>El Deportivo Cuenca acapara la atenci\u00f3n en cada nuevo partido, no solo por los buenos resultados que obtienen los jugadores en la cancha, sino m\u00e1s porque este equipo tiene varias personas como entrenadores que brindan instrucciones a los jugadores. El pasado s\u00e1bado en la semifinal entre Cuenca y Ecuador United, Luis Toromoreno, uno de los entrenadores de mayor relevancia entre los cuencanos, durante gran parte del partido, se encontraba en las tribunas al lado de sus amigos Yanko Quiroz y Jorge Andrade. Al promediar el segundo tiempo, cuando parec\u00eda que Ecuador United iba ganar el juego, Luis, bajo a la cancha y al borde de las misma comenz\u00f3 a brindar instrucciones a diestra y siniestra a los muchachos y al parecer dio resultado porque sacaron adelante el partido aunque que con susto pero de todas formas ya est\u00e1n en la final ante Copihues. Igual forma al lado de Luis, hab\u00eda hasta tres o cuatro personas m\u00e1s que daban instrucciones a los jugadores cuencanos, siendo uno de los pocos equipos con varios entrenadores.<\/p>\n<p>\u201cEsto no sucede en el Esmeralda Sporting, en donde el \u00fanico que manda es el entrenador Carlos \u201cpana\u201d Ortiz, comentaba el Yanko, cuando ve\u00eda la cantidad de entrenadores del equipo cuencano. Despu\u00e9s agreg\u00f3, l\u00f3gicamente siempre y cuando juegue Jorge Andrade, de lo contrario el puesto del \u201cpana\u201d podr\u00eda tambalear\u2026<\/p>\n<div id=\"attachment_13847\" style=\"width: 310px\" class=\"wp-caption alignleft\"><a href=\"http:\/\/retrolab.ca\/elpopular\/wp-content\/uploads\/2011\/10\/FOTO-2-NOTAS1.jpg\"><img loading=\"lazy\" decoding=\"async\" aria-describedby=\"caption-attachment-13847\" class=\"size-medium wp-image-13847\" title=\"Sergio Meza, el \u201cc\u00f3ndor Rojas\u201d y el golero Roberto \u201csuperman\u201d Mart\u00ednez\" src=\"http:\/\/retrolab.ca\/elpopular\/wp-content\/uploads\/2011\/10\/FOTO-2-NOTAS1-300x257.jpg\" alt=\"\" width=\"300\" height=\"257\" \/><\/a><p id=\"caption-attachment-13847\" class=\"wp-caption-text\">Sergio Meza, el \u201cc\u00f3ndor Rojas\u201d y el golero Roberto \u201csuperman\u201d Mart\u00ednez, de gran rendimiento en Copihues Rojos.<\/p><\/div>\n<p>Jorge Andrade se siente orgulloso no solamente por ganarle otra vez una final a sus \u201cpanas\u201d del Equipo del Pueblo sin Angelo \u201cBayron\u201d Espinoza, sino que varios jugadores del plantel de su club Esmeralda Sporting, juegan tanto en Cuenca y Copihues\u2026<\/p>\n<p>Elegir el mejor jugador del torneo de la hispana, no va ser cosa f\u00e1cil para Rodrigo, pero en nuestra opini\u00f3n nos inclinamos por Manuel Villarroel, de gran campa\u00f1a con Copihues, adem\u00e1s es todo un deportista, y siempre ha estado en la mayor\u00eda de partidos de su equipo a lo largo del torneo\u2026<\/p>\n<p>Rodrigo, tiene guardado el gimnasio donde se jugar\u00e1 el torneo indoor de la hispana, hay varios, uno por Jane &amp; Finch, otro m\u00e1s cerca a Wilson, en fin veremos qu\u00e9 pasa\u2026<\/p>\n<p>Nuestro corresponsal por Buenos Aires, Jos\u00e9 Ruiz anda m\u00e1s que contento por la buena actuaci\u00f3n de Argentina ante Chile, y claro con dos del Real Madrid: \u201cPipita\u201d Iguain y Di Mar\u00eda, m\u00e1s el mejor de todos del Barcelona, Lional Messi, como no iban jugar bien. El problema de Argentina es la zona defensiva que hace tiempo no anda bien, lo mismo los goleros no ofrecen garant\u00edas\u2026 Estas nuevas eliminatorias no tienen tanta pasi\u00f3n como las anteriores, inclusive a nivel internacional pasan casi desapercibidas, la falta de Brasil quita mucha exceptiva y el precio de las transmisiones se ha venido a pique. Brasil es la m\u00e1xima atracci\u00f3n de futbol mundial, as\u00ed pierda o juegue mal, pero siempre hay jugador que hace una gran jugada y eso despu\u00e9s es lo m\u00e1s comentado por la afici\u00f3n\u2026<\/p>\n<div id=\"attachment_13839\" style=\"width: 265px\" class=\"wp-caption alignright\"><a href=\"http:\/\/retrolab.ca\/elpopular\/wp-content\/uploads\/2011\/10\/FOTO-4-NOTAS1.jpg\"><img loading=\"lazy\" decoding=\"async\" aria-describedby=\"caption-attachment-13839\" class=\"size-medium wp-image-13839\" title=\"Kara Lang, en su momento de gran futbolista de la selecci\u00f3n canadiense\" src=\"http:\/\/retrolab.ca\/elpopular\/wp-content\/uploads\/2011\/10\/FOTO-4-NOTAS1-255x300.jpg\" alt=\"\" width=\"255\" height=\"300\" \/><\/a><p id=\"caption-attachment-13839\" class=\"wp-caption-text\">Kara Lang, en su momento de gran futbolista de la selecci\u00f3n canadiense, retirada del f\u00fatbol por lesi\u00f3n. Foto: Hugo Vera M\u00e9ndez<\/p><\/div>\n<p>Recientemente presenciamos a la ex futbolista canadiense Kara Lang, en la tarea de comentarista de televisi\u00f3n canadiense en los partidos de Canad\u00e1 en el pre mundial Brasil 2014. Kara, sufri\u00f3 varias lesiones a su rodilla que la obligaron a retirarse hace un par de a\u00f1os quiz\u00e1s a la edad de 23 a\u00f1os o menos. Ella, debut\u00f3 en una selecci\u00f3n adulta a los 16 o 17 a\u00f1os, siendo participe del mejor momento del f\u00fatbol femenino canadiense al lado de Christie St. Clair y otras compa\u00f1eras que estuvieron al borde de darle un titulo de campe\u00f3n mundial juvenil a Canad\u00e1, a\u00f1os atr\u00e1s. Kara Lang, residente en Mississagua, se mantiene en el f\u00fatbol soccer esta vez en calidad de comentarista y quiz\u00e1s pronto como entrenadora. Ella destacaba por su buena marca en la mediacancha, adem\u00e1s jugaba con mucha determinaci\u00f3n, y hasta que se lesion\u00f3: ser\u00e1 dif\u00edcil que salga otra gran jugadora como ella, de la noche a la ma\u00f1ana. Su ausencia en las selecciones canadienses, se comienza notar, el caso m\u00e1s notorio fue la pobre actuaci\u00f3n de Canad\u00e1 en la reciente copa mundial en Alemania 2011. El nuevo mundial adulto femenino se jugar\u00e1 en Canad\u00e1 en el 2015, y el equipo ya se viene preparando como un nuevo entrenador\u2026<\/p>\n<p>Christine St. Clair, la mejor futbolista canadiense de los tiempos, se mantiene en gran participaci\u00f3n, tanto as\u00ed que ser\u00e1 abanderada de Canad\u00e1 en los Juegos Panamericanos de Guadalajara, M\u00e9xico, que se inicia este viernes\u2026.<\/p>\n<div id=\"attachment_13842\" style=\"width: 216px\" class=\"wp-caption alignleft\"><a href=\"http:\/\/retrolab.ca\/elpopular\/wp-content\/uploads\/2011\/10\/FOTO-3-NOTAS1.jpg\"><img loading=\"lazy\" decoding=\"async\" aria-describedby=\"caption-attachment-13842\" class=\"size-medium wp-image-13842 \" title=\"Lionel Messi y un compa\u00f1ero felicitan a Iguain\" src=\"http:\/\/retrolab.ca\/elpopular\/wp-content\/uploads\/2011\/10\/FOTO-3-NOTAS1-206x300.jpg\" alt=\"\" width=\"206\" height=\"300\" \/><\/a><p id=\"caption-attachment-13842\" class=\"wp-caption-text\">Lionel Messi y un compa\u00f1ero, felicitando a Gonzalo \u201cpipita\u201d Iguain, por sus goles en las eliminatorias hacia Brasil 2014. Foto; Jos\u00e9 Ruiz, desde Buenos Aires)<\/p><\/div>\n<p>El entrenador del Milan, Massimiliano Allegri, dijo que el delantero sueco Zlatan Ibrahimovic tiene ganas de quedarse en el conjunto &#8216;rossonero&#8217; y de seguir obteniendo triunfos en \u00e9l. Allegri hizo estas declaraciones al canal de televisi\u00f3n por cable Sky, con las que sali\u00f3 al paso de las conjeturas y las informaciones aparecidas en los medios de comunicaci\u00f3n sobre una posible marcha del sueco, para el que incluso llegaron a perfilar un futuro en el Real Madrid. Las noticias sobre la marcha de Ibrahimovic sonaron con fuerza despu\u00e9s de las declaraciones hechas por el jugador mientras se encontraba concentrado con la selecci\u00f3n sueca, en las que se\u00f1al\u00f3 que el futbol se hab\u00eda convertido en una &#8220;rutina&#8221;\u2026<\/p>\n<p>Franz Beckenbauer ha apuntado que el FC Barcelona es &#8220;la medida de todas las cosas&#8221;, por encima incluso de la calidad que le reconoce a la selecci\u00f3n espa\u00f1ola y debido a la presencia en sus filas del argentino Leo Messi. &#8220;Hoy por hoy la medida de todas las cosas es el Barcelona. Este club se sit\u00faa incluso por encima de la selecci\u00f3n espa\u00f1ola porque Messi est\u00e1 en sus filas. Es el f\u00fatbol perfecto, por su movilidad, su finura, sus cambios inmediatos&#8221;, apunta Beckenbauer, en declaraciones a &#8220;Kicker&#8221;. Beckenbauer rehuye, sin embargo, hacer pron\u00f3sticos acerca de si el Barcelona lograr\u00e1 revalidar su t\u00edtulo de la Champions y apunta a que &#8220;tienen la calidad&#8221; para lograrlo, pero que hasta ahora ning\u00fan otro club lo logr\u00f3. El presidente de honor del Bayern M\u00fanich considera asimismo que la selecci\u00f3n espa\u00f1ola es, hoy por hoy, el mejor conjunto nacional, pero advierte que la alemana est\u00e1 avanzando y se permite pronosticar que ambas ser\u00e1n las favoritas de la Eurocopa de 2012. &#8220;Son las favoritas. Despu\u00e9s vienen los franceses, que en el mundial 2010 se comportaron como una tropa indisciplinada, pero que ahora muestran una buena imagen&#8221;, argumenta\u2026<\/p>\n<div id=\"attachment_13849\" style=\"width: 310px\" class=\"wp-caption alignright\"><a href=\"http:\/\/retrolab.ca\/elpopular\/wp-content\/uploads\/2011\/10\/FOTO-5-NOTAS1.jpg\"><img loading=\"lazy\" decoding=\"async\" aria-describedby=\"caption-attachment-13849\" class=\"size-medium wp-image-13849 \" title=\"Cristian Maturana, zaguero del Copihues Rojos, ante Luis \u201cMessi\u201d Boada, del Cuenca\" src=\"http:\/\/retrolab.ca\/elpopular\/wp-content\/uploads\/2011\/10\/FOTO-5-NOTAS1-300x269.jpg\" alt=\"\" width=\"300\" height=\"269\" \/><\/a><p id=\"caption-attachment-13849\" class=\"wp-caption-text\">Cristian Maturana, zaguero del Copihues Rojos, ante Luis \u201cMessi\u201d Boada, del Cuenca, protagonizar\u00e1n otro duelo en la gran final de la hispana<\/p><\/div>\n<p>El veterano mediapunta brasile\u00f1o Rivaldo declar\u00f3 este domingo que &#8220;el Bar\u00e7a est\u00e1 un escal\u00f3n por encima del Madrid&#8221;, en una entrevista concedida al diario MARCA. El ex azulgrana, que a sus 39 a\u00f1os agota sus \u00faltimas temporadas en el Sao Paulo brasile\u00f1o, repas\u00f3 la actualidad en clave azulgrana y no escatim\u00f3 en elogios hacia su ex equipo. &#8220;Me parece un equipo fant\u00e1stico, de esos a los que me gusta verles jugar. Pagar\u00eda una entrada por poderles ver en directo&#8221;, afirm\u00f3, a pesar de que desestim\u00f3 la posibilidad de calificarlo como el mejor de la historia. &#8220;Es un gran equipo, sin duda. No s\u00e9 si es el mejor, porque no me atrevo a decir tanto, pero est\u00e1 firmando una etapa inolvidable en la historia del club&#8221;, a\u00f1adi\u00f3. Sobre la rivalidad entre Guardiola y Mourinho, Rivaldo consider\u00f3 que ambos &#8220;son dos grandes entrenadores y tienen un gran curriculum&#8221;, a\u00f1adiendo que &#8220;no me decanto por ninguno, pero son dos de los mejores entrenadores que hay en el mundo&#8221;. El ex azulgrana tambi\u00e9n record\u00f3 su experiencia con ambos en Barcelona. &#8220;Pep era un grande como jugador, adem\u00e1s de una gran persona&#8221;, afirm\u00f3, se\u00f1alando que ya se vislumbraba su prometedor futuro como t\u00e9cnico. &#8220;Ya se ve\u00eda que ser\u00eda un gran entrenador si decid\u00eda dedicarse a ello&#8221;, declar\u00f3, al tiempo que tambi\u00e9n elogi\u00f3 a &#8216;Mou&#8217;, de quien &#8220;podr\u00eda decir lo mismo en lo personal y en lo profesional&#8221;\u2026<\/p>\n<div id=\"attachment_13851\" style=\"width: 310px\" class=\"wp-caption alignleft\"><a href=\"http:\/\/retrolab.ca\/elpopular\/wp-content\/uploads\/2011\/10\/FOTO-6-NOTAS1.jpg\"><img loading=\"lazy\" decoding=\"async\" aria-describedby=\"caption-attachment-13851\" class=\"size-medium wp-image-13851 \" title=\"Chile Lindo infantil\" src=\"http:\/\/retrolab.ca\/elpopular\/wp-content\/uploads\/2011\/10\/FOTO-6-NOTAS1-300x238.jpg\" alt=\"\" width=\"300\" height=\"238\" \/><\/a><p id=\"caption-attachment-13851\" class=\"wp-caption-text\">Chile Lindo infantil, con el fiel H\u00e9ctor \u201cpollito\u201d Saa, tradicional participante en la Copa Diario El Popular<\/p><\/div>\n<p>La residencia que el jugador uruguayo Edinson Cavani tiene en N\u00e1poles fue asaltada por unos ladrones durante la noche del s\u00e1bado al domingo, seg\u00fan informaron los medios de comunicaci\u00f3n italianos Ni el jugador, que se encuentra concentrado con la selecci\u00f3n uruguaya que estos d\u00edas juega las eliminatorias sudamericanas del Mundial de Brasil 2014, ni ning\u00fan miembro de su familia se encontraban en la casa en el momento del asalto. Por el momento, no ha trascendido a cu\u00e1nto asciende el bot\u00edn que los ladrones se llevaron de la casa que el jugador tiene en Locrino, en la localidad de Pozzuoli, cerca de N\u00e1poles. Los \u00fanicos detalles que se conocen es que los asaltantes se llevaron algunos collares de oro y varias piezas de ropa, entre ellas, algunas camisetas del uniforme del futbolista\u2026<\/p>\n<p>El Corinthians, con el debut de Adriano, gole\u00f3 este domingo por 3-0 al Atl\u00e9tico Goianiense y retom\u00f3 el liderato del Campeonato Brasile\u00f1o al aprovechar la derrota del Vasco da Gama, l\u00edder en las \u00faltimas jornadasEn el partido de cierre de la vig\u00e9sima octava jornada, el Corinthians deleit\u00f3 con goles y la recuperaci\u00f3n del liderato a los 33.000 espectadores que colmaron el estadio Pacaemb\u00fa. Adriano, ausente de las canchas durante m\u00e1s de siete meses, jug\u00f3 los \u00faltimos once minutos. Alex, Leandro Cast\u00e1n y Willian convirtieron los goles del Corinthians, que se puso al frente en el torneo con 51 puntos, mientras que equipo de Goiania, que hab\u00eda encadenado buenos resultados, se estanc\u00f3 con 38 unidades&#8230;<\/p>\n<div id=\"attachment_13857\" style=\"width: 271px\" class=\"wp-caption alignright\"><a href=\"http:\/\/retrolab.ca\/elpopular\/wp-content\/uploads\/2011\/10\/FOTO-7-NOTAS1.jpg\"><img loading=\"lazy\" decoding=\"async\" aria-describedby=\"caption-attachment-13857\" class=\"size-medium wp-image-13857\" title=\"Nazareno\" src=\"http:\/\/retrolab.ca\/elpopular\/wp-content\/uploads\/2011\/10\/FOTO-7-NOTAS1-261x300.jpg\" alt=\"\" width=\"261\" height=\"300\" \/><\/a><p id=\"caption-attachment-13857\" class=\"wp-caption-text\">El delantero Nazareno, otro de los buenos valores del Deportivo Cuenca en la final ante Copihues<\/p><\/div>\n<p>FC Dallas le ha extendido el contrato al defensa colombiano Jair Ben\u00edtez, quien junto con el volante Andrew Jacobson, regresar\u00e1n la pr\u00f3xima temporada para jugar con el equipo texano. Debido a la reglamentaci\u00f3n de la liga, los t\u00e9rminos de contrato no fueron divulgados. \u201cEstamos muy felices de retener a Jair Ben\u00edtez y a Andrew Jacobson\u201d, dijo el DT de FC Dallas Schellas Hyndman. \u201cJair ha sido muy importante para el \u00e9xito del FC Dallas; lo considero como uno de los mejores defensas laterales en la Major League Soccer\u201d. \u201cJair no solamente defiende, el tambi\u00e9n tiene habilidades de ataque\u201d, agreg\u00f3. Ben\u00edtez se incorpor\u00f3 al FC Dallas como pr\u00e9stamo del legendario club colombiano, Deportivo Cali, el 22 de julio, 2009. Desde ese entonces, ha participado en 65 partidos con Dallas, 63 como titular y ha conseguido cinco asistencias\u2026<\/p>\n<p>El mediocampista ingl\u00e9s David Beckham confes\u00f3 sentirse &#8220;honrado de saber&#8221; que el brasile\u00f1o Leonardo, director deportivo del Par\u00eds Saint-Germain, busca ficharlo, pero revelar\u00e1 noticias sobre su futuro hasta el final de la temporada de la MLS, en Estados Unidos, en noviembre. &#8220;Aprecio mucho a Leonardo, es un gran m\u00e1nager. Me siento muy honrado de saber que \u00e9l quisiera tenerme en el Par\u00eds SG, pero yo soy jugador del Galaxy&#8221;, coment\u00f3 &#8220;Becks&#8221;. &#8220;Mis hijos van a la escuela en Los \u00c1ngeles desde hace cinco a\u00f1os. A su edad necesitan un poco de estabilidad&#8221;, explic\u00f3 el jugador, de 36 a\u00f1os de edad. Los rumores se desataron desde hace tres semanas como consecuencia de unas palabras de Leonardo a la BBC. &#8220;La puerta est\u00e1 abierta. Es m\u00e1s que un jugador de f\u00fatbol, es una marca, un &#8216;pop-star&#8217;. Me har\u00eda reflexionar (&#8230;) Fui su entrenador en el AC Milan, tenemos muy buenas relaci\u00f3n y lo admiro&#8221;, confes\u00f3 el directivo del PSG sobre el ex jugador del Manchester United y del Real Madrid\u2026<\/p>\n<div id=\"attachment_13859\" style=\"width: 288px\" class=\"wp-caption alignleft\"><a href=\"http:\/\/retrolab.ca\/elpopular\/wp-content\/uploads\/2011\/10\/FOTO-8-NOTAS1.jpg\"><img loading=\"lazy\" decoding=\"async\" aria-describedby=\"caption-attachment-13859\" class=\"size-medium wp-image-13859\" title=\"Gerardo Villanueva, Eligio Castelan, Librado Morales y Daniel Rivas\" src=\"http:\/\/retrolab.ca\/elpopular\/wp-content\/uploads\/2011\/10\/FOTO-8-NOTAS1-278x300.jpg\" alt=\"\" width=\"278\" height=\"300\" \/><\/a><p id=\"caption-attachment-13859\" class=\"wp-caption-text\">Los jugadores Gerardo Villanueva, Eligio Castelan, Librado Morales y Daniel Rivas, de Azteca, en la banca esperando su oportunidad ante Copihues que gan\u00f3 la semifinal reciente en la hispana<\/p><\/div>\n<p>El golero Roberto \u201csuperman\u201d Martinez, no se mostr\u00f3 decepcionado con Esmeralda Sporting, en la final que gan\u00f3 al Equipo del Pueblo. Resulta que el buen \u201csuperman\u201d, ataj\u00f3 toda la temporada regular, y solo le hicieron seis goles, y pero no jug\u00f3 en la semis y tampoco en la final, siendo reemplazado por Diego Quiroga. Jorge Andrade, el propietario del Esmeralda, nos comentaba que antes que nada, el respeta al jugador que siempre asiste, pero en el caso de \u201cSuperman\u201d Mart\u00ednez, afirm\u00f3 que previamente le dijo a Roberto, que el golero titular en los partidos finales iba ser Diego, que no jug\u00f3 antes por encontrarse lesionado&#8230;<\/p>\n<p>Un caso de ejemplar cari\u00f1o a un club, lo tiene el golero Marco Toral, en el Deportivo Cuenca, que juego o no de titular se mantiene uniformado por si acaso. A veces cuando falta gente, Marco hace las de zaguero, pero lo importante es cumplir como lo hace lo que arroja que es gran deportista, como esos de anta\u00f1o que cada vez quedan menos\u2026<\/p>\n<p>En Copihues Rojos, toda anda bien solamente hace falta que la barra grite la famosa arenga: \u00a1Chi Chi Le Le, Viva Chile!&#8230;<\/p>\n<p>El equipo San Ana, debutar\u00e1 con todo en el torneo de adultos de la Liga Centro Sur Original de Sa\u00fal Varela, que arranca el s\u00e1bado 29 de este mes en el gimnasio de Collegiate Humber West\u2026<\/p>\n<p>Hasta la pr\u00f3xima\u2026<\/p>\n","protected":false},"excerpt":{"rendered":"<p>El Deportivo Cuenca acapara la atenci\u00f3n en cada nuevo partido, no solo por los buenos resultados que obtienen los jugadores en la cancha, sino m\u00e1s&hellip;<\/p>\n","protected":false},"author":1,"featured_media":13861,"comment_status":"closed","ping_status":"open","sticky":false,"template":"","format":"standard","meta":{"footnotes":""},"categories":[28],"tags":[657],"class_list":["post-13837","post","type-post","status-publish","format-standard","has-post-thumbnail","hentry","category-deportes","tag-futbol-hispano"],"_links":{"self":[{"href":"https:\/\/diarioelpopular.com\/index.php\/wp-json\/wp\/v2\/posts\/13837","targetHints":{"allow":["GET"]}}],"collection":[{"href":"https:\/\/diarioelpopular.com\/index.php\/wp-json\/wp\/v2\/posts"}],"about":[{"href":"https:\/\/diarioelpopular.com\/index.php\/wp-json\/wp\/v2\/types\/post"}],"author":[{"embeddable":true,"href":"https:\/\/diarioelpopular.com\/index.php\/wp-json\/wp\/v2\/users\/1"}],"replies":[{"embeddable":true,"href":"https:\/\/diarioelpopular.com\/index.php\/wp-json\/wp\/v2\/comments?post=13837"}],"version-history":[{"count":0,"href":"https:\/\/diarioelpopular.com\/index.php\/wp-json\/wp\/v2\/posts\/13837\/revisions"}],"wp:featuredmedia":[{"embeddable":true,"href":"https:\/\/diarioelpopular.com\/index.php\/wp-json\/"}],"wp:attachment":[{"href":"https:\/\/diarioelpopular.com\/index.php\/wp-json\/wp\/v2\/media?parent=13837"}],"wp:term":[{"taxonomy":"category","embeddable":true,"href":"https:\/\/diarioelpopular.com\/index.php\/wp-json\/wp\/v2\/categories?post=13837"},{"taxonomy":"post_tag","embeddable":true,"href":"https:\/\/diarioelpopular.com\/index.php\/wp-json\/wp\/v2\/tags?post=13837"}],"curies":[{"name":"wp","href":"https:\/\/api.w.org\/{rel}","templated":true}]}}