{"id":13921,"date":"2011-10-12T21:51:41","date_gmt":"2011-10-13T01:51:41","guid":{"rendered":"http:\/\/retrolab.ca\/elpopular\/?p=13921"},"modified":"2011-10-12T21:51:41","modified_gmt":"2011-10-13T01:51:41","slug":"sabiamos-que-no-iban-a-dejarnos-dentro-de-la-mina","status":"publish","type":"post","link":"https:\/\/diarioelpopular.com\/index.php\/2011\/10\/12\/sabiamos-que-no-iban-a-dejarnos-dentro-de-la-mina\/","title":{"rendered":"&#8220;Sab\u00edamos que no iban a dejarnos dentro de la mina&#8221;"},"content":{"rendered":"<div id=\"attachment_13923\" style=\"width: 710px\" class=\"wp-caption aligncenter\"><a href=\"http:\/\/retrolab.ca\/elpopular\/wp-content\/uploads\/2011\/10\/El-minero-Omar-Reygadas-junto-a-la-c%C3%A1psula-Fenix-2.jpg\"><img loading=\"lazy\" decoding=\"async\" aria-describedby=\"caption-attachment-13923\" class=\"size-full wp-image-13923\" title=\"El minero Omar Reygadas, junto a la c\u00e1psula Fenix 2\" src=\"http:\/\/retrolab.ca\/elpopular\/wp-content\/uploads\/2011\/10\/El-minero-Omar-Reygadas-junto-a-la-c%C3%A1psula-Fenix-2.jpg\" alt=\"\" width=\"700\" height=\"420\" \/><\/a><p id=\"caption-attachment-13923\" class=\"wp-caption-text\">El minero Omar Reygadas posa junto a la c\u00e1psula Fenix 2, con la que fueron rescatados los 33 mineros de Atacama de la mina San Jos\u00e9, en el Museo Regional de Atacama, en Copiap\u00f3 (Chile). Este jueves se cumple el primer aniversario del rescate de los 33 mineros que quedaron sepultados durante 70 d\u00edas a 700 metros de profundidad. Foto: Felipe Trueba \/ Efe<\/p><\/div>\n<p><em><strong>Gerard Soler. Copiap\u00f3 (Chile).-<\/strong><\/em> El minero Omar Reygadas, uno de &#8220;los 33 de Atacama&#8221;, recuerda con emoci\u00f3n el rescate en la\u00a0mina\u00a0San Jos\u00e9, hace ahora un a\u00f1o. Reconoce que en los 70 d\u00edas de encierro bajo tierra sufrieron lo indecible, pero asegura que nunca perdieron la esperanza de salir a la superficie.<\/p>\n<p>&#8220;Desde el principio sab\u00edamos que no iban a dejarnos dentro, que nos iban a sacar, vivos o muertos, pero nos iban a sacar&#8221;, explica Reygadas, de 57 a\u00f1os, en una entrevista con Efe.<\/p>\n<p>En el patio del Museo Regional de Copiap\u00f3, Reygadas observa con una mezcla de alivio y nostalgia la c\u00e1psula &#8220;F\u00e9nix 2&#8221;, la misma que se utiliz\u00f3 en un medi\u00e1tico operativo de rescate cuyo primer aniversario se conmemorar\u00e1 este jueves en el norte de\u00a0Chile.<\/p>\n<p>&#8220;Nos encomendamos mucho a Dios&#8221;, se\u00f1ala este veterano trabajador, que recuerda la explosi\u00f3n de alegr\u00eda cuando el 22 de agosto del pasado a\u00f1o una de las sondas perfor\u00f3 la roca y lleg\u00f3 hasta el refugio donde los trabajadores permanec\u00edan incomunicados y casi sin comida desde hac\u00eda 17 d\u00edas.<\/p>\n<p>&#8220;El d\u00eda que lleg\u00f3 la sonda fue el m\u00e1s feliz de nuestras vidas, m\u00e1s que cuando salimos de la\u00a0mina. Ah\u00ed vimos que ten\u00edamos posibilidades de salir. Lo que m\u00e1s nos angustiaba era no poder comunicarnos&#8221;, relata.<\/p>\n<p>Despu\u00e9s de que arriba recibieran el mensaje &#8220;Estamos bien en el refugio los 33&#8221;, con varias sondas mandando agua, ropa y comida, y con tres perforadoras agujereando la roca, el principal motivo de angustia pas\u00f3 a ser el mal estado de la\u00a0mina\u00a0San Jos\u00e9.<\/p>\n<p>&#8220;Unos d\u00edas antes de salir hubo explosiones en el interior del cerro, ese fue el momento en que m\u00e1s susto pasamos. Tuvimos mucho miedo&#8221;, se\u00f1ala Reygadas.<\/p>\n<p>Del 13 de octubre de 2010, cuando se convirti\u00f3 en el decimos\u00e9ptimo minero en emerger a la superficie, recuerda &#8220;la luz y el aire fresco&#8221; y la desesperaci\u00f3n porque no ve\u00eda a uno de sus hijos que le hab\u00eda prometido que lo esperar\u00eda arriba.<\/p>\n<p>&#8220;Ve\u00eda a un tipo con una c\u00e1mara frente a mi pero yo quer\u00eda abrazar a mi hijo. Lo buscaba por todas partes pero no lo encontraba, hasta que vi que era \u00e9l quien filmaba mi salida porque es camar\u00f3grafo&#8221;, explica.<\/p>\n<p>Desde ese d\u00eda, la vida de Omar Reygadas, como la del resto de sus compa\u00f1eros, ha cambiado radicalmente.<\/p>\n<p>&#8220;He pasado de ser un minero an\u00f3nimo a una persona conocida en muchos sitios&#8221;, reconoce.<\/p>\n<p>A los 57 a\u00f1os, con cinco hijos ya mayores, 14 nietos y 4 bisnietos, Reygadas ha dedicado buena parte del \u00faltimo a\u00f1o a viajar, respondiendo a las invitaciones que les han llovido de medio mundo tras el \u00e9pico rescate.<\/p>\n<p>Pero adem\u00e1s, Reygadas ha aprovechado su experiencia minera y su fluidez oratoria para dictar conferencias de motivaci\u00f3n a j\u00f3venes en Guatemala, Costa Rica, Estados Unidos y Canad\u00e1.<\/p>\n<p>Y si alg\u00fan d\u00eda estas ofertas escasean, buscar\u00e1 nuevamente un trabajo estable, incluso en otro yacimiento, el h\u00e1bitat donde ha pasado cerca de 30 a\u00f1os de su vida.<\/p>\n<p>Especialista en el manejo de maquinaria pesada, Reygadas proviene de una familia minera y su padre le inculc\u00f3 cuando era peque\u00f1o la pasi\u00f3n por este duro y sacrificado oficio.<\/p>\n<p>&#8220;Me gusta la miner\u00eda y no descarto volver. La maquinaria que opero se ocupa tambi\u00e9n en otros sectores, pero me gusta la\u00a0mina\u00a0subterr\u00e1nea. Hay mas emoci\u00f3n. Supongo que llevo en la sangre lo de estar metido en un hoyo&#8221;, confiesa.<\/p>\n<p>De hecho, dos meses despu\u00e9s de ser rescatado le lleg\u00f3 una oferta para ejercer como jefe de turno en un yacimiento, aunque su familia le convenci\u00f3 de que la rechazara.<\/p>\n<p>M\u00e1s all\u00e1 de la fama y los viajes, la mayor\u00eda de los 33 mineros de Atacama atraviesan por una situaci\u00f3n econ\u00f3mica delicada y conviven a\u00fan con secuelas f\u00edsicas y psicol\u00f3gicas que les caus\u00f3 el prolongado encierro.<\/p>\n<p>&#8220;Los viajes han sido invitaciones. La gente piensa que tenemos los bolsillos llenos de plata para salir de vacaciones y no trabajar m\u00e1s, y no es as\u00ed&#8221;, asegura.<\/p>\n<p>Reygadas posee una vivienda que alquila. Eso le proporciona algunos ingresos y &#8220;un poco de tranquilidad&#8221;, pero reconoce que la situaci\u00f3n de algunos de sus compa\u00f1eros, con hijos peque\u00f1os y muchas deudas, es bastante lamentable.<\/p>\n<p>El futuro de estos trabajadores del norte chileno es incierto. Hay proyectos para llevar al cine su historia, y tambi\u00e9n demandas millonarias contra los due\u00f1os de la\u00a0minaSan Jos\u00e9 y el Estado chileno por su responsabilidad en el derrumbe, pero ambas iniciativas marchan lentamente.<\/p>\n<p>&#8220;Vamos a seguir luchando hasta lograr algo. Si alguno de nosotros bajara los brazos, ser\u00eda terrible, ser\u00eda como volver nuevamente al encierro&#8221;.<\/p>\n<p><strong>Leer tambi\u00e9n:<\/strong><\/p>\n<ul>\n<li><a href=\"https:\/\/diarioelpopular.com\/2011\/10\/en-la-mina-no-paso-nada-de-lo-que-avergonzarnos\/\">&#8220;En la mina no pas\u00f3 nada de lo que avergonzarnos&#8221;<\/a><\/li>\n<\/ul>\n","protected":false},"excerpt":{"rendered":"<p>El minero Omar Reygadas, uno de &#8220;los 33 de Atacama&#8221;, recuerda con emoci\u00f3n el rescate en la mina San Jos\u00e9, hace ahora un a\u00f1o. Reconoce que en los 70 d\u00edas de encierro bajo tierra sufrieron lo indecible, pero asegura que nunca perdieron la esperanza de salir a la superficie.<br \/>\n<a href=\"http:\/\/retrolab.ca\/elpopular\/2011\/10\/en-la-mina-no-paso-nada-de-lo-que-avergonzarnos\/\"><span style=\"color: #000D54\">\u00bb En la mina no pas\u00f3 nada de lo que avergonzarnos<\/span><\/a><\/p>\n","protected":false},"author":1,"featured_media":13923,"comment_status":"closed","ping_status":"open","sticky":false,"template":"","format":"standard","meta":{"footnotes":""},"categories":[23],"tags":[629,8147,114,271,2818,8079,1941],"class_list":["post-13921","post","type-post","status-publish","format-standard","has-post-thumbnail","hentry","category-latinoamerica","tag-aniversario","tag-atacama","tag-chile","tag-mina","tag-mineros","tag-omar-reygadas","tag-san-jose"],"_links":{"self":[{"href":"https:\/\/diarioelpopular.com\/index.php\/wp-json\/wp\/v2\/posts\/13921","targetHints":{"allow":["GET"]}}],"collection":[{"href":"https:\/\/diarioelpopular.com\/index.php\/wp-json\/wp\/v2\/posts"}],"about":[{"href":"https:\/\/diarioelpopular.com\/index.php\/wp-json\/wp\/v2\/types\/post"}],"author":[{"embeddable":true,"href":"https:\/\/diarioelpopular.com\/index.php\/wp-json\/wp\/v2\/users\/1"}],"replies":[{"embeddable":true,"href":"https:\/\/diarioelpopular.com\/index.php\/wp-json\/wp\/v2\/comments?post=13921"}],"version-history":[{"count":0,"href":"https:\/\/diarioelpopular.com\/index.php\/wp-json\/wp\/v2\/posts\/13921\/revisions"}],"wp:featuredmedia":[{"embeddable":true,"href":"https:\/\/diarioelpopular.com\/index.php\/wp-json\/"}],"wp:attachment":[{"href":"https:\/\/diarioelpopular.com\/index.php\/wp-json\/wp\/v2\/media?parent=13921"}],"wp:term":[{"taxonomy":"category","embeddable":true,"href":"https:\/\/diarioelpopular.com\/index.php\/wp-json\/wp\/v2\/categories?post=13921"},{"taxonomy":"post_tag","embeddable":true,"href":"https:\/\/diarioelpopular.com\/index.php\/wp-json\/wp\/v2\/tags?post=13921"}],"curies":[{"name":"wp","href":"https:\/\/api.w.org\/{rel}","templated":true}]}}