{"id":13980,"date":"2011-10-13T21:51:06","date_gmt":"2011-10-14T01:51:06","guid":{"rendered":"http:\/\/retrolab.ca\/elpopular\/?p=13980"},"modified":"2011-10-13T21:51:06","modified_gmt":"2011-10-14T01:51:06","slug":"el-gobierno-preocupado-por-la-recesion-en-europa","status":"publish","type":"post","link":"https:\/\/diarioelpopular.com\/index.php\/2011\/10\/13\/el-gobierno-preocupado-por-la-recesion-en-europa\/","title":{"rendered":"El Gobierno, preocupado por la recesi\u00f3n en Europa"},"content":{"rendered":"<div id=\"attachment_13982\" style=\"width: 710px\" class=\"wp-caption aligncenter\"><a href=\"http:\/\/retrolab.ca\/elpopular\/wp-content\/uploads\/2011\/10\/Jim-Flaherty-confiesa-estar-%E2%80%9Cpreocupado%E2%80%9D-por-la-recesi%C3%B3n-econ%C3%B3mica.jpg\"><img loading=\"lazy\" decoding=\"async\" aria-describedby=\"caption-attachment-13982\" class=\"size-full wp-image-13982\" title=\"Jim Flaherty confiesa estar \u201cpreocupado\u201d por la recesi\u00f3n econ\u00f3mica\" src=\"http:\/\/retrolab.ca\/elpopular\/wp-content\/uploads\/2011\/10\/Jim-Flaherty-confiesa-estar-%E2%80%9Cpreocupado%E2%80%9D-por-la-recesi%C3%B3n-econ%C3%B3mica.jpg\" alt=\"\" width=\"700\" height=\"420\" \/><\/a><p id=\"caption-attachment-13982\" class=\"wp-caption-text\">Jim Flaherty afirm\u00f3 que su principal preocupaci\u00f3n es la situaci\u00f3n econ\u00f3mica de Europa y mencion\u00f3 que Estados Unidos tambi\u00e9n se enfrenta a grandes desaf\u00edos<\/p><\/div>\n<p><em><strong>El Popular. Ottawa.-<\/strong><\/em> El ministro de Finanzas, Jim Flaherty, dijo este jueves que est\u00e1 \u201cpreocupado\u201d por la posibilidad de una nueva recesi\u00f3n mundial, a\u00f1adiendo que Canad\u00e1 puede evitar una recesi\u00f3n econ\u00f3mica importante, pero que podr\u00eda ser demasiado tarde para Europa.<\/p>\n<p>Flaherty, que actualmente est\u00e1 realizando un viaje a Par\u00eds para reunirse con los ministros de Finanzas con motivo de los encuentros del G-20, afirm\u00f3 que ha instado a sus hom\u00f3logos europeos a tomar medidas ante la estabilidad econ\u00f3mica, un mensaje que durante las \u00faltimas semanas ha ido repitiendo.<\/p>\n<p>Asimismo, el ministro declar\u00f3 que los l\u00edderes europeos no han logrado ayudar a Grecia a salir de la deuda econ\u00f3mica y que no se han movido para recapitalizar el continente ni tampoco a las instituciones bancarias, aspectos que consider\u00f3 necesarios para evitar otra recesi\u00f3n.<\/p>\n<p>\u201cEstoy preocupado\u201d, dijo Flaherty quien a\u00f1adi\u00f3: \u201cCreo que [Canad\u00e1] puede evitar esa consecuencia, pero no creo que se pueda evitar en el contexto europeo. Nuestra situaci\u00f3n fiscal, y en t\u00e9rminos generales, es m\u00e1s estable aqu\u00ed en Canad\u00e1, pero tenemos que evitar caer por culpa de lo que pasa fuera de nuestro pa\u00eds\u201d.<\/p>\n<p>Muchos analistas temen que la inyecci\u00f3n de m\u00e1s dinero y la concesi\u00f3n de otro cr\u00e9dito para Grecia pueda causar que otros bancos europeos entren en una situaci\u00f3n de alerta y de p\u00e1nico y se decida congelar los pr\u00e9stamos. Una medida que podr\u00eda repercutir en la econom\u00eda europea y, muy probablemente, en la econom\u00eda mundial.<\/p>\n<p>Los l\u00edderes europeos han afirmado que tienen un plan y lo van a implantar en un plazo de tres semanas, justo cuando el ministro de Finanzas se vuelva a reunir de nuevo con sus hom\u00f3logos europeos en Cannes, Francia.<\/p>\n<p>Flaherty sugiri\u00f3 que tres semanas podr\u00eda ser demasiado tarde y llam\u00f3 a que se llevara a cabo una acci\u00f3n firme e inmediata este fin de semana en Francia. \u201cLa situaci\u00f3n de la deuda de Grecia es claramente insostenible y se debe remediar. Asimismo, los europeos necesitan recapitalizar sus bancos. Ellos tienen los medios para hacerlo y vamos a hablar de ello este fin de semana\u201d.<\/p>\n<p>El ministro tambi\u00e9n afirm\u00f3 que aunque su principal preocupaci\u00f3n es la situaci\u00f3n econ\u00f3mica en Europa, el mayor socio comercial de Canad\u00e1, tambi\u00e9n mencion\u00f3 que Estados Unidos se enfrenta a grandes desaf\u00edos y necesidades de tener un \u201cplan de mediano plazo para hacer frente a su d\u00e9ficit y problemas con la deuda\u201d.<\/p>\n","protected":false},"excerpt":{"rendered":"<p>El ministro de Finanzas, Jim Flaherty, dijo este jueves que est\u00e1 \u201cpreocupado\u201d por la posibilidad de una nueva recesi\u00f3n mundial, a\u00f1adiendo que Canad\u00e1 puede evitar una recesi\u00f3n econ\u00f3mica importante, pero que podr\u00eda ser demasiado tarde para Europa.<\/p>\n","protected":false},"author":1,"featured_media":13982,"comment_status":"closed","ping_status":"open","sticky":false,"template":"","format":"standard","meta":{"footnotes":""},"categories":[21],"tags":[565,379,5194,1058],"class_list":["post-13980","post","type-post","status-publish","format-standard","has-post-thumbnail","hentry","category-canada","tag-crisis","tag-europa","tag-flaherty","tag-recesion"],"_links":{"self":[{"href":"https:\/\/diarioelpopular.com\/index.php\/wp-json\/wp\/v2\/posts\/13980","targetHints":{"allow":["GET"]}}],"collection":[{"href":"https:\/\/diarioelpopular.com\/index.php\/wp-json\/wp\/v2\/posts"}],"about":[{"href":"https:\/\/diarioelpopular.com\/index.php\/wp-json\/wp\/v2\/types\/post"}],"author":[{"embeddable":true,"href":"https:\/\/diarioelpopular.com\/index.php\/wp-json\/wp\/v2\/users\/1"}],"replies":[{"embeddable":true,"href":"https:\/\/diarioelpopular.com\/index.php\/wp-json\/wp\/v2\/comments?post=13980"}],"version-history":[{"count":0,"href":"https:\/\/diarioelpopular.com\/index.php\/wp-json\/wp\/v2\/posts\/13980\/revisions"}],"wp:featuredmedia":[{"embeddable":true,"href":"https:\/\/diarioelpopular.com\/index.php\/wp-json\/"}],"wp:attachment":[{"href":"https:\/\/diarioelpopular.com\/index.php\/wp-json\/wp\/v2\/media?parent=13980"}],"wp:term":[{"taxonomy":"category","embeddable":true,"href":"https:\/\/diarioelpopular.com\/index.php\/wp-json\/wp\/v2\/categories?post=13980"},{"taxonomy":"post_tag","embeddable":true,"href":"https:\/\/diarioelpopular.com\/index.php\/wp-json\/wp\/v2\/tags?post=13980"}],"curies":[{"name":"wp","href":"https:\/\/api.w.org\/{rel}","templated":true}]}}