{"id":145665,"date":"2012-01-19T21:48:03","date_gmt":"2012-01-20T02:48:03","guid":{"rendered":"http:\/\/diarioelpopular.com\/?p=145665"},"modified":"2012-01-19T21:48:03","modified_gmt":"2012-01-20T02:48:03","slug":"pepe-si-leo-messi-se-sintio-ofendido-me-disculpo","status":"publish","type":"post","link":"https:\/\/diarioelpopular.com\/index.php\/2012\/01\/19\/pepe-si-leo-messi-se-sintio-ofendido-me-disculpo\/","title":{"rendered":"Pepe: &#8220;Si Leo Messi se sinti\u00f3 ofendido, me disculpo&#8221;"},"content":{"rendered":"<div id=\"attachment_145666\" style=\"width: 310px\" class=\"wp-caption alignright\"><a href=\"https:\/\/diarioelpopular.com\/wp-content\/uploads\/2012\/01\/Pepe.jpg\"><img loading=\"lazy\" decoding=\"async\" aria-describedby=\"caption-attachment-145666\" class=\"size-medium wp-image-145666\" title=\"Pepe\" src=\"https:\/\/diarioelpopular.com\/wp-content\/uploads\/2012\/01\/Pepe-300x180.jpg\" alt=\"\" width=\"300\" height=\"180\" \/><\/a><p id=\"caption-attachment-145666\" class=\"wp-caption-text\">El defensa portugu\u00e9s del Real Madrid K\u00e9pler Laveran &#039;Pepe&#039;. Foto: Efe<\/p><\/div>\n<p><em><strong>Efe. Madrid.-<\/strong><\/em>\u00a0Pepe, futbolista internacional portugu\u00e9s del Real Madrid, se defendi\u00f3 de la jugada en la que pis\u00f3 la mano al argentino Leo\u00a0Messi\u00a0cuando estaba tendido en el c\u00e9sped, y aunque asegur\u00f3 que &#8220;fue un acto involuntario&#8221;, pidi\u00f3 &#8220;disculpas&#8221;.<\/p>\n<p>Tras ser el centro de la pol\u00e9mica en el partido de ida del cl\u00e1sico copero en cuartos de final,\u00a0Pepe\u00a0guard\u00f3 silencio tras el partido y no compareci\u00f3 ante los medios de comunicaci\u00f3n en la zona mixta del Santiago Bernab\u00e9u. Este jueves, aclar\u00f3 todo a trav\u00e9s de la web del Real Madrid.<\/p>\n<p>&#8220;Con respecto a la jugada con Leo\u00a0Messi\u00a0quiero decir desde ya que ha sido un acto involuntario. Pero aun as\u00ed, si\u00a0Messi\u00a0se siente ofendido le pido disculpas porque lo que pretendo es defender a mi equipo y a mi instituci\u00f3n&#8221;, afirm\u00f3.<\/p>\n<p>&#8220;Me entrego en cuerpo y alma, jam\u00e1s se me pasa por la cabeza hacer da\u00f1o a un compa\u00f1ero de profesi\u00f3n&#8221;, a\u00f1ade en unas declaraciones que muestra el club en el d\u00eda libre de los jugadores.<\/p>\n","protected":false},"excerpt":{"rendered":"<p>Pepe, futbolista internacional portugu\u00e9s del Real Madrid, se defendi\u00f3 de la jugada en la que pis\u00f3 la mano al argentino Leo Messi cuando estaba tendido en el c\u00e9sped, y aunque asegur\u00f3 que &#8220;fue un acto involuntario&#8221;, pidi\u00f3 &#8220;disculpas&#8221;.<\/p>\n","protected":false},"author":1,"featured_media":145666,"comment_status":"closed","ping_status":"open","sticky":false,"template":"","format":"standard","meta":{"footnotes":""},"categories":[28],"tags":[178,179,571,1115,760],"class_list":["post-145665","post","type-post","status-publish","format-standard","has-post-thumbnail","hentry","category-deportes","tag-barcelona","tag-futbol-2","tag-messi","tag-pepe","tag-real-madrid"],"_links":{"self":[{"href":"https:\/\/diarioelpopular.com\/index.php\/wp-json\/wp\/v2\/posts\/145665","targetHints":{"allow":["GET"]}}],"collection":[{"href":"https:\/\/diarioelpopular.com\/index.php\/wp-json\/wp\/v2\/posts"}],"about":[{"href":"https:\/\/diarioelpopular.com\/index.php\/wp-json\/wp\/v2\/types\/post"}],"author":[{"embeddable":true,"href":"https:\/\/diarioelpopular.com\/index.php\/wp-json\/wp\/v2\/users\/1"}],"replies":[{"embeddable":true,"href":"https:\/\/diarioelpopular.com\/index.php\/wp-json\/wp\/v2\/comments?post=145665"}],"version-history":[{"count":0,"href":"https:\/\/diarioelpopular.com\/index.php\/wp-json\/wp\/v2\/posts\/145665\/revisions"}],"wp:featuredmedia":[{"embeddable":true,"href":"https:\/\/diarioelpopular.com\/index.php\/wp-json\/"}],"wp:attachment":[{"href":"https:\/\/diarioelpopular.com\/index.php\/wp-json\/wp\/v2\/media?parent=145665"}],"wp:term":[{"taxonomy":"category","embeddable":true,"href":"https:\/\/diarioelpopular.com\/index.php\/wp-json\/wp\/v2\/categories?post=145665"},{"taxonomy":"post_tag","embeddable":true,"href":"https:\/\/diarioelpopular.com\/index.php\/wp-json\/wp\/v2\/tags?post=145665"}],"curies":[{"name":"wp","href":"https:\/\/api.w.org\/{rel}","templated":true}]}}