{"id":14885,"date":"2011-10-16T23:41:32","date_gmt":"2011-10-17T03:41:32","guid":{"rendered":"http:\/\/diarioelpopular.com\/?p=14885"},"modified":"2011-10-16T23:41:32","modified_gmt":"2011-10-17T03:41:32","slug":"muere-el-britanico-wheldon-en-el-indy-de-las-vegas","status":"publish","type":"post","link":"https:\/\/diarioelpopular.com\/index.php\/2011\/10\/16\/muere-el-britanico-wheldon-en-el-indy-de-las-vegas\/","title":{"rendered":"Muere el brit\u00e1nico Wheldon en la Indy de Las Vegas"},"content":{"rendered":"<div id=\"attachment_14886\" style=\"width: 710px\" class=\"wp-caption aligncenter\"><a href=\"https:\/\/diarioelpopular.com\/wp-content\/uploads\/2011\/10\/Dan-Wheldon.jpg\"><img loading=\"lazy\" decoding=\"async\" aria-describedby=\"caption-attachment-14886\" class=\"size-full wp-image-14886\" title=\"Dan Wheldon\" src=\"https:\/\/diarioelpopular.com\/wp-content\/uploads\/2011\/10\/Dan-Wheldon.jpg\" alt=\"\" width=\"700\" height=\"420\" \/><\/a><p id=\"caption-attachment-14886\" class=\"wp-caption-text\">El piloto brit\u00e1nico Dan Wheldon, en una imagen de archivo. Foto: Steve C. Mitchell \/ Efe<\/p><\/div>\n<p><em><strong>Efe. Redacci\u00f3n Deportes EE UU.-<\/strong><\/em> El brit\u00e1nico Dan Wheldon, bicampe\u00f3n de las 500 Millas de Indian\u00e1polis, falleci\u00f3 este domingo a consecuencia de las lesiones sufridas en un choque de quince b\u00f3lidos que dej\u00f3 a otros tres pilotos heridos en Las Vegas\u00a0Indy\u00a0300, prueba de la IndyCar disputada en esta ciudad del estado de Nevada.<\/p>\n<p>La tragedia, cuya magnitud no tiene antecedentes en la historia de esta competici\u00f3n, envolvi\u00f3 en llamas a varios autos e hizo volar por los aires a otros, incluido el del piloto de 33 a\u00f1os, cuando transcurr\u00eda la decimotercera vuelta al circuito.<\/p>\n<p>El piloto del equipo Sam Schmidt Motorsports, quien gan\u00f3 este a\u00f1o su segundo t\u00edtulo en las 500 Millas de Indian\u00e1polis y fue campe\u00f3n de la IndyCar en el 2005, tuvo que ser trasladado de inmediato en helic\u00f3ptero a un hospital de Las Vegas, donde falleci\u00f3 a consecuencia de las m\u00faltiples lesiones.<\/p>\n<p>&#8220;La IndyCar anuncia con mucha tristeza que Dan Wheldon falleci\u00f3 debido a lesiones de las que no pod\u00eda sobrevivir (&#8230;) Nuestros pensamientos y oraciones est\u00e1n con su familia hoy&#8221;, anunci\u00f3 poco despu\u00e9s el presidente de la IndyCar Series, Randy Bernard.<\/p>\n<p>La organizaci\u00f3n de la IndyCar decidi\u00f3 poner fin a la prueba y en honor de Wheldon los pilotos dieron cinco giros a la pista.<\/p>\n<p>El choque m\u00faltiple tambi\u00e9n dej\u00f3 heridos al australiano Will Power, candidato al t\u00edtulo; la novata brit\u00e1nica Pippa Mann y el estadounidense J.R. Hildebrand, quienes fueron hospitalizados.<\/p>\n<p>El piloto Paul Tacy, que estuvo involucrado en el accidente indic\u00f3 que &#8220;fue horrible&#8221; su experiencia.<\/p>\n<p>En la pista hab\u00eda 34 monoplazas, uno m\u00e1s que los que participaron en la carrera Indianapolis 500 y tras los angustiosos segundos del tr\u00e1gico accidente se ve\u00edan llamas y restos de veh\u00edculos y sus partes esparcidos por el \u00f3valo.<\/p>\n<p>La estadounidense Danica Patrick dijo que &#8220;nunca hab\u00eda visto una accidente como \u00e9ste&#8221;. Fue su \u00faltima carrera en esta serie antes de debutar en la Nascar.<\/p>\n<p>Los pilotos ya hab\u00edan mostrado cierta preocupaci\u00f3n antes de la prueba porque en el \u00f3valo de Las Vegas Motor Speedway puede alcanzarse hasta las 225 millas por hora (362 kil\u00f3metros) durante las pr\u00e1cticas.<\/p>\n<p>Wheldon compet\u00eda por un premio de promoci\u00f3n de cinco millones de d\u00f3lares ofrecido para los corredores que no hab\u00edan competido toda la temporada completa.<\/p>\n<p>Al ingl\u00e9s la organizaci\u00f3n le extendi\u00f3 una invitaci\u00f3n especial para competir ya que estaba impedido en principio por haber ganado catorce carreras oficiales en los circuitos \u00f3valos.<a name=\"video\"><\/a><\/p>\n<p style=\"text-align: center\">[youtube Sn08nh7zoto nolink]<\/p>\n","protected":false},"excerpt":{"rendered":"<p>El brit\u00e1nico Dan Wheldon, bicampe\u00f3n de las 500 Millas de Indian\u00e1polis, falleci\u00f3 este domingo a consecuencia de las lesiones sufridas en un choque de quince b\u00f3lidos que dej\u00f3 a otros tres pilotos heridos en Las Vegas Indy 300, prueba de la IndyCar disputada en esta ciudad del estado de Nevada.<br \/>\n<a href=\"http:\/\/diarioelpopular.com\/2011\/10\/muere-el-britanico-wheldon-en-el-indy-de-las-vegas\/#video\"><strong><span style=\"color: #000080\">\u00bb VIDEO<\/span><\/strong><\/a><\/p>\n","protected":false},"author":1,"featured_media":14886,"comment_status":"closed","ping_status":"open","sticky":false,"template":"","format":"standard","meta":{"footnotes":""},"categories":[28],"tags":[6232,8214,8215,2358],"class_list":["post-14885","post","type-post","status-publish","format-standard","has-post-thumbnail","hentry","category-deportes","tag-automovilismo","tag-dan-wheldon","tag-indy-300","tag-las-vegas"],"_links":{"self":[{"href":"https:\/\/diarioelpopular.com\/index.php\/wp-json\/wp\/v2\/posts\/14885","targetHints":{"allow":["GET"]}}],"collection":[{"href":"https:\/\/diarioelpopular.com\/index.php\/wp-json\/wp\/v2\/posts"}],"about":[{"href":"https:\/\/diarioelpopular.com\/index.php\/wp-json\/wp\/v2\/types\/post"}],"author":[{"embeddable":true,"href":"https:\/\/diarioelpopular.com\/index.php\/wp-json\/wp\/v2\/users\/1"}],"replies":[{"embeddable":true,"href":"https:\/\/diarioelpopular.com\/index.php\/wp-json\/wp\/v2\/comments?post=14885"}],"version-history":[{"count":0,"href":"https:\/\/diarioelpopular.com\/index.php\/wp-json\/wp\/v2\/posts\/14885\/revisions"}],"wp:featuredmedia":[{"embeddable":true,"href":"https:\/\/diarioelpopular.com\/index.php\/wp-json\/"}],"wp:attachment":[{"href":"https:\/\/diarioelpopular.com\/index.php\/wp-json\/wp\/v2\/media?parent=14885"}],"wp:term":[{"taxonomy":"category","embeddable":true,"href":"https:\/\/diarioelpopular.com\/index.php\/wp-json\/wp\/v2\/categories?post=14885"},{"taxonomy":"post_tag","embeddable":true,"href":"https:\/\/diarioelpopular.com\/index.php\/wp-json\/wp\/v2\/tags?post=14885"}],"curies":[{"name":"wp","href":"https:\/\/api.w.org\/{rel}","templated":true}]}}