{"id":15045,"date":"2011-10-17T22:57:10","date_gmt":"2011-10-18T02:57:10","guid":{"rendered":"http:\/\/diarioelpopular.com\/?p=15045"},"modified":"2011-10-17T22:57:10","modified_gmt":"2011-10-18T02:57:10","slug":"los-medias-rojas-bebian-cerveza-durante-los-partidos","status":"publish","type":"post","link":"https:\/\/diarioelpopular.com\/index.php\/2011\/10\/17\/los-medias-rojas-bebian-cerveza-durante-los-partidos\/","title":{"rendered":"Los Medias Rojas beb\u00edan cerveza durante los partidos"},"content":{"rendered":"<div id=\"attachment_15046\" style=\"width: 710px\" class=\"wp-caption aligncenter\"><a href=\"https:\/\/diarioelpopular.com\/wp-content\/uploads\/2011\/10\/Jon-Lester-Red-Sox.jpg\"><img loading=\"lazy\" decoding=\"async\" aria-describedby=\"caption-attachment-15046\" class=\"size-full wp-image-15046 \" title=\"Jon Lester, Red Sox\" src=\"https:\/\/diarioelpopular.com\/wp-content\/uploads\/2011\/10\/Jon-Lester-Red-Sox.jpg\" alt=\"\" width=\"700\" height=\"420\" \/><\/a><p id=\"caption-attachment-15046\" class=\"wp-caption-text\">El jugador de los Medias Rojas Jon Lester. Foto: Keith Allison \/ Flickr<\/p><\/div>\n<p><em><strong>Efe. Redacci\u00f3n EE UU.-<\/strong><\/em> El abridor titular de los Medias Rojas de Boston Jon Lester reconoci\u00f3 los &#8220;malos h\u00e1bitos&#8221; que tuvieron durante el pasado mes de septiembre cuando junto a varios compa\u00f1eros que no lanzaban en los partidos estaban en el vestuario del equipo bebiendo cerveza y comiendo pollo frito.<\/p>\n<p>Varias informaciones period\u00edsticas acusaban a lanzadores abridores de los Medias Rojas de tomar cerveza en el vestuario durante los juegos en los que no estaban lanzando, y en lugar de apoyar a sus compa\u00f1eros en la banca.<\/p>\n<p>Ante estos informes, Lester (15-9) se convirti\u00f3 en el primer jugador de los Medias Rojas que p\u00fablicamente confirm\u00f3 la conducta poco deportiva que tuvieron durante el pasado mes de septiembre.<\/p>\n<p>En una entrevista que apareci\u00f3 est lunes, en el peri\u00f3dico <em>The Boston Globe,<\/em> Lester, que logro 3,47 de promedio de efectiveidad y 182 ponches, admiti\u00f3 que &#8220;fue algo que no debimos hacer&#8221;.<\/p>\n<p>Un art\u00edculo publicado la pasada semana en el mismo medio informativo cit\u00f3 a Lester, Josh Beckett y John Lackey como los abridores de los Medias Rojas que bebieron alcohol en el vestuario durante los partidos en los que no estaban lanzando.<\/p>\n<p>Pero adem\u00e1s tambi\u00e9n mandaron pedir pollo frito y jugaron juegos de v\u00eddeo.<\/p>\n<p>Aunque admiti\u00f3 su mala conducta, Lester dijo que no cre\u00eda que ese &#8220;mal h\u00e1bito&#8221; que adoptaron \u00e9l y sus compa\u00f1eros de rotaci\u00f3n fue la raz\u00f3n para el desplome de los Medias Rojas.<\/p>\n<p>El equipo de Boston se convirti\u00f3 en la primera franquicia en la historia de Grandes Ligas en tener una ventaja de nueve juegos en la tabla de posiciones en septiembre y no llegar a la fase final.<\/p>\n<p>Los Rays de Tampa Bay le quitaron en la \u00faltima jornada de la temporada regular el comod\u00edn de la Liga Americana.<\/p>\n<p>&#8220;Existe la percepci\u00f3n de que nos emborrach\u00e1bamos y ese no es el caso&#8221;, declar\u00f3 Lester al periodista del Globe, Peter Abraham. &#8220;\u00bfEra un mal h\u00e1bito? Claro que s\u00ed. Deb\u00ed haber estado en la banca m\u00e1s tiempo de lo que estuve&#8221;.<\/p>\n<p>Sin embargo, Lester tambi\u00e9n rechaz\u00f3 que por su comportamiento personal y el de los otros dos compa\u00f1eros el equipo no consiguiese estar en la fase final.<\/p>\n<p>&#8220;Simplemente jugamos mal al b\u00e9isbol en septiembre. Fuimos muy malos. Para ser honesto, hicimos las mismas cosas todo el a\u00f1o cuando llegamos a tener el mejor r\u00e9cord de Grandes Ligas, lo que significa que nuestro comportamiento no fue la causa de la eliminaci\u00f3n&#8221;, admiti\u00f3 Lester.<\/p>\n<p>Los Medias Rojas con la segunda plantilla m\u00e1s cara de las Grandes Ligas -un presupuesto de cerca de 200 millones de d\u00f3lares-, al final no pudieron estar en la competici\u00f3n de octubre y ya comenzaron la renovaci\u00f3n de la direcci\u00f3n del equipo con la marcha del piloto Terry Francona y del gerente general Theo Epstein, que se ha ido con los Cachorros de Chicago.<\/p>\n","protected":false},"excerpt":{"rendered":"<p>El abridor titular de los Medias Rojas de Boston Jon Lester reconoci\u00f3 los &#8220;malos h\u00e1bitos&#8221; que tuvieron durante el pasado mes de septiembre cuando junto a varios compa\u00f1eros que no lanzaban en los partidos estaban en el vestuario del equipo bebiendo cerveza y comiendo pollo frito.<\/p>\n","protected":false},"author":1,"featured_media":15046,"comment_status":"closed","ping_status":"open","sticky":false,"template":"","format":"standard","meta":{"footnotes":""},"categories":[28],"tags":[1912,8233,1235,4191,8234,8235,8236],"class_list":["post-15045","post","type-post","status-publish","format-standard","has-post-thumbnail","hentry","category-deportes","tag-baseball","tag-beer","tag-beisbol","tag-cerveza","tag-jon-lester","tag-medias-rojas","tag-red-sox"],"_links":{"self":[{"href":"https:\/\/diarioelpopular.com\/index.php\/wp-json\/wp\/v2\/posts\/15045","targetHints":{"allow":["GET"]}}],"collection":[{"href":"https:\/\/diarioelpopular.com\/index.php\/wp-json\/wp\/v2\/posts"}],"about":[{"href":"https:\/\/diarioelpopular.com\/index.php\/wp-json\/wp\/v2\/types\/post"}],"author":[{"embeddable":true,"href":"https:\/\/diarioelpopular.com\/index.php\/wp-json\/wp\/v2\/users\/1"}],"replies":[{"embeddable":true,"href":"https:\/\/diarioelpopular.com\/index.php\/wp-json\/wp\/v2\/comments?post=15045"}],"version-history":[{"count":0,"href":"https:\/\/diarioelpopular.com\/index.php\/wp-json\/wp\/v2\/posts\/15045\/revisions"}],"wp:featuredmedia":[{"embeddable":true,"href":"https:\/\/diarioelpopular.com\/index.php\/wp-json\/"}],"wp:attachment":[{"href":"https:\/\/diarioelpopular.com\/index.php\/wp-json\/wp\/v2\/media?parent=15045"}],"wp:term":[{"taxonomy":"category","embeddable":true,"href":"https:\/\/diarioelpopular.com\/index.php\/wp-json\/wp\/v2\/categories?post=15045"},{"taxonomy":"post_tag","embeddable":true,"href":"https:\/\/diarioelpopular.com\/index.php\/wp-json\/wp\/v2\/tags?post=15045"}],"curies":[{"name":"wp","href":"https:\/\/api.w.org\/{rel}","templated":true}]}}