{"id":15184,"date":"2011-10-18T22:12:07","date_gmt":"2011-10-19T02:12:07","guid":{"rendered":"http:\/\/diarioelpopular.com\/?p=15184"},"modified":"2011-10-18T22:12:07","modified_gmt":"2011-10-19T02:12:07","slug":"impunidad-vergonzosa-ante-los-asesinatos-de-periodistas-en-america-latina","status":"publish","type":"post","link":"https:\/\/diarioelpopular.com\/index.php\/2011\/10\/18\/impunidad-vergonzosa-ante-los-asesinatos-de-periodistas-en-america-latina\/","title":{"rendered":"&#8220;Impunidad vergonzosa&#8221; ante los asesinatos de periodistas en Am\u00e9rica Latina"},"content":{"rendered":"<div id=\"attachment_15185\" style=\"width: 710px\" class=\"wp-caption aligncenter\"><a href=\"https:\/\/diarioelpopular.com\/wp-content\/uploads\/2011\/10\/Carlos-P%C3%A9rez-Barriga-director-de-El-Universo.jpg\"><img loading=\"lazy\" decoding=\"async\" aria-describedby=\"caption-attachment-15185\" class=\"size-full wp-image-15185\" title=\"Carlos P\u00e9rez Barriga, director de El Universo\" src=\"https:\/\/diarioelpopular.com\/wp-content\/uploads\/2011\/10\/Carlos-P%C3%A9rez-Barriga-director-de-El-Universo.jpg\" alt=\"\" width=\"700\" height=\"420\" \/><\/a><p id=\"caption-attachment-15185\" class=\"wp-caption-text\">Los periodistas Carlos P\u00e9rez Barriga (izq.) y Cesar P\u00e9rez Barriga, del diario &#039;El Universo&#039; (Ecuador), durante la presentaci\u00f3n de informes ante la Comisi\u00f3n de Libertad de Prensa e Informaci\u00f3n, previo a la 67 Asamblea General de la Sociedad Interamericana de Prensa (SIP), que se celebr\u00f3 en la capital peruana. Foto: Paul Vallejos \/ Efe<\/p><\/div>\n<p><em><strong>Efe. Lima.-<\/strong><\/em> La 67 Asamblea General de la Sociedad Interamericana de Prensa (SIP) concluy\u00f3 este martes en Lima con una denunci\u00f3 de la &#8220;vergonzosa\u00a0impunidad&#8221; que existe en Am\u00e9rica Latina ante los asesinatos de periodistas.<\/p>\n<p>La organizaci\u00f3n tambi\u00e9n expres\u00f3 duras cr\u00edticas al estado de la libertad de prensa en Cuba, Argentina, Ecuador y Venezuela, pa\u00eds este \u00faltimo cuyo gobierno impuso hoy una multa de m\u00e1s de dos millones de d\u00f3lares a Globovisi\u00f3n.<\/p>\n<p>En sus conclusiones generales, la SIP alert\u00f3 de que &#8220;los intentos por silenciar a la prensa independiente en la regi\u00f3n, han continuado en forma cada vez m\u00e1s intensa a lo largo de 2011&#8221;.<\/p>\n<p>El peligro m\u00e1s grave que enfrentan los periodistas, indic\u00f3, &#8220;es el de la violencia f\u00edsica, el crimen y la\u00a0impunidad\u00a0con que se cometen estos delitos&#8221;, pero se\u00f1al\u00f3 que tambi\u00e9n hay gobiernos &#8220;que aspiran a conseguir el mismo objetivo de acallar a la prensa&#8221; aplicando presiones ileg\u00edtimas mediante querellas, detenciones, leyes restrictivas y ataques verbales.<\/p>\n<p>Sobre el asesinato en los \u00faltimos meses de 21 periodistas, la SIP denunci\u00f3 que estos se han producido con mayor frecuencia en Honduras y M\u00e9xico, pero que tambi\u00e9n hay casos en Brasil, Colombia, El Salvador, Guatemala, Per\u00fa y Rep\u00fablica Dominicana.<\/p>\n<p>Adem\u00e1s, record\u00f3 que en pa\u00edses como Colombia, M\u00e9xico y Guatemala se van a cumplir los plazos de prescripci\u00f3n para los homicidios cometidos hace veinte a\u00f1os contra periodistas.<\/p>\n<p>&#8220;Esta\u00a0impunidad\u00a0es uno de los factores m\u00e1s importantes para mantener viva la tr\u00e1gica ola de agresiones contra los profesionales de la prensa que se arrastra ya por d\u00e9cadas&#8221;, se\u00f1al\u00f3.<\/p>\n<p>La SIP tambi\u00e9n asegur\u00f3 que existen &#8220;gobiernos intolerantes y autoritarios&#8221; que intentan acallar a los medios y mencion\u00f3 el caso de Ecuador, donde seg\u00fan dijo &#8220;las numerosas demandas que se han presentado contra los medios estimulan un clima de autocensura&#8221;.<\/p>\n<p>Asegur\u00f3 que en Venezuela, Ecuador, Argentina y Panam\u00e1 &#8220;los gobiernos procuran crear un clima de hostilidad a los medios, con agresiones verbales que en algunos casos son encabezadas por los propios jefes de Estado&#8221;.<\/p>\n<p>La SIP ratific\u00f3, en ese sentido, una resoluci\u00f3n de octubre de 2007 &#8220;en la que se denunci\u00f3 el car\u00e1cter totalitario y dictatorial del gobierno&#8221; del venezolano Hugo Ch\u00e1vez y &#8220;las actuaciones y leyes violatorias de los principios democr\u00e1ticos&#8221; del mismo.<\/p>\n<p>Sostuvo, asimismo, que el gobierno de Argentina est\u00e1 desarrollando un proceso de &#8220;colonizaci\u00f3n medi\u00e1tica&#8221; con el empleo de &#8220;cuantiosos recursos del Estado y otras herramientas, intentando monopolizar los canales de acceso a la informaci\u00f3n&#8221;.<\/p>\n<p>Conden\u00f3 tambi\u00e9n al gobierno de Cuba &#8220;por el aumento de arrestos de disidentes&#8221; y exigi\u00f3 la libertad de los periodistas detenidos durante los \u00faltimos meses y la suspensi\u00f3n de las acciones de vigilancia, control y represi\u00f3n contra los periodistas.<\/p>\n<p>Sobre Ecuador, la SIP alert\u00f3 &#8220;sobre la progresiva p\u00e9rdida de la libertad de expresi\u00f3n&#8221; en ese pa\u00eds y tambi\u00e9n &#8220;sobre las restricciones societarias que discriminan a los que poseen participaciones en medios &#8216;nacionales&#8217; de comunicaci\u00f3n&#8221;.<\/p>\n<p>Sobre la multa impuesta hoy a Globovisi\u00f3n por el gobierno venezolano, el peruano Gustavo Mohme, nuevo presidente de la Comisi\u00f3n de la Libertad de Prensa e Informaci\u00f3n de la SIP, declar\u00f3 que la organizaci\u00f3n &#8220;interpreta \u00e9sto como una represalia&#8221;.<\/p>\n<p>Mohme a\u00f1adi\u00f3 que este fallo es &#8220;una mordaza y una amenaza&#8221; para Globovisi\u00f3n e inform\u00f3 de que los directivos de la SIP ver\u00e1n pr\u00f3ximamente c\u00f3mo pueden expresar su posici\u00f3n &#8220;de forma m\u00e1s clara y concreta&#8221;.<\/p>\n<p>Globovisi\u00f3n fue multada hoy por la Comisi\u00f3n Nacional de Telecomunicaciones de Venezuela (Conatel), que consider\u00f3 que en la cobertura de la crisis carcelaria que se prolong\u00f3 durante casi un mes &#8220;existi\u00f3 la falta administrativa de apolog\u00eda del delito&#8221;.<\/p>\n<p>Al t\u00e9rmino de la 67 Asamblea, los miembros de la SIP eligieron como nuevo presidente al estadounidense Milton Coleman, editor de The Washington Post.<\/p>\n<p>Coleman dijo que la SIP va a &#8220;hacerse m\u00e1s fuerte&#8221; y destinar\u00e1 &#8220;el mayor esfuerzo a hacer que m\u00e1s l\u00edderes de las naciones (americanas) firmen la declaraci\u00f3n de Chapultepec&#8221;, sobre la libertad de expresi\u00f3n.<\/p>\n","protected":false},"excerpt":{"rendered":"<p>La 67 Asamblea General de la Sociedad Interamericana de Prensa (SIP) concluy\u00f3 este martes en Lima con una denunci\u00f3 de la &#8220;vergonzosa impunidad&#8221; que existe en Am\u00e9rica Latina ante los asesinatos de periodistas.<\/p>\n","protected":false},"author":1,"featured_media":15185,"comment_status":"closed","ping_status":"open","sticky":false,"template":"","format":"standard","meta":{"footnotes":""},"categories":[23],"tags":[8253,994,5228,8254],"class_list":["post-15184","post","type-post","status-publish","format-standard","has-post-thumbnail","hentry","category-latinoamerica","tag-periodistas-asesinados","tag-prensa","tag-sip","tag-sociedad-interamericana-de-prensa"],"_links":{"self":[{"href":"https:\/\/diarioelpopular.com\/index.php\/wp-json\/wp\/v2\/posts\/15184","targetHints":{"allow":["GET"]}}],"collection":[{"href":"https:\/\/diarioelpopular.com\/index.php\/wp-json\/wp\/v2\/posts"}],"about":[{"href":"https:\/\/diarioelpopular.com\/index.php\/wp-json\/wp\/v2\/types\/post"}],"author":[{"embeddable":true,"href":"https:\/\/diarioelpopular.com\/index.php\/wp-json\/wp\/v2\/users\/1"}],"replies":[{"embeddable":true,"href":"https:\/\/diarioelpopular.com\/index.php\/wp-json\/wp\/v2\/comments?post=15184"}],"version-history":[{"count":0,"href":"https:\/\/diarioelpopular.com\/index.php\/wp-json\/wp\/v2\/posts\/15184\/revisions"}],"wp:featuredmedia":[{"embeddable":true,"href":"https:\/\/diarioelpopular.com\/index.php\/wp-json\/"}],"wp:attachment":[{"href":"https:\/\/diarioelpopular.com\/index.php\/wp-json\/wp\/v2\/media?parent=15184"}],"wp:term":[{"taxonomy":"category","embeddable":true,"href":"https:\/\/diarioelpopular.com\/index.php\/wp-json\/wp\/v2\/categories?post=15184"},{"taxonomy":"post_tag","embeddable":true,"href":"https:\/\/diarioelpopular.com\/index.php\/wp-json\/wp\/v2\/tags?post=15184"}],"curies":[{"name":"wp","href":"https:\/\/api.w.org\/{rel}","templated":true}]}}