{"id":15242,"date":"2011-10-19T10:32:09","date_gmt":"2011-10-19T14:32:09","guid":{"rendered":"http:\/\/diarioelpopular.com\/?p=15242"},"modified":"2011-10-19T10:32:09","modified_gmt":"2011-10-19T14:32:09","slug":"notas-del-futbol-hispano-16","status":"publish","type":"post","link":"https:\/\/diarioelpopular.com\/index.php\/2011\/10\/19\/notas-del-futbol-hispano-16\/","title":{"rendered":"Notas del f\u00fatbol hispano"},"content":{"rendered":"<div id=\"attachment_15244\" style=\"width: 310px\" class=\"wp-caption alignright\"><a href=\"https:\/\/diarioelpopular.com\/wp-content\/uploads\/2011\/10\/FOTO-1-NOTAS1.jpg\"><img loading=\"lazy\" decoding=\"async\" aria-describedby=\"caption-attachment-15244\" class=\"size-medium wp-image-15244\" title=\"Jos\u00e9 Turcios\" src=\"https:\/\/diarioelpopular.com\/wp-content\/uploads\/2011\/10\/FOTO-1-NOTAS1-300x266.jpg\" alt=\"\" width=\"300\" height=\"266\" \/><\/a><p id=\"caption-attachment-15244\" class=\"wp-caption-text\">Jos\u00e9 Turcios, galardonando a Franklin Morales, destacado dirigente del Manta Sporting, en un torneo anterior de la Liga Salvadore\u00f1a, que ya comenz\u00f3 la temporada invernal 2011-12 con numerosos equipos adultos<\/p><\/div>\n<p>El f\u00fatbol latino de Toronto no para nunca, ni bien terminaban el torneo veraniego de la liga hispana, ya comenzaba la pre temporada invernal de la Liga Salvadore\u00f1a de Jos\u00e9 Turcios, con varios partidos entre conocidos equipos de adultos de la comunidad. La actividad invernal se extender\u00e1 hasta las primeras semanas de mayo del 2012. Es decir los torneos veraniegos tienen cuatro o cerca de cinco meses de duraci\u00f3n; mientras que los de invierno cada vez se extiende m\u00e1s y se acercan a los casi ocho meses de duraci\u00f3n\u2026<\/p>\n<p>La acci\u00f3n contin\u00faa este s\u00e1bado 22 con la arranque de las pre temporadas de los torneos de la Liga Burocr\u00e1tica de Carlos Brizuela, y don Manuel V\u00e1squez con su Atl\u00e9tico Ecuador que se apresta a \u201ctirar la casa por la ventaja\u201d, celebrando sus 30 a\u00f1os de fundaci\u00f3n de su liga invernal. Don Manuel V\u00e1squez, para darle brillo a sus 30 a\u00f1os de actividades, anuncia el torneo 95-96 denominado Copa Am\u00e9rica, en donde todos los equipos recibir\u00e1n uniformes gratis; as\u00ed de regal\u00f3n est\u00e1 don Manuel. Los padres de los chicos que deseen competir pueden comunicarse al tel\u00e9fono 416-783-6450. En el atl\u00e9tico, tambi\u00e9n organizar\u00e1 su tradicional campeonato de adultos con m\u00e1s de 16 equipos, adem\u00e1s del primer torneo masters sub 40: \u201clas dos primeras fechas es decir los s\u00e1bados 22 y 29 de octubre, ser\u00e1n para ir calentando motores, porque los torneos arrancan el 5 de noviembre\u201d, nos dice don Manuel\u2026<\/p>\n<div id=\"attachment_15246\" style=\"width: 310px\" class=\"wp-caption alignleft\"><a href=\"https:\/\/diarioelpopular.com\/wp-content\/uploads\/2011\/10\/FOTO-2-NOTAS2.jpg\"><img loading=\"lazy\" decoding=\"async\" aria-describedby=\"caption-attachment-15246\" class=\"size-medium wp-image-15246\" title=\"Pedro Pons\" src=\"https:\/\/diarioelpopular.com\/wp-content\/uploads\/2011\/10\/FOTO-2-NOTAS2-300x256.jpg\" alt=\"\" width=\"300\" height=\"256\" \/><\/a><p id=\"caption-attachment-15246\" class=\"wp-caption-text\">Pedro Pons, notable dirigente del equipo Loreto FC, de buena campa\u00f1a en los torneos de Atl\u00e9tico Ecuador, espera seguir ganando t\u00edtulos en el torneo de esta liga con Don Manuel V\u00e1squez, que arranca su pre temporada invernal este s\u00e1bado 22 a partir de la una de la tarde en el gimnasio Nelson Boyle<\/p><\/div>\n<p>Sa\u00fal Varela, inicia su Liga Centro Sur La Original, el s\u00e1bado 29 en el gimnasio de costumbre de Martin Grove. Entre los nuevos equipos viene uno denominado Los Primos en adultos, lo mismo el Santana, entre otros\u2026<\/p>\n<p>Jos\u00e9 Pisco, va sacar su equipo combinado entre jugadores adultos y nuevos masters en la Liga Salvadore\u00f1a de Jos\u00e9 Turcios, en donde nunca deja de participar Atl\u00e9tico Balboa de Doroteo S\u00e1nchez, Centenario de Javier Panta y Manta Sporting con su presidente Franklin Morales, quien con la colaboraci\u00f3n de varios dirigentes mantenses desean formar un equipo competitivo, y se espera que en esta nueva temporada alcancen un t\u00edtulo de campe\u00f3n\u2026<\/p>\n<p>Tenemos equipos muy destacados en torneos de adultos invernales, sin embargo no salen en verano. Sucede que varios jugadores destacan en las canchas peque\u00f1as de invierno, en cambio en canchas reglamentarias de verano, no rinden de la misma forma; sin embargo la mayor\u00eda rinden bien en ambas temporadas\u2026<\/p>\n<p>En la Liga Burocr\u00e1tica de Carlos Brizuela, nuevamente tendr\u00e1 numerosos participantes en las divisiones de adultos y masters o maestros, que se juega mayormente los viernes en la nochecita all\u00e1 en la cancha de St. Basil, ideal para jugar el f\u00fatbol invernal\u2026<\/p>\n<div id=\"attachment_15248\" style=\"width: 310px\" class=\"wp-caption alignright\"><a href=\"https:\/\/diarioelpopular.com\/wp-content\/uploads\/2011\/10\/FOTO-3-NOTAS2.jpg\"><img loading=\"lazy\" decoding=\"async\" aria-describedby=\"caption-attachment-15248\" class=\"size-medium wp-image-15248\" title=\"Javier Dom\u00ednguez\" src=\"https:\/\/diarioelpopular.com\/wp-content\/uploads\/2011\/10\/FOTO-3-NOTAS2-300x199.jpg\" alt=\"\" width=\"300\" height=\"199\" \/><\/a><p id=\"caption-attachment-15248\" class=\"wp-caption-text\">Javier Dom\u00ednguez, jugador y dirigente de los Azteca Maya y The Mexicans, sigue cumpliendo buenas campa\u00f1as en torneos veraniegos e invernales<\/p><\/div>\n<p>Los jugadores campeones del Deportivo Cuenca, contaron con una bus casa en sus recientes partidos de la Liga Hispana, y eso ayud\u00f3 a lograr el t\u00edtulo. Al parecer Marco Toral, nunca deja colaborar con su equipo cuencano, al igual que hace 33 a\u00f1os\u2026<\/p>\n<p>Don Humberto Serrano, presidente del Pichincha, solo espera el llamado de Rodrigo Ponce, para ir a jugar en el torneo invernal de la Liga Hispanoamericana que tendr\u00e1 su gimnasio por el norte de la ciudad\u2026<\/p>\n<p>El entrenador portugu\u00e9s Jos\u00e9 Mouri\u00f1o del Real Madrid ha vuelto a comparece en rueda de prensa. El primer mensaje que ha lanzado el t\u00e9cnico luso ha sido que &#8220;empezamos otra Liga de Campeones y vamos a ver si conseguimos hacerlo mejor que el a\u00f1o pasado&#8221;. Al ser preguntado por el tema de actualidad en Madrid; los titulares y suplentes, el mister madridista ha se\u00f1alado que &#8220;Di Mar\u00eda y Benzema lo entienden cuando lo hacen bien pero luego no son titulares. Si leyeran los peri\u00f3dicos no lo entender\u00edan y les entrar\u00eda p\u00e1nico. Si leyeran demasiados peri\u00f3dicos, estar\u00edan muy influenciados. Vosotros quer\u00e9is vender y es normal. Pero si piensan en los objetivos del grupo, lo entienden o, como m\u00ednimo, lo aceptan. Aunque es normal que todos quieran ser titulares y jugar&#8221;. Acto seguido, y en la misma l\u00ednea ha lanzado un dardo envenenado hacia un medio de comunicaci\u00f3n de la capital espa\u00f1ola, al que se ha referido, sin nombrarlo, diciendo que &#8220;hace 15 d\u00edas Higua\u00edn era malo y se preguntaba por qu\u00e9 no fichamos a Aguero, y hoy todo es distinto&#8221;\u2026<\/p>\n<div id=\"attachment_15250\" style=\"width: 310px\" class=\"wp-caption alignleft\"><a href=\"https:\/\/diarioelpopular.com\/wp-content\/uploads\/2011\/10\/FOTO-4-NOTAS2.jpg\"><img loading=\"lazy\" decoding=\"async\" aria-describedby=\"caption-attachment-15250\" class=\"size-medium wp-image-15250\" title=\"Equipo fundador del Atl\u00e9tico Ecuador\" src=\"https:\/\/diarioelpopular.com\/wp-content\/uploads\/2011\/10\/FOTO-4-NOTAS2-300x168.jpg\" alt=\"\" width=\"300\" height=\"168\" \/><\/a><p id=\"caption-attachment-15250\" class=\"wp-caption-text\">Una foto del recuerdo equipo fundador del Atl\u00e9tico Ecuador en los primeros a\u00f1os del 80 en su debut en el torneo de la Liga LEFA en la cancha de St. Clair y Caledonia; notamos a Alex \u201cMaradona\u201d Moya, Remigio V\u00e1squez, Marco Bonifaz, Pablo Due\u00f1as, que sigue en actividad; E. Bonifaz, y Carlitos Martillo acompa\u00f1ado de su entrenador Justo Guerrero en la fila de pie, con sus reinas y peque\u00f1os hinchas. En la parte de abajo: Vicente Argudo, Fernando C\u00f3rdova, \u201cni\u00f1o de ca\u00f1ar\u201d, el goleador Jorge Trivi\u00f1o, Hastings, Jos\u00e9 Luis Due\u00f1as, Fernando Pesantes y el golero Julio Due\u00f1as: \u00a1que tiempos aquellos!<\/p><\/div>\n<p>Alexis S\u00e1nchez va cumpliendo su recuperaci\u00f3n dentro de los plazos presupuestados. El delantero del FC Barcelona sigue trabajando al margen de sus compa\u00f1eros y sin tocar bal\u00f3n, al igual como lo realiz\u00f3 durante su estad\u00eda en la selecci\u00f3n chilena. Seg\u00fan el diario Sport de Catalunya, el chileno &#8220;sigue evolucionando favorablemente y ha continuado con su particular puesta a punto trabajando en el c\u00e9sped de la Ciutat Esportiva Joan Gamper al margen de sus compa\u00f1eros\u201d. La semana pasada se habl\u00f3 que Barcelona pretende que el chileno no vuelva a las canchas hasta despu\u00e9s de la doble fecha clasificatoria, en la cual Chile chocar\u00e1 ante Uruguay y Paraguay. Sin embargo, a\u00fan no se ha tomado una decisi\u00f3n definitiva sobre el particular y todo depender\u00e1 de la evoluci\u00f3n del jugador chileno\u2026<\/p>\n<p>El delantero de Boca Juniors Lucas Viatri sufri\u00f3 la rotura del ligamento cruzado anterior de la rodilla izquierda y deber\u00e1 soportar un minimo de seis meses de inactividad. La gravedad de la lesi\u00f3n del artillero result\u00f3 previsible desde el primer instante, pero fue confirmada tras los estudios que le practicaron durante la noche en el Sanatorio Rossi. Viatri se lesion\u00f3 solo, al pisar mal, sobre el final del primer tiempo del partido ante Belgrano en La Bombonera y ya desde el comienzo de la segunda etapa fue reemplazado por Nicol\u00e1s Blandi. El joven 9 auriazul esper\u00f3 mucho tiempo la oportunidad de ser titular, ya que hasta el Clausura \u00faltimo todav\u00eda se manten\u00eda en actividad el legendario Martin Palermo. Todo marchaba de un modo casi ideal para Viatri esta temporada, porque su equipo es c\u00f3modo l\u00edder del torneo Apertura, pero por este problema f\u00edsico una vez m\u00e1s deber\u00e1 apelar a la paciencia. Otro futbolista xeneize que termin\u00f3 su faena antes de tiempo frente a los cordobeses fue el capit\u00e1n Juan Rom\u00e1n Riquelme, quien a los 9 minutos de la segunda parte fue relevado por Leandro Graci\u00e1n, como consecuencia de un dolor en el tal\u00f3n de Aquiles izquierdo, que no es nuevo\u2026<\/p>\n<div id=\"attachment_15252\" style=\"width: 310px\" class=\"wp-caption alignright\"><a href=\"https:\/\/diarioelpopular.com\/wp-content\/uploads\/2011\/10\/FOTO-5-NOTAS2.jpg\"><img loading=\"lazy\" decoding=\"async\" aria-describedby=\"caption-attachment-15252\" class=\"size-medium wp-image-15252\" title=\"Equipo veteranos Eloy Alfaro\" src=\"https:\/\/diarioelpopular.com\/wp-content\/uploads\/2011\/10\/FOTO-5-NOTAS2-300x199.jpg\" alt=\"\" width=\"300\" height=\"199\" \/><\/a><p id=\"caption-attachment-15252\" class=\"wp-caption-text\">Jugadores del equipo veteranos Eloy Alfaro, llevan ganando varios t\u00edtulos seguidos en la Centro Sur de Sa\u00fal Varela, que comienza su nueva temporada invernal el s\u00e1bado 29 de este mes con partidos de juveniles, adultos, veteranos y masters. Eloy Alfaro, quiz\u00e1s es el mejor equipo invernal de veteranos en el futbol latino de Toronto<\/p><\/div>\n<p>El entrenador del Manchester City, Roberto Mancini, afirm\u00f3 que no sabe si el delantero argentino Carlos T\u00e9vez volver\u00e1 a jugar con su equipo, a pesar de que hace dos semanas asegur\u00f3 que &#8220;nunca&#8221; volver\u00eda a hacerlo &#8220;No lo s\u00e9&#8221;, respondi\u00f3 Mancini, antes de sugerir que el City cuenta con suficientes delanteros entre los que elegir esta temporada. &#8220;Tenemos tres goleadores en estos momentos&#8221;, se\u00f1al\u00f3 el t\u00e9cnico italiano, que previsiblemente ma\u00f1ana dar\u00e1 descanso al tambi\u00e9n argentino Sergio &#8220;Kun&#8221; Ag\u00fcero, con molestias en el abductor, pensando en el partido de Liga de Campeones contra el Villarreal de la pr\u00f3xima semana. El club comunicar\u00e1 la sanci\u00f3n al jugador, que ha mantenido desde el primer momento que la situaci\u00f3n creada se debi\u00f3 a un &#8220;malentendido&#8221; y que previsiblemente recurrir\u00e1 la decisi\u00f3n ante la &#8216;Premier League&#8217;, lo que podr\u00eda alargar el caso hasta el mes de diciembre\u2026<\/p>\n<p>El ex futbolista ingl\u00e9s Paul Gascoigne, quien libra desde hace muchos a\u00f1os una fuerte lucha contra su adicci\u00f3n al alcohol, confes\u00f3 en el programa \u201cThis Morning\u201d que antes de los partidos aspiraba coca\u00edna. \u201cAntes de los partidos llegaba a beberme nueve copas de brandy y despu\u00e9s aspiraba coca\u00edna para contrarrestar los efectos del alcohol\u201d, dijo en declaraciones que son reproducidas por el diario espa\u00f1ol \u201cAs\u201d. Gascoigne, quien lleg\u00f3 a beber cuatro botellas de whisky diarias durante tres meses, no ha escondido nunca sus problemas con la bebida. \u201cSoy un alcoh\u00f3lico. No es una mala palabra. Lo soy y tengo que seguir adelante con esta enfermedad. El alcohol se apoder\u00f3 de mi vida\u201d, confes\u00f3. El ex internacional indico tambi\u00e9n que ahora intenta rehabilitarse jugando golf y que mira el futuro con optimismo. \u201cAhora todo est\u00e1 cambiando para mejor. Lo principal es disfrutar de la vida y tengo una sonrisa en la cara\u201d, sostuvo\u2026<\/p>\n<div id=\"attachment_15254\" style=\"width: 310px\" class=\"wp-caption alignleft\"><a href=\"https:\/\/diarioelpopular.com\/wp-content\/uploads\/2011\/10\/FOTO-6-NOTAS2.jpg\"><img loading=\"lazy\" decoding=\"async\" aria-describedby=\"caption-attachment-15254\" class=\"size-medium wp-image-15254\" title=\"Humberto Serrano\" src=\"https:\/\/diarioelpopular.com\/wp-content\/uploads\/2011\/10\/FOTO-6-NOTAS2-300x196.jpg\" alt=\"\" width=\"300\" height=\"196\" \/><\/a><p id=\"caption-attachment-15254\" class=\"wp-caption-text\">Don Humberto Serrano (der a izq), presidente del Pichincha, con su entrenador Alejandro \u201cMenotti\u201d y los jugadores Jos\u00e9 Pisco, Carlos Tituana y Carlos Benavides, con mucho frio en la reciente final de la hispana<\/p><\/div>\n<p>Toronto FC, concluye su temporada en la MLS, este s\u00e1bado 22 a partir de las 12 y 30 del mediod\u00eda jugando ante New England Revoluction, el colero del grupo A de la MSL, en un partido a jugarse en el BMO. En su reciente partido, Toronto FC empat\u00f3 a un gol ante Filadelfia Union con su golero colombiano Faryd Mondrag\u00f3n, que todav\u00eda no quiere retirarse a pesar que a lo mejor ya lleg\u00f3 a sus 40 primaveras, no hace mucho se retir\u00f3 su paisano y tambi\u00e9n golero Calero en el Pachuca de M\u00e9xico. En realidad este juego fue de tr\u00e1mite porque lo cierto es que hace rato que los rojillos, est\u00e1n eliminados del torneo de la MLS. En cambio Filadelfia Union, avanz\u00f3 a los \u201cplay offs\u201d a pesar de tener solamente dos a\u00f1os en la MLS. La buena noticia es el comienzo de la construcci\u00f3n del complejo deportivo del Toronto FC en terrenos del Hungar, con varias canchas de invierno y verano. Se trata de implantar una escuela futbol\u00edstica al estilo holand\u00e9s; aunque el entrenador Aron Martin, ha tenido una irregular temporada en su debut en el banco del Toronto FC, pero al parecer los directivos del equipo le van otorgar una nueva oportunidad. Y esta bien porque eso de cambiar a cada rato entrenador no le hace bien a ning\u00fan equipo. En cambio, Mr. Martin, si cambia a jugadores en pleno torneo, lo que habla de su inexperiencia como DT; su principal error fue dejar ir a Wayne de Rosario en las primeras semanas de junio, y hasta ahora no apareci\u00f3 otro delantero goleador como \u00e9l. A lo mejor en el partido de despedida, reaparece el juvenil ecuatoriano Joao Plata, uno de los mejores jugadores del Toronto FC en la temporada 2011 que nuevamente fue para olvido. Es que no se puede hacer un buen equipo, si es que no se saca la chequera y se contrata figuras de nivel mundial\u2026<\/p>\n<div id=\"attachment_15256\" style=\"width: 310px\" class=\"wp-caption alignright\"><a href=\"https:\/\/diarioelpopular.com\/wp-content\/uploads\/2011\/10\/FOTO-7-NOTAS2.jpg\"><img loading=\"lazy\" decoding=\"async\" aria-describedby=\"caption-attachment-15256\" class=\"size-medium wp-image-15256 \" title=\"Ambato es Internacional y Barcelona\" src=\"https:\/\/diarioelpopular.com\/wp-content\/uploads\/2011\/10\/FOTO-7-NOTAS2-300x136.jpg\" alt=\"\" width=\"300\" height=\"136\" \/><\/a><p id=\"caption-attachment-15256\" class=\"wp-caption-text\">Jugadores de los equipos masters del Ambato es Internacional y Barcelona en la fiesta deportiva de la despedida de Alex \u201cMaradona\u201d Moya, semanas atr\u00e1s<\/p><\/div>\n<p>Los dos hondure\u00f1os que juegan en la MLS se han clasificado con sus clubes a los \u201cplay offs\u201d. Destaca el de Marvin Ch\u00e1vez, quien ayud\u00f3 con dicha diana para que el FC Dallas venciera 2-0 al Vancouver Whitecaps de Canad\u00e1 en casa. Por su parte, Roger Espinoza estuvo 55 minutos en el triunfo del Sporting Kansas City 2-0 sobre el Red Bulls. De hecho, el Samur\u00e1i en una jugada propici\u00f3 que el \u00e1rbitro expulsara al delantero franc\u00e9s de los Toros, Tierry Henry\u2026<\/p>\n<p>El arquero de Seattle Sounders FC Kasey Keller fue escogido como el Jugador de la Semana de Major League Soccer de la jornada 31 por el North American Soccer Reporters (NASR) por sus siete atajadas y liderar a su equipo a una victoria de 2-1 sobre San Jose Earthquakes, en presencia de 64,140 aficionados en el CenturyLink Field en Seattle. El nativo de Olympia, Washington, particip\u00f3 en su \u00faltimo partido por la temporada regular en Seattle y la asistencia fue el tercer n\u00famero m\u00e1s grande de aficionados en la historia de la MLS que se hizo presente para honrar su gran carrera. El h\u00e9roe local no decepcion\u00f3 realizando una serie de atajadas para mantener a Seattle en el partido. Keller fue el segundo jugador en unirse a Seattle Sounders FC en el 2009 despu\u00e9s de que el equipo ingresara a la MLS como un equipo de expansi\u00f3n. En tres temporadas Keller fue titular en 92 ocasiones para el club y ha jugado todos los minutos de todos los partidos esta temporada para Seattle, dejando su arco en cero en nueve ocasiones. Keller es el quinto jugador de Seattle en ser galardonado como el Jugador de la Semana esta temporada. Kasey Keller, con m\u00e1s de 35 a\u00f1os, cuenta con una trayectoria siendo uno de los mejores goleros de la selecci\u00f3n de Estados Unidos, en el despegue de hace unos 15 a\u00f1os del soccer norteamericano, inclusive participo en varios mundiales con el equipo de barras y las estrellas\u2026<\/p>\n<div id=\"attachment_15258\" style=\"width: 310px\" class=\"wp-caption alignleft\"><a href=\"https:\/\/diarioelpopular.com\/wp-content\/uploads\/2011\/10\/FOTO-8-NOTAS2.jpg\"><img loading=\"lazy\" decoding=\"async\" aria-describedby=\"caption-attachment-15258\" class=\"size-medium wp-image-15258\" title=\"Carlos Brizuela\" src=\"https:\/\/diarioelpopular.com\/wp-content\/uploads\/2011\/10\/FOTO-8-NOTAS2-300x268.jpg\" alt=\"\" width=\"300\" height=\"268\" \/><\/a><p id=\"caption-attachment-15258\" class=\"wp-caption-text\">Carlos Brizuela, presidente de la Liga Burocr\u00e1tica con Jimmy Suarez, uno de los r\u00e9feris preferidos de esta liga con numerosos equipos en sus temporadas de verano e invierno<\/p><\/div>\n<p>Fernando Klaus Dominguez, miembro del comando t\u00e9cnico del Pachuca de Toronto, nos informaba que varios juveniles de este equipo viajaron a Pachuca, M\u00e9xico hacer una prueba en las confortables instalaciones de este club profesional mexicano que son ejemplos a nivel internacional\u2026.<\/p>\n<p>Wilfrido Galora, del Ambato es Internacional, alcanz\u00f3 otro t\u00edtulo en un torneo masters, al ganarle al Barcelona de Giovanni Escobar, semanas atr\u00e1s. Don Galorita, ahora se prepara con sus jugadores para competir en dos torneos invernales en la divisi\u00f3n masters, en donde espera contar con los hermanos Boada, de buen rendimiento en la pasada temporada de indoor soccer\u2026<\/p>\n<p>\u201cCarlos \u201cpana\u201d Ortiz, es de los pocos o quiz\u00e1s el \u00fanico entrenador que ha logrado sacar un equipo en este caso el Esmeralda Sporting, campe\u00f3n invicto ganando todos sus partidos tanto en torneos de verano e invierno\u201d, comentaba Jorge Andrade\u2026<\/p>\n<p>Hasta la pr\u00f3xima\u2026<\/p>\n","protected":false},"excerpt":{"rendered":"<p>El f\u00fatbol latino de Toronto no para nunca, ni bien terminaban el torneo veraniego de la liga hispana, ya comenzaba la pre temporada invernal de&hellip;<\/p>\n","protected":false},"author":1,"featured_media":15262,"comment_status":"closed","ping_status":"open","sticky":false,"template":"","format":"standard","meta":{"footnotes":""},"categories":[28],"tags":[657],"class_list":["post-15242","post","type-post","status-publish","format-standard","has-post-thumbnail","hentry","category-deportes","tag-futbol-hispano"],"_links":{"self":[{"href":"https:\/\/diarioelpopular.com\/index.php\/wp-json\/wp\/v2\/posts\/15242","targetHints":{"allow":["GET"]}}],"collection":[{"href":"https:\/\/diarioelpopular.com\/index.php\/wp-json\/wp\/v2\/posts"}],"about":[{"href":"https:\/\/diarioelpopular.com\/index.php\/wp-json\/wp\/v2\/types\/post"}],"author":[{"embeddable":true,"href":"https:\/\/diarioelpopular.com\/index.php\/wp-json\/wp\/v2\/users\/1"}],"replies":[{"embeddable":true,"href":"https:\/\/diarioelpopular.com\/index.php\/wp-json\/wp\/v2\/comments?post=15242"}],"version-history":[{"count":0,"href":"https:\/\/diarioelpopular.com\/index.php\/wp-json\/wp\/v2\/posts\/15242\/revisions"}],"wp:featuredmedia":[{"embeddable":true,"href":"https:\/\/diarioelpopular.com\/index.php\/wp-json\/"}],"wp:attachment":[{"href":"https:\/\/diarioelpopular.com\/index.php\/wp-json\/wp\/v2\/media?parent=15242"}],"wp:term":[{"taxonomy":"category","embeddable":true,"href":"https:\/\/diarioelpopular.com\/index.php\/wp-json\/wp\/v2\/categories?post=15242"},{"taxonomy":"post_tag","embeddable":true,"href":"https:\/\/diarioelpopular.com\/index.php\/wp-json\/wp\/v2\/tags?post=15242"}],"curies":[{"name":"wp","href":"https:\/\/api.w.org\/{rel}","templated":true}]}}