{"id":156788,"date":"2012-01-22T18:20:14","date_gmt":"2012-01-22T23:20:14","guid":{"rendered":"http:\/\/diarioelpopular.com\/?p=156788"},"modified":"2012-01-22T18:20:14","modified_gmt":"2012-01-22T23:20:14","slug":"las-damas-de-blanco-dedican-marcha-al-fallecido-preso-cubano-wilman-villar","status":"publish","type":"post","link":"https:\/\/diarioelpopular.com\/index.php\/2012\/01\/22\/las-damas-de-blanco-dedican-marcha-al-fallecido-preso-cubano-wilman-villar\/","title":{"rendered":"Marcha de las Damas de Blanco por el disidente fallecido"},"content":{"rendered":"<div id=\"attachment_156789\" style=\"width: 715px\" class=\"wp-caption aligncenter\"><a href=\"https:\/\/diarioelpopular.com\/wp-content\/uploads\/2012\/01\/01.cubadisidentes.jpg\"><img loading=\"lazy\" decoding=\"async\" aria-describedby=\"caption-attachment-156789\" class=\"size-full wp-image-156789\" title=\"01.cuba,disidentes\" src=\"https:\/\/diarioelpopular.com\/wp-content\/uploads\/2012\/01\/01.cubadisidentes.jpg\" alt=\"\" width=\"705\" height=\"420\" \/><\/a><p id=\"caption-attachment-156789\" class=\"wp-caption-text\">Las Damas de Blanco marchan portando retratos del opositor Wilman Villar, fallecido en una huelga de hambre el 18 de enero, este, domingo por la 5ta Avenida de La Habana<\/p><\/div>\n<p><em><strong>Efe. La Habana.-<\/strong><\/em> El grupo disidente cubano &#8220;Damas de Blanco&#8221;, que aboga por la liberaci\u00f3n de los presos pol\u00edticos y el respeto a los derechos humanos, dedic\u00f3 este domingo una marcha en La Habana a Wilman Villar, fallecido el jueves pasado tras una huelga de hambre en prisi\u00f3n, seg\u00fan la oposici\u00f3n interna de la isla.<\/p>\n<p>&#8220;Esta marcha fue en respeto y honor a Wilman Villar&#8221;, dijo Berta Soler, portavoz del colectivo femenino, y tambi\u00e9n en apoyo de los opositores reci\u00e9n liberados, Ivonne Malleza, su esposo Ignacio Mart\u00ednez e Isabel \u00c1lvarez, quienes estaban detenidos desde noviembre luego de haber realizado una protesta p\u00fablica en La Habana.<\/p>\n<p>Soler dijo que las &#8220;Damas de Blanco&#8221; y la oposici\u00f3n en\u00a0Cuba\u00a0&#8220;est\u00e1n de luto&#8221; por la muerte de Villar, quien &#8220;no debi\u00f3 morir&#8221;.<\/p>\n<p>Villar, de 31 a\u00f1os, muri\u00f3 en la tarde del jueves en un hospital de Santiago de\u00a0Cuba\u00a0tras una huelga de hambre de unos 50 d\u00edas que inici\u00f3 en prisi\u00f3n al ser condenado en noviembre pasado a cuatro a\u00f1os de c\u00e1rcel por delitos de desacato y atentado a la autoridad, seg\u00fan la Comisi\u00f3n Cubana de Derechos Humanos y Reconciliaci\u00f3n Nacional (CCDHRN).<\/p>\n<p>Soler acus\u00f3 al Gobierno cubano de &#8220;un asesinato m\u00e1s en la cuenta, porque este hombre (Villar) solo estaba pidiendo que le revisaran su causa&#8221;.<\/p>\n<p>&#8220;Pero el Gobierno no lo escuch\u00f3, lo dej\u00f3 morir al igual que a Orlando Zapata (fallecido en febrero de 2010 tras una larga huelga de hambre en la c\u00e1rcel) y (el opositor Juan Wilfredo) Soto&#8221;, sostuvo Soler.<\/p>\n<p>El Gobierno cubano defini\u00f3 a Villar en una nota oficial como un &#8220;recluso com\u00fan&#8221;, neg\u00f3 ese ayuno y que fuera un &#8220;disidente&#8221;, y confirm\u00f3 que muri\u00f3 por una &#8220;sepsis generalizada&#8221; y neumon\u00eda.<\/p>\n<p>Seg\u00fan la disidencia, Villar, quien fue enterrado el viernes en la localidad de Contramaestre, era un opositor &#8220;activo&#8221; desde el pasado mes de septiembre, cuando se sum\u00f3 a la ilegal Uni\u00f3n Patri\u00f3tica de\u00a0Cuba, que lidera Jos\u00e9 Daniel Ferrer, expreso pol\u00edtico del &#8220;Grupo de los 75&#8221;.<\/p>\n<p>Estaba encarcelado desde noviembre pasado en la prisi\u00f3n de Aguadores, en la provincia oriental de Santiago de\u00a0Cuba, donde inici\u00f3 una huelga de hambre en protesta por su condena, de acuerdo con la oposici\u00f3n interna.<\/p>\n<p>Casi 50 integrantes de las &#8220;Damas de Blanco&#8221; desfilaron este domingo sin que se produjera ning\u00fan incidente, despu\u00e9s de asistir a una misa en la iglesia habanera de Santa Rita, a la que acuden habitualmente desde 2003.<\/p>\n<p>Los opositores Ivonne Malleza, su esposo Ignacio Mart\u00ednez e Isabel \u00c1lvarez, reci\u00e9n liberados, participaron en el acto de las &#8220;Damas de Blanco&#8221; y, tras el desfile, agradecieron el &#8220;apoyo&#8221; que recibieron dentro y fuera de la isla para su excarcelaci\u00f3n y afirmaron que van a continuar sus actividades contestatarias.<\/p>\n<p>Las &#8220;Damas de Blanco&#8221; tambi\u00e9n denunciaron el arresto de miembros de ese movimiento y dijeron que un grupo de sus integrantes estuvieron tambi\u00e9n en una misa en la catedral de la ciudad oriental de Santiago de\u00a0Cuba.<\/p>\n","protected":false},"excerpt":{"rendered":"<p>El grupo disidente cubano &#8220;Damas de Blanco&#8221;, que aboga por la liberaci\u00f3n de los presos pol\u00edticos y el respeto a los derechos humanos, dedic\u00f3 este domingo una marcha en La Habana a Wilman Villar, fallecido el jueves pasado tras una huelga de hambre en prisi\u00f3n, seg\u00fan la oposici\u00f3n interna de la isla.<\/p>\n","protected":false},"author":1,"featured_media":156789,"comment_status":"closed","ping_status":"open","sticky":false,"template":"","format":"standard","meta":{"footnotes":""},"categories":[23],"tags":[60,1170,1171,1172],"class_list":["post-156788","post","type-post","status-publish","format-standard","has-post-thumbnail","hentry","category-latinoamerica","tag-cuba","tag-damas-de-blanco","tag-disidentes","tag-marcha"],"_links":{"self":[{"href":"https:\/\/diarioelpopular.com\/index.php\/wp-json\/wp\/v2\/posts\/156788","targetHints":{"allow":["GET"]}}],"collection":[{"href":"https:\/\/diarioelpopular.com\/index.php\/wp-json\/wp\/v2\/posts"}],"about":[{"href":"https:\/\/diarioelpopular.com\/index.php\/wp-json\/wp\/v2\/types\/post"}],"author":[{"embeddable":true,"href":"https:\/\/diarioelpopular.com\/index.php\/wp-json\/wp\/v2\/users\/1"}],"replies":[{"embeddable":true,"href":"https:\/\/diarioelpopular.com\/index.php\/wp-json\/wp\/v2\/comments?post=156788"}],"version-history":[{"count":0,"href":"https:\/\/diarioelpopular.com\/index.php\/wp-json\/wp\/v2\/posts\/156788\/revisions"}],"wp:featuredmedia":[{"embeddable":true,"href":"https:\/\/diarioelpopular.com\/index.php\/wp-json\/"}],"wp:attachment":[{"href":"https:\/\/diarioelpopular.com\/index.php\/wp-json\/wp\/v2\/media?parent=156788"}],"wp:term":[{"taxonomy":"category","embeddable":true,"href":"https:\/\/diarioelpopular.com\/index.php\/wp-json\/wp\/v2\/categories?post=156788"},{"taxonomy":"post_tag","embeddable":true,"href":"https:\/\/diarioelpopular.com\/index.php\/wp-json\/wp\/v2\/tags?post=156788"}],"curies":[{"name":"wp","href":"https:\/\/api.w.org\/{rel}","templated":true}]}}